{"id":23801,"date":"2021-04-07T17:34:19","date_gmt":"2021-04-07T15:34:19","guid":{"rendered":"https:\/\/www.tourdepologne.pl\/?p=23801"},"modified":"2021-04-07T17:35:48","modified_gmt":"2021-04-07T15:35:48","slug":"the-polish-national-team-gets-its-wild-card-for-the-tour-de-pologne-uci-world-tour","status":"publish","type":"post","link":"https:\/\/www.tourdepologne.pl\/en\/2021\/04\/the-polish-national-team-gets-its-wild-card-for-the-tour-de-pologne-uci-world-tour\/","title":{"rendered":"The Polish National Team gets its wild card for the Tour de Pologne UCI World Tour"},"content":{"rendered":"<p>The Polish National Team was granted a wild card and will be the third non UCI World Tour Team to start at the <em>78<\/em><em><sup>th<\/sup><\/em> Tour de Pologne UCI World Tour.<\/p>\n<p><em>&#8211; The Polish National team has been participating in the Tour de Pologne for years, and the riders wearing the white and red jerseys give their all every time. It is a great opportunity for them to show their talent and fight with the best cyclists in the world. A year ago, Patryk Stosz was the leader of the climbing classification, Maciej Paterski won the most active rider ranking, while Kamil Ma\u0142ecki showed a great attitude on the Bukowina Tatrza\u0144ska stage. The Polish riders play a very strong role at the Tour de Pologne, and I am convinced that we will see the Polish National team\u2019s great attitude again this year as they\u2019ll be for sure fighting for the best results<\/em> &#8211; said Czes\u0142aw Lang, General Director of Tour de Pologne.<\/p>\n<p>&#8211; <em>I am very happy that the Polish National Team will participate in the Tour de Pologne. The opportunity to compete in our National race is an honor for us and we will do everything possible to get to the start in the best condition<\/em> \u2013 said Krzysztof Golwiej, President of the Polish Cycling Federation<\/p>\n<p>&#8211; <em>The Tour de Pologne has always been a key event in the calendar of the Polish National Team. Racing in a white and red jersey with the eagle emblem on the chest is a great honor for every Polish cyclist, so is the possibility to run this team for a sports director. We do not know the exact route of this year&#8217;s Tour de Pologne yet, so it is difficult to talk about specific goals or competitors. However, I am thinking of Stanis\u0142aw Anio\u0142kowski or Kamil Gradek, who are competing in top level races. Anio\u0142kowski showed that he has the right experience and can fight for high positions with the best in the world<\/em>, &#8211; said Piotr Wadecki, the coach of the Polish National Team.<\/p>\n<p>The <em>78<\/em><em><sup>th<\/sup><\/em> Tour de Pologne UCI World Tour will be held on August 9-15 with the participation of\u00a0 19 UCI World Teams and three wild cards\u2019 teams \u2013 Gazprom-RusVelo, Alpecin-Fenix, \u200b\u200band the Polish National Team.<\/p>\n","protected":false},"excerpt":{"rendered":"<p>The Polish National Team was granted a wild card and will be the third non UCI World Tour Team to &hellip; <\/p>\n","protected":false},"author":6,"featured_media":23799,"comment_status":"closed","ping_status":"closed","sticky":false,"template":"","format":"standard","meta":{"_acf_changed":false,"footnotes":""},"categories":[95],"tags":[],"class_list":["post-23801","post","type-post","status-publish","format-standard","has-post-thumbnail","hentry","category-news-en"],"acf":[],"yoast_head":"<!-- This site is optimized with the Yoast SEO plugin v27.2 - https:\/\/yoast.com\/product\/yoast-seo-wordpress\/ -->\n<title>The Polish National Team gets its wild card for the Tour de Pologne UCI World Tour - Tour de Pologne<\/title>\n<meta name=\"robots\" content=\"index, follow, max-snippet:-1, max-image-preview:large, max-video-preview:-1\" \/>\n<link rel=\"canonical\" href=\"https:\/\/www.tourdepologne.pl\/en\/2021\/04\/the-polish-national-team-gets-its-wild-card-for-the-tour-de-pologne-uci-world-tour\/\" \/>\n<meta property=\"og:locale\" content=\"en_US\" \/>\n<meta property=\"og:type\" content=\"article\" \/>\n<meta property=\"og:title\" content=\"The Polish National Team gets its wild card for the Tour de Pologne UCI World Tour - Tour de Pologne\" \/>\n<meta property=\"og:description\" content=\"The Polish National Team was granted a wild card and will be the third non UCI World Tour Team to &hellip;\" \/>\n<meta property=\"og:url\" content=\"https:\/\/www.tourdepologne.pl\/en\/2021\/04\/the-polish-national-team-gets-its-wild-card-for-the-tour-de-pologne-uci-world-tour\/\" \/>\n<meta property=\"og:site_name\" content=\"Tour de Pologne\" \/>\n<meta property=\"article:publisher\" content=\"https:\/\/www.facebook.com\/tourdepologne\" \/>\n<meta property=\"article:published_time\" content=\"2021-04-07T15:34:19+00:00\" \/>\n<meta property=\"article:modified_time\" content=\"2021-04-07T15:35:48+00:00\" \/>\n<meta property=\"og:image\" content=\"https:\/\/www.tourdepologne.pl\/wp-content\/uploads\/2021\/04\/Tour-de-Pologne-2020-Etap-5-26.jpg\" \/>\n\t<meta property=\"og:image:width\" content=\"1024\" \/>\n\t<meta property=\"og:image:height\" content=\"682\" \/>\n\t<meta property=\"og:image:type\" content=\"image\/jpeg\" \/>\n<meta name=\"author\" content=\"Press\" \/>\n<meta name=\"twitter:card\" content=\"summary_large_image\" \/>\n<meta name=\"twitter:creator\" content=\"@tour_de_pologne\" \/>\n<meta name=\"twitter:site\" content=\"@tour_de_pologne\" \/>\n<meta name=\"twitter:label1\" content=\"Written by\" \/>\n\t<meta name=\"twitter:data1\" content=\"Press\" \/>\n\t<meta name=\"twitter:label2\" content=\"Est. reading time\" \/>\n\t<meta name=\"twitter:data2\" content=\"2 minutes\" \/>\n<script type=\"application\/ld+json\" class=\"yoast-schema-graph\">{\"@context\":\"https:\/\/schema.org\",\"@graph\":[{\"@type\":\"Article\",\"@id\":\"https:\/\/www.tourdepologne.pl\/en\/2021\/04\/the-polish-national-team-gets-its-wild-card-for-the-tour-de-pologne-uci-world-tour\/#article\",\"isPartOf\":{\"@id\":\"https:\/\/www.tourdepologne.pl\/en\/2021\/04\/the-polish-national-team-gets-its-wild-card-for-the-tour-de-pologne-uci-world-tour\/\"},\"author\":{\"name\":\"Press\",\"@id\":\"https:\/\/www.tourdepologne.pl\/#\/schema\/person\/f4fe67774ed888efd15b2ce6e2c8ba8e\"},\"headline\":\"The Polish National Team gets its wild card for the Tour de Pologne UCI World Tour\",\"datePublished\":\"2021-04-07T15:34:19+00:00\",\"dateModified\":\"2021-04-07T15:35:48+00:00\",\"mainEntityOfPage\":{\"@id\":\"https:\/\/www.tourdepologne.pl\/en\/2021\/04\/the-polish-national-team-gets-its-wild-card-for-the-tour-de-pologne-uci-world-tour\/\"},\"wordCount\":399,\"publisher\":{\"@id\":\"https:\/\/www.tourdepologne.pl\/#organization\"},\"image\":{\"@id\":\"https:\/\/www.tourdepologne.pl\/en\/2021\/04\/the-polish-national-team-gets-its-wild-card-for-the-tour-de-pologne-uci-world-tour\/#primaryimage\"},\"thumbnailUrl\":\"https:\/\/www.tourdepologne.pl\/wp-content\/uploads\/2021\/04\/Tour-de-Pologne-2020-Etap-5-26.jpg\",\"articleSection\":[\"News en\"],\"inLanguage\":\"en-US\"},{\"@type\":\"WebPage\",\"@id\":\"https:\/\/www.tourdepologne.pl\/en\/2021\/04\/the-polish-national-team-gets-its-wild-card-for-the-tour-de-pologne-uci-world-tour\/\",\"url\":\"https:\/\/www.tourdepologne.pl\/en\/2021\/04\/the-polish-national-team-gets-its-wild-card-for-the-tour-de-pologne-uci-world-tour\/\",\"name\":\"The Polish National Team gets its wild card for the Tour de Pologne UCI World Tour - Tour de Pologne\",\"isPartOf\":{\"@id\":\"https:\/\/www.tourdepologne.pl\/#website\"},\"primaryImageOfPage\":{\"@id\":\"https:\/\/www.tourdepologne.pl\/en\/2021\/04\/the-polish-national-team-gets-its-wild-card-for-the-tour-de-pologne-uci-world-tour\/#primaryimage\"},\"image\":{\"@id\":\"https:\/\/www.tourdepologne.pl\/en\/2021\/04\/the-polish-national-team-gets-its-wild-card-for-the-tour-de-pologne-uci-world-tour\/#primaryimage\"},\"thumbnailUrl\":\"https:\/\/www.tourdepologne.pl\/wp-content\/uploads\/2021\/04\/Tour-de-Pologne-2020-Etap-5-26.jpg\",\"datePublished\":\"2021-04-07T15:34:19+00:00\",\"dateModified\":\"2021-04-07T15:35:48+00:00\",\"breadcrumb\":{\"@id\":\"https:\/\/www.tourdepologne.pl\/en\/2021\/04\/the-polish-national-team-gets-its-wild-card-for-the-tour-de-pologne-uci-world-tour\/#breadcrumb\"},\"inLanguage\":\"en-US\",\"potentialAction\":[{\"@type\":\"ReadAction\",\"target\":[\"https:\/\/www.tourdepologne.pl\/en\/2021\/04\/the-polish-national-team-gets-its-wild-card-for-the-tour-de-pologne-uci-world-tour\/\"]}]},{\"@type\":\"ImageObject\",\"inLanguage\":\"en-US\",\"@id\":\"https:\/\/www.tourdepologne.pl\/en\/2021\/04\/the-polish-national-team-gets-its-wild-card-for-the-tour-de-pologne-uci-world-tour\/#primaryimage\",\"url\":\"https:\/\/www.tourdepologne.pl\/wp-content\/uploads\/2021\/04\/Tour-de-Pologne-2020-Etap-5-26.jpg\",\"contentUrl\":\"https:\/\/www.tourdepologne.pl\/wp-content\/uploads\/2021\/04\/Tour-de-Pologne-2020-Etap-5-26.jpg\",\"width\":1024,\"height\":682,\"caption\":\"77.Tour de Pologne, 05-09.08.2020, fot.Szymon Gruchalski\"},{\"@type\":\"BreadcrumbList\",\"@id\":\"https:\/\/www.tourdepologne.pl\/en\/2021\/04\/the-polish-national-team-gets-its-wild-card-for-the-tour-de-pologne-uci-world-tour\/#breadcrumb\",\"itemListElement\":[{\"@type\":\"ListItem\",\"position\":1,\"name\":\"Strona g\u0142\u00f3wna\",\"item\":\"https:\/\/www.tourdepologne.pl\/en\/\"},{\"@type\":\"ListItem\",\"position\":2,\"name\":\"The Polish National Team gets its wild card for the Tour de Pologne UCI World Tour\"}]},{\"@type\":\"WebSite\",\"@id\":\"https:\/\/www.tourdepologne.pl\/#website\",\"url\":\"https:\/\/www.tourdepologne.pl\/\",\"name\":\"Tour de Pologne\",\"description\":\"\",\"publisher\":{\"@id\":\"https:\/\/www.tourdepologne.pl\/#organization\"},\"potentialAction\":[{\"@type\":\"SearchAction\",\"target\":{\"@type\":\"EntryPoint\",\"urlTemplate\":\"https:\/\/www.tourdepologne.pl\/?s={search_term_string}\"},\"query-input\":{\"@type\":\"PropertyValueSpecification\",\"valueRequired\":true,\"valueName\":\"search_term_string\"}}],\"inLanguage\":\"en-US\"},{\"@type\":\"Organization\",\"@id\":\"https:\/\/www.tourdepologne.pl\/#organization\",\"name\":\"Wy\u015bcig kolarski Tour de Pologne\",\"url\":\"https:\/\/www.tourdepologne.pl\/\",\"logo\":{\"@type\":\"ImageObject\",\"inLanguage\":\"en-US\",\"@id\":\"https:\/\/www.tourdepologne.pl\/#\/schema\/logo\/image\/\",\"url\":\"https:\/\/www.tourdepologne.pl\/wp-content\/uploads\/2019\/06\/logo-tdp.png\",\"contentUrl\":\"https:\/\/www.tourdepologne.pl\/wp-content\/uploads\/2019\/06\/logo-tdp.png\",\"width\":450,\"height\":52,\"caption\":\"Wy\u015bcig kolarski Tour de Pologne\"},\"image\":{\"@id\":\"https:\/\/www.tourdepologne.pl\/#\/schema\/logo\/image\/\"},\"sameAs\":[\"https:\/\/www.facebook.com\/tourdepologne\",\"https:\/\/x.com\/tour_de_pologne\",\"https:\/\/www.instagram.com\/tourdepologne\/\",\"https:\/\/www.youtube.com\/@TourdePologne2011\"]},{\"@type\":\"Person\",\"@id\":\"https:\/\/www.tourdepologne.pl\/#\/schema\/person\/f4fe67774ed888efd15b2ce6e2c8ba8e\",\"name\":\"Press\",\"image\":{\"@type\":\"ImageObject\",\"inLanguage\":\"en-US\",\"@id\":\"https:\/\/secure.gravatar.com\/avatar\/df62f2f515b6857a7626e7d733ea81e452163a8e46d8c1787c083c5dd0ee42df?s=96&d=mm&r=g\",\"url\":\"https:\/\/secure.gravatar.com\/avatar\/df62f2f515b6857a7626e7d733ea81e452163a8e46d8c1787c083c5dd0ee42df?s=96&d=mm&r=g\",\"contentUrl\":\"https:\/\/secure.gravatar.com\/avatar\/df62f2f515b6857a7626e7d733ea81e452163a8e46d8c1787c083c5dd0ee42df?s=96&d=mm&r=g\",\"caption\":\"Press\"},\"url\":\"https:\/\/www.tourdepologne.pl\/en\/author\/press\/\"}]}<\/script>\n<!-- \/ Yoast SEO plugin. -->","yoast_head_json":{"title":"The Polish National Team gets its wild card for the Tour de Pologne UCI World Tour - Tour de Pologne","robots":{"index":"index","follow":"follow","max-snippet":"max-snippet:-1","max-image-preview":"max-image-preview:large","max-video-preview":"max-video-preview:-1"},"canonical":"https:\/\/www.tourdepologne.pl\/en\/2021\/04\/the-polish-national-team-gets-its-wild-card-for-the-tour-de-pologne-uci-world-tour\/","og_locale":"en_US","og_type":"article","og_title":"The Polish National Team gets its wild card for the Tour de Pologne UCI World Tour - Tour de Pologne","og_description":"The Polish National Team was granted a wild card and will be the third non UCI World Tour Team to &hellip;","og_url":"https:\/\/www.tourdepologne.pl\/en\/2021\/04\/the-polish-national-team-gets-its-wild-card-for-the-tour-de-pologne-uci-world-tour\/","og_site_name":"Tour de Pologne","article_publisher":"https:\/\/www.facebook.com\/tourdepologne","article_published_time":"2021-04-07T15:34:19+00:00","article_modified_time":"2021-04-07T15:35:48+00:00","og_image":[{"width":1024,"height":682,"url":"https:\/\/www.tourdepologne.pl\/wp-content\/uploads\/2021\/04\/Tour-de-Pologne-2020-Etap-5-26.jpg","type":"image\/jpeg"}],"author":"Press","twitter_card":"summary_large_image","twitter_creator":"@tour_de_pologne","twitter_site":"@tour_de_pologne","twitter_misc":{"Written by":"Press","Est. reading time":"2 minutes"},"schema":{"@context":"https:\/\/schema.org","@graph":[{"@type":"Article","@id":"https:\/\/www.tourdepologne.pl\/en\/2021\/04\/the-polish-national-team-gets-its-wild-card-for-the-tour-de-pologne-uci-world-tour\/#article","isPartOf":{"@id":"https:\/\/www.tourdepologne.pl\/en\/2021\/04\/the-polish-national-team-gets-its-wild-card-for-the-tour-de-pologne-uci-world-tour\/"},"author":{"name":"Press","@id":"https:\/\/www.tourdepologne.pl\/#\/schema\/person\/f4fe67774ed888efd15b2ce6e2c8ba8e"},"headline":"The Polish National Team gets its wild card for the Tour de Pologne UCI World Tour","datePublished":"2021-04-07T15:34:19+00:00","dateModified":"2021-04-07T15:35:48+00:00","mainEntityOfPage":{"@id":"https:\/\/www.tourdepologne.pl\/en\/2021\/04\/the-polish-national-team-gets-its-wild-card-for-the-tour-de-pologne-uci-world-tour\/"},"wordCount":399,"publisher":{"@id":"https:\/\/www.tourdepologne.pl\/#organization"},"image":{"@id":"https:\/\/www.tourdepologne.pl\/en\/2021\/04\/the-polish-national-team-gets-its-wild-card-for-the-tour-de-pologne-uci-world-tour\/#primaryimage"},"thumbnailUrl":"https:\/\/www.tourdepologne.pl\/wp-content\/uploads\/2021\/04\/Tour-de-Pologne-2020-Etap-5-26.jpg","articleSection":["News en"],"inLanguage":"en-US"},{"@type":"WebPage","@id":"https:\/\/www.tourdepologne.pl\/en\/2021\/04\/the-polish-national-team-gets-its-wild-card-for-the-tour-de-pologne-uci-world-tour\/","url":"https:\/\/www.tourdepologne.pl\/en\/2021\/04\/the-polish-national-team-gets-its-wild-card-for-the-tour-de-pologne-uci-world-tour\/","name":"The Polish National Team gets its wild card for the Tour de Pologne UCI World Tour - Tour de Pologne","isPartOf":{"@id":"https:\/\/www.tourdepologne.pl\/#website"},"primaryImageOfPage":{"@id":"https:\/\/www.tourdepologne.pl\/en\/2021\/04\/the-polish-national-team-gets-its-wild-card-for-the-tour-de-pologne-uci-world-tour\/#primaryimage"},"image":{"@id":"https:\/\/www.tourdepologne.pl\/en\/2021\/04\/the-polish-national-team-gets-its-wild-card-for-the-tour-de-pologne-uci-world-tour\/#primaryimage"},"thumbnailUrl":"https:\/\/www.tourdepologne.pl\/wp-content\/uploads\/2021\/04\/Tour-de-Pologne-2020-Etap-5-26.jpg","datePublished":"2021-04-07T15:34:19+00:00","dateModified":"2021-04-07T15:35:48+00:00","breadcrumb":{"@id":"https:\/\/www.tourdepologne.pl\/en\/2021\/04\/the-polish-national-team-gets-its-wild-card-for-the-tour-de-pologne-uci-world-tour\/#breadcrumb"},"inLanguage":"en-US","potentialAction":[{"@type":"ReadAction","target":["https:\/\/www.tourdepologne.pl\/en\/2021\/04\/the-polish-national-team-gets-its-wild-card-for-the-tour-de-pologne-uci-world-tour\/"]}]},{"@type":"ImageObject","inLanguage":"en-US","@id":"https:\/\/www.tourdepologne.pl\/en\/2021\/04\/the-polish-national-team-gets-its-wild-card-for-the-tour-de-pologne-uci-world-tour\/#primaryimage","url":"https:\/\/www.tourdepologne.pl\/wp-content\/uploads\/2021\/04\/Tour-de-Pologne-2020-Etap-5-26.jpg","contentUrl":"https:\/\/www.tourdepologne.pl\/wp-content\/uploads\/2021\/04\/Tour-de-Pologne-2020-Etap-5-26.jpg","width":1024,"height":682,"caption":"77.Tour de Pologne, 05-09.08.2020, fot.Szymon Gruchalski"},{"@type":"BreadcrumbList","@id":"https:\/\/www.tourdepologne.pl\/en\/2021\/04\/the-polish-national-team-gets-its-wild-card-for-the-tour-de-pologne-uci-world-tour\/#breadcrumb","itemListElement":[{"@type":"ListItem","position":1,"name":"Strona g\u0142\u00f3wna","item":"https:\/\/www.tourdepologne.pl\/en\/"},{"@type":"ListItem","position":2,"name":"The Polish National Team gets its wild card for the Tour de Pologne UCI World Tour"}]},{"@type":"WebSite","@id":"https:\/\/www.tourdepologne.pl\/#website","url":"https:\/\/www.tourdepologne.pl\/","name":"Tour de Pologne","description":"","publisher":{"@id":"https:\/\/www.tourdepologne.pl\/#organization"},"potentialAction":[{"@type":"SearchAction","target":{"@type":"EntryPoint","urlTemplate":"https:\/\/www.tourdepologne.pl\/?s={search_term_string}"},"query-input":{"@type":"PropertyValueSpecification","valueRequired":true,"valueName":"search_term_string"}}],"inLanguage":"en-US"},{"@type":"Organization","@id":"https:\/\/www.tourdepologne.pl\/#organization","name":"Wy\u015bcig kolarski Tour de Pologne","url":"https:\/\/www.tourdepologne.pl\/","logo":{"@type":"ImageObject","inLanguage":"en-US","@id":"https:\/\/www.tourdepologne.pl\/#\/schema\/logo\/image\/","url":"https:\/\/www.tourdepologne.pl\/wp-content\/uploads\/2019\/06\/logo-tdp.png","contentUrl":"https:\/\/www.tourdepologne.pl\/wp-content\/uploads\/2019\/06\/logo-tdp.png","width":450,"height":52,"caption":"Wy\u015bcig kolarski Tour de Pologne"},"image":{"@id":"https:\/\/www.tourdepologne.pl\/#\/schema\/logo\/image\/"},"sameAs":["https:\/\/www.facebook.com\/tourdepologne","https:\/\/x.com\/tour_de_pologne","https:\/\/www.instagram.com\/tourdepologne\/","https:\/\/www.youtube.com\/@TourdePologne2011"]},{"@type":"Person","@id":"https:\/\/www.tourdepologne.pl\/#\/schema\/person\/f4fe67774ed888efd15b2ce6e2c8ba8e","name":"Press","image":{"@type":"ImageObject","inLanguage":"en-US","@id":"https:\/\/secure.gravatar.com\/avatar\/df62f2f515b6857a7626e7d733ea81e452163a8e46d8c1787c083c5dd0ee42df?s=96&d=mm&r=g","url":"https:\/\/secure.gravatar.com\/avatar\/df62f2f515b6857a7626e7d733ea81e452163a8e46d8c1787c083c5dd0ee42df?s=96&d=mm&r=g","contentUrl":"https:\/\/secure.gravatar.com\/avatar\/df62f2f515b6857a7626e7d733ea81e452163a8e46d8c1787c083c5dd0ee42df?s=96&d=mm&r=g","caption":"Press"},"url":"https:\/\/www.tourdepologne.pl\/en\/author\/press\/"}]}},"_links":{"self":[{"href":"https:\/\/www.tourdepologne.pl\/en\/wp-json\/wp\/v2\/posts\/23801","targetHints":{"allow":["GET"]}}],"collection":[{"href":"https:\/\/www.tourdepologne.pl\/en\/wp-json\/wp\/v2\/posts"}],"about":[{"href":"https:\/\/www.tourdepologne.pl\/en\/wp-json\/wp\/v2\/types\/post"}],"author":[{"embeddable":true,"href":"https:\/\/www.tourdepologne.pl\/en\/wp-json\/wp\/v2\/users\/6"}],"replies":[{"embeddable":true,"href":"https:\/\/www.tourdepologne.pl\/en\/wp-json\/wp\/v2\/comments?post=23801"}],"version-history":[{"count":2,"href":"https:\/\/www.tourdepologne.pl\/en\/wp-json\/wp\/v2\/posts\/23801\/revisions"}],"predecessor-version":[{"id":23804,"href":"https:\/\/www.tourdepologne.pl\/en\/wp-json\/wp\/v2\/posts\/23801\/revisions\/23804"}],"wp:featuredmedia":[{"embeddable":true,"href":"https:\/\/www.tourdepologne.pl\/en\/wp-json\/wp\/v2\/media\/23799"}],"wp:attachment":[{"href":"https:\/\/www.tourdepologne.pl\/en\/wp-json\/wp\/v2\/media?parent=23801"}],"wp:term":[{"taxonomy":"category","embeddable":true,"href":"https:\/\/www.tourdepologne.pl\/en\/wp-json\/wp\/v2\/categories?post=23801"},{"taxonomy":"post_tag","embeddable":true,"href":"https:\/\/www.tourdepologne.pl\/en\/wp-json\/wp\/v2\/tags?post=23801"}],"curies":[{"name":"wp","href":"https:\/\/api.w.org\/{rel}","templated":true}]}}