{"id":24352,"date":"2021-07-16T09:42:28","date_gmt":"2021-07-16T07:42:28","guid":{"rendered":"https:\/\/www.tourdepologne.pl\/?p=24352"},"modified":"2021-07-16T09:42:28","modified_gmt":"2021-07-16T07:42:28","slug":"piotr-brzozka-business-and-cycling-have-common-points","status":"publish","type":"post","link":"https:\/\/www.tourdepologne.pl\/en\/2021\/07\/piotr-brzozka-business-and-cycling-have-common-points\/","title":{"rendered":"Piotr Brz\u00f3zka: Business and cycling have common points"},"content":{"rendered":"<p>Piotr Brz\u00f3zka: Business and cycling have common points<\/p>\n<p>As a mountain biker, he was the world runner-up. Today, Piotr Brz\u00f3zka is one of the shareholders of the family company JBG2 and is active in many businesses. Now, he is involved in photovoltaics, and the JBG PV brand has become a partner of Tour de Pologne. &#8211; This is a great event that everyone is talking about, it is shown in many countries around the world, it has huge media coverage. So everything fits. And this is cycling, and this sport is always close to us &#8211; says Piotr Brz\u00f3zka, one of the shareholders of the family business.<\/p>\n<p>As a mountain biker, you have reached the world vice-championship of the junior mountain biking. Today you are a businessman. Can you compare it somehow?<\/p>\n<p>Here and here you have to pursue specific goals, so there are common points. Cycling taught me a regime, work and motivation, today more in business.<\/p>\n<p>Do you feel a bit unsatisfied when you think about your sports career?<\/p>\n<p>No, not today. Although, I&#8217;m still racing. I take part in amateur events. I also compete in the Polish championship. I like it, to feel the emotions at the start, and then get beaten by the best. And going back to the times when I raced professionally, it probably might have happened differently. When I made the decision to end up in professional sport, I wasn\u2019t unsatisfied. Contrary, I did as much as I could. Today, sometimes the thought recurs that it was possible to try for another year or two. I have more experience now, I know my body better, but I think I did everything at the right time. I focus on new challenges.<\/p>\n<p>You are developing a family business. Was it a big leap or was it all happening naturally?<\/p>\n<p>Everything happened naturally. I have been with the company since I was a child, and so was my brother. And there is Dad, still in command. I dealt with various things. First, I took care of a hotel in Wis\u0142a and managed to bring it to the three-star category. Later, I worked on developing cryotherapy in a single cabin. Since last year, I have been working with renewable energy sources, so I deal with photovoltaic panels and heat pumps.<\/p>\n<p>Solar panels are a huge market.<\/p>\n<p>The market is difficult. The increase in photovoltaic power in Poland is one of the biggest in Europe, although for us, as Polish producers, and there are few of them, because there are three or four, it is difficult to beat the prices. The Chinese ship a lot of containers to Europe. We try to find our niche, we offer individual solutions.<\/p>\n<p>Is there a difference in quality?<\/p>\n<p>We have full quality control, but I don&#8217;t want to say that Chinese products are bad and that&#8217;s it. There are good products, but also weak ones. We know the power of each of our panels, we also test the competition and see how they distort and the customer pays for the power in the panel. Either way, the market is huge and will continue to grow. And &#8220;price is king&#8221;, everyone is looking for savings. On the other hand, we are a reliable guarantor and if we give a guarantee, we fulfil it. The market standard is 25 years. We know that since our company has been operating for 30 years, it will continue for the next. Importers from Asia not necessarily. Customers do not take into account that in the near future such a company may disappear, and there will be no one to turn to with the guarantee. Another issue is the cost of waste management. We include it in the price. And this will be a challenge for the whole Europe, because the panels will have to be recycled one day. Usually, importers do not take this into account, and someday the costs will pass to the customer.<\/p>\n<p>You&#8217;re in big business, but cycling is still close. Now, as the JBG PV brand, you have joined the Tour de Pologne.<\/p>\n<p>The idea was born from the fact that I and Czes\u0142aw Lang have known each other for years. Previously, our activities were not aimed at the end customer, but rather at a supermarket chain. However, panels are a mass product. We talked and found a way to cooperate. It all started with the fact that &#8230; we installed the panels at Czes\u0142aw&#8217;s house. Tour de Pologne is a great event that everyone is talking about, it is shown in many countries around the world, it has a great media coverage. So everything fits! And this is cycling, and this sport is always close to us.<\/p>\n","protected":false},"excerpt":{"rendered":"<p>Piotr Brz\u00f3zka: Business and cycling have common points As a mountain biker, he was the world runner-up. Today, Piotr Brz\u00f3zka &hellip; <\/p>\n","protected":false},"author":6,"featured_media":24350,"comment_status":"closed","ping_status":"closed","sticky":false,"template":"","format":"standard","meta":{"_acf_changed":false,"footnotes":""},"categories":[95],"tags":[],"class_list":["post-24352","post","type-post","status-publish","format-standard","has-post-thumbnail","hentry","category-news-en"],"acf":[],"yoast_head":"<!-- This site is optimized with the Yoast SEO plugin v27.2 - https:\/\/yoast.com\/product\/yoast-seo-wordpress\/ -->\n<title>Piotr Brz\u00f3zka: Business and cycling have common points - Tour de Pologne<\/title>\n<meta name=\"robots\" content=\"index, follow, max-snippet:-1, max-image-preview:large, max-video-preview:-1\" \/>\n<link rel=\"canonical\" href=\"https:\/\/www.tourdepologne.pl\/en\/2021\/07\/piotr-brzozka-business-and-cycling-have-common-points\/\" \/>\n<meta property=\"og:locale\" content=\"en_US\" \/>\n<meta property=\"og:type\" content=\"article\" \/>\n<meta property=\"og:title\" content=\"Piotr Brz\u00f3zka: Business and cycling have common points - Tour de Pologne\" \/>\n<meta property=\"og:description\" content=\"Piotr Brz\u00f3zka: Business and cycling have common points As a mountain biker, he was the world runner-up. Today, Piotr Brz\u00f3zka &hellip;\" \/>\n<meta property=\"og:url\" content=\"https:\/\/www.tourdepologne.pl\/en\/2021\/07\/piotr-brzozka-business-and-cycling-have-common-points\/\" \/>\n<meta property=\"og:site_name\" content=\"Tour de Pologne\" \/>\n<meta property=\"article:publisher\" content=\"https:\/\/www.facebook.com\/tourdepologne\" \/>\n<meta property=\"article:published_time\" content=\"2021-07-16T07:42:28+00:00\" \/>\n<meta property=\"og:image\" content=\"https:\/\/www.tourdepologne.pl\/wp-content\/uploads\/2021\/07\/D4B_5075-1.jpg\" \/>\n\t<meta property=\"og:image:width\" content=\"1280\" \/>\n\t<meta property=\"og:image:height\" content=\"852\" \/>\n\t<meta property=\"og:image:type\" content=\"image\/jpeg\" \/>\n<meta name=\"author\" content=\"Press\" \/>\n<meta name=\"twitter:card\" content=\"summary_large_image\" \/>\n<meta name=\"twitter:creator\" content=\"@tour_de_pologne\" \/>\n<meta name=\"twitter:site\" content=\"@tour_de_pologne\" \/>\n<meta name=\"twitter:label1\" content=\"Written by\" \/>\n\t<meta name=\"twitter:data1\" content=\"Press\" \/>\n\t<meta name=\"twitter:label2\" content=\"Est. reading time\" \/>\n\t<meta name=\"twitter:data2\" content=\"4 minutes\" \/>\n<script type=\"application\/ld+json\" class=\"yoast-schema-graph\">{\"@context\":\"https:\/\/schema.org\",\"@graph\":[{\"@type\":\"Article\",\"@id\":\"https:\/\/www.tourdepologne.pl\/en\/2021\/07\/piotr-brzozka-business-and-cycling-have-common-points\/#article\",\"isPartOf\":{\"@id\":\"https:\/\/www.tourdepologne.pl\/en\/2021\/07\/piotr-brzozka-business-and-cycling-have-common-points\/\"},\"author\":{\"name\":\"Press\",\"@id\":\"https:\/\/www.tourdepologne.pl\/#\/schema\/person\/f4fe67774ed888efd15b2ce6e2c8ba8e\"},\"headline\":\"Piotr Brz\u00f3zka: Business and cycling have common points\",\"datePublished\":\"2021-07-16T07:42:28+00:00\",\"mainEntityOfPage\":{\"@id\":\"https:\/\/www.tourdepologne.pl\/en\/2021\/07\/piotr-brzozka-business-and-cycling-have-common-points\/\"},\"wordCount\":804,\"publisher\":{\"@id\":\"https:\/\/www.tourdepologne.pl\/#organization\"},\"image\":{\"@id\":\"https:\/\/www.tourdepologne.pl\/en\/2021\/07\/piotr-brzozka-business-and-cycling-have-common-points\/#primaryimage\"},\"thumbnailUrl\":\"https:\/\/www.tourdepologne.pl\/wp-content\/uploads\/2021\/07\/D4B_5075-1.jpg\",\"articleSection\":[\"News en\"],\"inLanguage\":\"en-US\"},{\"@type\":\"WebPage\",\"@id\":\"https:\/\/www.tourdepologne.pl\/en\/2021\/07\/piotr-brzozka-business-and-cycling-have-common-points\/\",\"url\":\"https:\/\/www.tourdepologne.pl\/en\/2021\/07\/piotr-brzozka-business-and-cycling-have-common-points\/\",\"name\":\"Piotr Brz\u00f3zka: Business and cycling have common points - Tour de Pologne\",\"isPartOf\":{\"@id\":\"https:\/\/www.tourdepologne.pl\/#website\"},\"primaryImageOfPage\":{\"@id\":\"https:\/\/www.tourdepologne.pl\/en\/2021\/07\/piotr-brzozka-business-and-cycling-have-common-points\/#primaryimage\"},\"image\":{\"@id\":\"https:\/\/www.tourdepologne.pl\/en\/2021\/07\/piotr-brzozka-business-and-cycling-have-common-points\/#primaryimage\"},\"thumbnailUrl\":\"https:\/\/www.tourdepologne.pl\/wp-content\/uploads\/2021\/07\/D4B_5075-1.jpg\",\"datePublished\":\"2021-07-16T07:42:28+00:00\",\"breadcrumb\":{\"@id\":\"https:\/\/www.tourdepologne.pl\/en\/2021\/07\/piotr-brzozka-business-and-cycling-have-common-points\/#breadcrumb\"},\"inLanguage\":\"en-US\",\"potentialAction\":[{\"@type\":\"ReadAction\",\"target\":[\"https:\/\/www.tourdepologne.pl\/en\/2021\/07\/piotr-brzozka-business-and-cycling-have-common-points\/\"]}]},{\"@type\":\"ImageObject\",\"inLanguage\":\"en-US\",\"@id\":\"https:\/\/www.tourdepologne.pl\/en\/2021\/07\/piotr-brzozka-business-and-cycling-have-common-points\/#primaryimage\",\"url\":\"https:\/\/www.tourdepologne.pl\/wp-content\/uploads\/2021\/07\/D4B_5075-1.jpg\",\"contentUrl\":\"https:\/\/www.tourdepologne.pl\/wp-content\/uploads\/2021\/07\/D4B_5075-1.jpg\",\"width\":1280,\"height\":852,\"caption\":\"77.Tour de Pologne,05-09.08.2020,fot.Szymon Gruchalski\"},{\"@type\":\"BreadcrumbList\",\"@id\":\"https:\/\/www.tourdepologne.pl\/en\/2021\/07\/piotr-brzozka-business-and-cycling-have-common-points\/#breadcrumb\",\"itemListElement\":[{\"@type\":\"ListItem\",\"position\":1,\"name\":\"Strona g\u0142\u00f3wna\",\"item\":\"https:\/\/www.tourdepologne.pl\/en\/\"},{\"@type\":\"ListItem\",\"position\":2,\"name\":\"Piotr Brz\u00f3zka: Business and cycling have common points\"}]},{\"@type\":\"WebSite\",\"@id\":\"https:\/\/www.tourdepologne.pl\/#website\",\"url\":\"https:\/\/www.tourdepologne.pl\/\",\"name\":\"Tour de Pologne\",\"description\":\"\",\"publisher\":{\"@id\":\"https:\/\/www.tourdepologne.pl\/#organization\"},\"potentialAction\":[{\"@type\":\"SearchAction\",\"target\":{\"@type\":\"EntryPoint\",\"urlTemplate\":\"https:\/\/www.tourdepologne.pl\/?s={search_term_string}\"},\"query-input\":{\"@type\":\"PropertyValueSpecification\",\"valueRequired\":true,\"valueName\":\"search_term_string\"}}],\"inLanguage\":\"en-US\"},{\"@type\":\"Organization\",\"@id\":\"https:\/\/www.tourdepologne.pl\/#organization\",\"name\":\"Wy\u015bcig kolarski Tour de Pologne\",\"url\":\"https:\/\/www.tourdepologne.pl\/\",\"logo\":{\"@type\":\"ImageObject\",\"inLanguage\":\"en-US\",\"@id\":\"https:\/\/www.tourdepologne.pl\/#\/schema\/logo\/image\/\",\"url\":\"https:\/\/www.tourdepologne.pl\/wp-content\/uploads\/2019\/06\/logo-tdp.png\",\"contentUrl\":\"https:\/\/www.tourdepologne.pl\/wp-content\/uploads\/2019\/06\/logo-tdp.png\",\"width\":450,\"height\":52,\"caption\":\"Wy\u015bcig kolarski Tour de Pologne\"},\"image\":{\"@id\":\"https:\/\/www.tourdepologne.pl\/#\/schema\/logo\/image\/\"},\"sameAs\":[\"https:\/\/www.facebook.com\/tourdepologne\",\"https:\/\/x.com\/tour_de_pologne\",\"https:\/\/www.instagram.com\/tourdepologne\/\",\"https:\/\/www.youtube.com\/@TourdePologne2011\"]},{\"@type\":\"Person\",\"@id\":\"https:\/\/www.tourdepologne.pl\/#\/schema\/person\/f4fe67774ed888efd15b2ce6e2c8ba8e\",\"name\":\"Press\",\"image\":{\"@type\":\"ImageObject\",\"inLanguage\":\"en-US\",\"@id\":\"https:\/\/secure.gravatar.com\/avatar\/df62f2f515b6857a7626e7d733ea81e452163a8e46d8c1787c083c5dd0ee42df?s=96&d=mm&r=g\",\"url\":\"https:\/\/secure.gravatar.com\/avatar\/df62f2f515b6857a7626e7d733ea81e452163a8e46d8c1787c083c5dd0ee42df?s=96&d=mm&r=g\",\"contentUrl\":\"https:\/\/secure.gravatar.com\/avatar\/df62f2f515b6857a7626e7d733ea81e452163a8e46d8c1787c083c5dd0ee42df?s=96&d=mm&r=g\",\"caption\":\"Press\"},\"url\":\"https:\/\/www.tourdepologne.pl\/en\/author\/press\/\"}]}<\/script>\n<!-- \/ Yoast SEO plugin. -->","yoast_head_json":{"title":"Piotr Brz\u00f3zka: Business and cycling have common points - Tour de Pologne","robots":{"index":"index","follow":"follow","max-snippet":"max-snippet:-1","max-image-preview":"max-image-preview:large","max-video-preview":"max-video-preview:-1"},"canonical":"https:\/\/www.tourdepologne.pl\/en\/2021\/07\/piotr-brzozka-business-and-cycling-have-common-points\/","og_locale":"en_US","og_type":"article","og_title":"Piotr Brz\u00f3zka: Business and cycling have common points - Tour de Pologne","og_description":"Piotr Brz\u00f3zka: Business and cycling have common points As a mountain biker, he was the world runner-up. Today, Piotr Brz\u00f3zka &hellip;","og_url":"https:\/\/www.tourdepologne.pl\/en\/2021\/07\/piotr-brzozka-business-and-cycling-have-common-points\/","og_site_name":"Tour de Pologne","article_publisher":"https:\/\/www.facebook.com\/tourdepologne","article_published_time":"2021-07-16T07:42:28+00:00","og_image":[{"width":1280,"height":852,"url":"https:\/\/www.tourdepologne.pl\/wp-content\/uploads\/2021\/07\/D4B_5075-1.jpg","type":"image\/jpeg"}],"author":"Press","twitter_card":"summary_large_image","twitter_creator":"@tour_de_pologne","twitter_site":"@tour_de_pologne","twitter_misc":{"Written by":"Press","Est. reading time":"4 minutes"},"schema":{"@context":"https:\/\/schema.org","@graph":[{"@type":"Article","@id":"https:\/\/www.tourdepologne.pl\/en\/2021\/07\/piotr-brzozka-business-and-cycling-have-common-points\/#article","isPartOf":{"@id":"https:\/\/www.tourdepologne.pl\/en\/2021\/07\/piotr-brzozka-business-and-cycling-have-common-points\/"},"author":{"name":"Press","@id":"https:\/\/www.tourdepologne.pl\/#\/schema\/person\/f4fe67774ed888efd15b2ce6e2c8ba8e"},"headline":"Piotr Brz\u00f3zka: Business and cycling have common points","datePublished":"2021-07-16T07:42:28+00:00","mainEntityOfPage":{"@id":"https:\/\/www.tourdepologne.pl\/en\/2021\/07\/piotr-brzozka-business-and-cycling-have-common-points\/"},"wordCount":804,"publisher":{"@id":"https:\/\/www.tourdepologne.pl\/#organization"},"image":{"@id":"https:\/\/www.tourdepologne.pl\/en\/2021\/07\/piotr-brzozka-business-and-cycling-have-common-points\/#primaryimage"},"thumbnailUrl":"https:\/\/www.tourdepologne.pl\/wp-content\/uploads\/2021\/07\/D4B_5075-1.jpg","articleSection":["News en"],"inLanguage":"en-US"},{"@type":"WebPage","@id":"https:\/\/www.tourdepologne.pl\/en\/2021\/07\/piotr-brzozka-business-and-cycling-have-common-points\/","url":"https:\/\/www.tourdepologne.pl\/en\/2021\/07\/piotr-brzozka-business-and-cycling-have-common-points\/","name":"Piotr Brz\u00f3zka: Business and cycling have common points - Tour de Pologne","isPartOf":{"@id":"https:\/\/www.tourdepologne.pl\/#website"},"primaryImageOfPage":{"@id":"https:\/\/www.tourdepologne.pl\/en\/2021\/07\/piotr-brzozka-business-and-cycling-have-common-points\/#primaryimage"},"image":{"@id":"https:\/\/www.tourdepologne.pl\/en\/2021\/07\/piotr-brzozka-business-and-cycling-have-common-points\/#primaryimage"},"thumbnailUrl":"https:\/\/www.tourdepologne.pl\/wp-content\/uploads\/2021\/07\/D4B_5075-1.jpg","datePublished":"2021-07-16T07:42:28+00:00","breadcrumb":{"@id":"https:\/\/www.tourdepologne.pl\/en\/2021\/07\/piotr-brzozka-business-and-cycling-have-common-points\/#breadcrumb"},"inLanguage":"en-US","potentialAction":[{"@type":"ReadAction","target":["https:\/\/www.tourdepologne.pl\/en\/2021\/07\/piotr-brzozka-business-and-cycling-have-common-points\/"]}]},{"@type":"ImageObject","inLanguage":"en-US","@id":"https:\/\/www.tourdepologne.pl\/en\/2021\/07\/piotr-brzozka-business-and-cycling-have-common-points\/#primaryimage","url":"https:\/\/www.tourdepologne.pl\/wp-content\/uploads\/2021\/07\/D4B_5075-1.jpg","contentUrl":"https:\/\/www.tourdepologne.pl\/wp-content\/uploads\/2021\/07\/D4B_5075-1.jpg","width":1280,"height":852,"caption":"77.Tour de Pologne,05-09.08.2020,fot.Szymon Gruchalski"},{"@type":"BreadcrumbList","@id":"https:\/\/www.tourdepologne.pl\/en\/2021\/07\/piotr-brzozka-business-and-cycling-have-common-points\/#breadcrumb","itemListElement":[{"@type":"ListItem","position":1,"name":"Strona g\u0142\u00f3wna","item":"https:\/\/www.tourdepologne.pl\/en\/"},{"@type":"ListItem","position":2,"name":"Piotr Brz\u00f3zka: Business and cycling have common points"}]},{"@type":"WebSite","@id":"https:\/\/www.tourdepologne.pl\/#website","url":"https:\/\/www.tourdepologne.pl\/","name":"Tour de Pologne","description":"","publisher":{"@id":"https:\/\/www.tourdepologne.pl\/#organization"},"potentialAction":[{"@type":"SearchAction","target":{"@type":"EntryPoint","urlTemplate":"https:\/\/www.tourdepologne.pl\/?s={search_term_string}"},"query-input":{"@type":"PropertyValueSpecification","valueRequired":true,"valueName":"search_term_string"}}],"inLanguage":"en-US"},{"@type":"Organization","@id":"https:\/\/www.tourdepologne.pl\/#organization","name":"Wy\u015bcig kolarski Tour de Pologne","url":"https:\/\/www.tourdepologne.pl\/","logo":{"@type":"ImageObject","inLanguage":"en-US","@id":"https:\/\/www.tourdepologne.pl\/#\/schema\/logo\/image\/","url":"https:\/\/www.tourdepologne.pl\/wp-content\/uploads\/2019\/06\/logo-tdp.png","contentUrl":"https:\/\/www.tourdepologne.pl\/wp-content\/uploads\/2019\/06\/logo-tdp.png","width":450,"height":52,"caption":"Wy\u015bcig kolarski Tour de Pologne"},"image":{"@id":"https:\/\/www.tourdepologne.pl\/#\/schema\/logo\/image\/"},"sameAs":["https:\/\/www.facebook.com\/tourdepologne","https:\/\/x.com\/tour_de_pologne","https:\/\/www.instagram.com\/tourdepologne\/","https:\/\/www.youtube.com\/@TourdePologne2011"]},{"@type":"Person","@id":"https:\/\/www.tourdepologne.pl\/#\/schema\/person\/f4fe67774ed888efd15b2ce6e2c8ba8e","name":"Press","image":{"@type":"ImageObject","inLanguage":"en-US","@id":"https:\/\/secure.gravatar.com\/avatar\/df62f2f515b6857a7626e7d733ea81e452163a8e46d8c1787c083c5dd0ee42df?s=96&d=mm&r=g","url":"https:\/\/secure.gravatar.com\/avatar\/df62f2f515b6857a7626e7d733ea81e452163a8e46d8c1787c083c5dd0ee42df?s=96&d=mm&r=g","contentUrl":"https:\/\/secure.gravatar.com\/avatar\/df62f2f515b6857a7626e7d733ea81e452163a8e46d8c1787c083c5dd0ee42df?s=96&d=mm&r=g","caption":"Press"},"url":"https:\/\/www.tourdepologne.pl\/en\/author\/press\/"}]}},"_links":{"self":[{"href":"https:\/\/www.tourdepologne.pl\/en\/wp-json\/wp\/v2\/posts\/24352","targetHints":{"allow":["GET"]}}],"collection":[{"href":"https:\/\/www.tourdepologne.pl\/en\/wp-json\/wp\/v2\/posts"}],"about":[{"href":"https:\/\/www.tourdepologne.pl\/en\/wp-json\/wp\/v2\/types\/post"}],"author":[{"embeddable":true,"href":"https:\/\/www.tourdepologne.pl\/en\/wp-json\/wp\/v2\/users\/6"}],"replies":[{"embeddable":true,"href":"https:\/\/www.tourdepologne.pl\/en\/wp-json\/wp\/v2\/comments?post=24352"}],"version-history":[{"count":1,"href":"https:\/\/www.tourdepologne.pl\/en\/wp-json\/wp\/v2\/posts\/24352\/revisions"}],"predecessor-version":[{"id":24353,"href":"https:\/\/www.tourdepologne.pl\/en\/wp-json\/wp\/v2\/posts\/24352\/revisions\/24353"}],"wp:featuredmedia":[{"embeddable":true,"href":"https:\/\/www.tourdepologne.pl\/en\/wp-json\/wp\/v2\/media\/24350"}],"wp:attachment":[{"href":"https:\/\/www.tourdepologne.pl\/en\/wp-json\/wp\/v2\/media?parent=24352"}],"wp:term":[{"taxonomy":"category","embeddable":true,"href":"https:\/\/www.tourdepologne.pl\/en\/wp-json\/wp\/v2\/categories?post=24352"},{"taxonomy":"post_tag","embeddable":true,"href":"https:\/\/www.tourdepologne.pl\/en\/wp-json\/wp\/v2\/tags?post=24352"}],"curies":[{"name":"wp","href":"https:\/\/api.w.org\/{rel}","templated":true}]}}