{"id":24769,"date":"2021-08-09T09:38:09","date_gmt":"2021-08-09T07:38:09","guid":{"rendered":"https:\/\/www.tourdepologne.pl\/?p=24769"},"modified":"2021-08-09T10:00:54","modified_gmt":"2021-08-09T08:00:54","slug":"the-tour-de-pologne-teams-were-presented-at-the-teatralny-plac-in-lublin","status":"publish","type":"post","link":"https:\/\/www.tourdepologne.pl\/en\/2021\/08\/the-tour-de-pologne-teams-were-presented-at-the-teatralny-plac-in-lublin\/","title":{"rendered":"The Tour de Pologne teams were presented at the Teatralny Plac in Lublin"},"content":{"rendered":"<p>We are just hours away from the start of the<br \/>\n78th edition of the Tour de Pologne and the 22 teams attending the<br \/>\nPolish race were revealed at today&#8217;s official presentation in Lublin.<\/p>\n<p>Below are some top contenders&#8217; statements on the race kicking off on<br \/>\nMonday 9th and finishing on Sunday 15th. It&#8217;ll be seven exciting stages<br \/>\n&#8211; including the beloved arrival in Bukovina and the ITT in Katowice &#8211;<br \/>\nwhich will test the riders on all terrains.<\/p>\n<p>Micha\u0142 Kwiatkowski (Ineos Grenadiers)<br \/>\n&#8220;It\u2019s always a privilege to compete on home roads. Tour de Pologne was<br \/>\none of my first big races as a pro in 2012 and I have always dreamt of<br \/>\nwinning it in front of Poland\u2019s cycling fans. We made it happen in<br \/>\n2018 and it was one of my proudest moments. I would love to do it again<br \/>\nwith the Grenadiers. It\u2019s always a very close race \u2013 won or lost by<br \/>\nsingle seconds, so we have to stay focused from the start of day one.<br \/>\nSome punchy finishes and a TT in Katowice will surely affect the GC.&#8221;<\/p>\n<p>Diego Ulissi (UAE Team Emirates)<br \/>\n&#8220;The last victories in Sardinia were won on stages that were tailored to<br \/>\nmy characteristics and the Tour de Pologne this year features routes<br \/>\nthat suit me,&#8221; said the Tuscan rider. &#8220;I&#8217;ve already managed to get on<br \/>\nthe podium in the general classification once and I want to confirm that<br \/>\nand also try to fight for the overall. We have a competitive team and<br \/>\nwe&#8217;ll try to be always there to try to win the stages and get a good<br \/>\nplacement in the general classification. At the moment my feelings are<br \/>\nvery good, at the beginning of the year I had a heart problem and the<br \/>\nstart of the season wasn&#8217;t easy but luckily I was able to leave it all<br \/>\nbehind quickly, get back my best feelings and get some victories. Morale<br \/>\nis high and I want to do well in the second half of the season. This is<br \/>\nan important appointment so we&#8217;ll definitely face this trip with great<br \/>\nmotivation. &#8220;I&#8217;ve ridden the Tour de Pologne several times, it&#8217;s a race<br \/>\nI really like. Among the best memories there is definitely the stage I<br \/>\nwon in 2013, when the race started from Italy. Michele Scarponi was also<br \/>\nin the team and I always remember those moments with particular<br \/>\nemotion.&#8221;<\/p>\n<p>Tomasz Marczy\u0144ski (Lotto Soudal)<br \/>\n\u201cThe Tour de Pologne will be my first race after a pretty long break,<br \/>\nas I rode my last race more than six weeks ago. I am really happy to<br \/>\nresume racing in my country, it\u2019s going to be my 13th &#8211; or 14th &#8211;<br \/>\nparticipation in this competition, I guess, and it\u2019s always exciting<br \/>\nto compete in front of my compatriots. In the last month I trained again<br \/>\nto build up my condition, I worked very hard in Sierra Nevada and I am<br \/>\nreally looking forward to getting back racing.<br \/>\nWe\u2019re going to have a super motivated and fighting team with Oldani,<br \/>\nWellens, and I think it\u2019s going to be great. It\u2019s also going to be<br \/>\nmy last Tour de Pologne as a professional cyclist, so it will be for<br \/>\nsure a special emotion. That&#8217;s why I really count on all the Polish fans<br \/>\nwho\u2019ve been supporting me all these years. It\u2019s really a beautiful<br \/>\nrace, perfectly organized, and this year the route has a big change<br \/>\ncompared to last year: also the ITT will be super interesting to race<br \/>\nand watch. I really look forward to being there!\u201d<\/p>\n<p>Nicolas Roche (Team DSM)<br \/>\n\u201cThis edition of the Tour de Pologne is undoubtedly different from<br \/>\nother years: there are new arrivals and the time trial comeback. I have<br \/>\na great memory of the time trial in the city centre. Krakow is beautiful<br \/>\nand I discovered a part of the world I didn&#8217;t know before. It&#8217;s an<br \/>\nintense race. When you have a WT race with such a high-level line-up, a<br \/>\nfinish in the mountains like Bukovina and an important time trial, you<br \/>\nhave to spare yourself the first few days to be in top form for the<br \/>\nfinish.\u201d<\/p>\n<p>Andrea Pasqualon (Intermarch\u00e9-Wanty-Gobert)<br \/>\n\u201cI really like this edition, there are two or three stages that suit<br \/>\nme well. It will be my second participation in the Tour de Pologne and I<br \/>\nwill be happy to be at the start. The route is open to all the riders,<br \/>\nthe difficulty of the race is not in the hardness of its climbs but in<br \/>\nthe frequency of its many short uphills. For sprinters like us,<br \/>\nthere\u2019s definitely three stages &#8211; the first, the third and the seventh<br \/>\n&#8211; and I\u2019m happy there will also be some quite difficult finishes like<br \/>\nthe ones in the second and the fifth stages, which are certainly good<br \/>\nfor me.\u00a0 We\u2019ll be at the start with a well-prepared and organized team<br \/>\nand with strong athletes like Quinten Hermans, Belgian cyclo-cross<br \/>\nrider, and Lorenzo Rota, who got a good placement in the Basque Country<br \/>\nlast week.<\/p>\n<p>Silvan Dillier (Alpecin-Fenix)<br \/>\n\u201cAfter the three hard weeks in France, I feel well recovered and in<br \/>\ngood shape and I\u2019m looking forward to testing my legs again in the<br \/>\nraces. I think it\u2019s a nice race for us as a team with some sprint<br \/>\nopportunities and then some more hilly stages, I believe, towards the<br \/>\nend. In general it\u2019s a nice stage race, and I\u2019m very happy to be at<br \/>\nthe start.\u201d<\/p>\n<p>Toms Skuji\u0146\u0161 (Trek &#8211; Segafredo)<br \/>\n\u201cI\u2019ve ridden the TDP once before, but actually, when coming up<br \/>\nthrough the continental teams, I raced quite a lot in Poland and, every<br \/>\ntime I go back, or drive through, or race there, and when I did the TDP<br \/>\nlast time, it really brought back some really nice memories of racing as<br \/>\na young kid and of friends from my city, and I am really looking forward<br \/>\nto getting back. It\u2019s always a nice race: people are nice and the race<br \/>\nisn\u2019t really hard. The most difficult aspect of TDP is aggressive<br \/>\nracing, as there are many hilly sections and never really flat legs, so<br \/>\nit\u2019s quite unpredictable and exciting for both the people to watch and<br \/>\nthe riders to race. It\u2019s hard to say how I\u2019m feeling right now<br \/>\nbecause, having had a big block of races, now I am taking a few easy<br \/>\ndays and the TDP will be the first race I am back after Tokyo, I\u2019ll<br \/>\nsee the family again and hope my legs won\u2019t \u2018disappear\u2019 but I<br \/>\ndon\u2019t have too high expectations for it just yet.\u201d<\/p>\n<p>Giovanni Aleotti (BORA &#8211; hansgrohe)<br \/>\n&#8220;I&#8217;m looking forward to racing in Poland,&#8221; he commented. &#8220;There are not<br \/>\nmany real mountain stages but the second from Zamo\u015b\u0107 to Przemy\u015bl, the<br \/>\nfourth in Bukovina and the fifth finishing in Bielsko-Bia\u0142a may be<br \/>\nwithin my reach, with short climbs and uphill finishes. These stages,<br \/>\nalong with the time trial, will undoubtedly be decisive for the overall<br \/>\nclassification. The Tour de Pologne is a World Tour race and the level<br \/>\nis very high but we have a great team and we will try to get good<br \/>\nresults.&#8221;<\/p>\n<p>Matteo Sobrero (Astana &#8211; Premier Tech)<br \/>\n&#8220;I&#8217;m looking forward to racing in Poland. It&#8217;s my first race after a<br \/>\nbreak from the Giro d&#8217;Italia, so I&#8217;m looking forward to racing with the<br \/>\nteam again and, of course, the ITT stage will be one I&#8217;m aiming to do<br \/>\nwell.&#8221;<\/p>\n<p>Matej Mohori\u010d (Bahrain &#8211; Victorious)<br \/>\nI rode Tour de Pologne many times and I like it. This year they have<br \/>\nchanged the course slightly, it&#8217;s a little bit more punchy, there are<br \/>\nless long climbs and I&#8217;d say it suits me a bit better. Dylan (Teuns) and<br \/>\nI will aim at getting a good GC placements and I&#8217;ll also for sure look<br \/>\nfor any good opportunities to win a stage. I am eager to start racing.<\/p>\n<p>Dylan Teuns (Bahrain &#8211; Victorious)<br \/>\nIt&#8217;s my first race since the TDF and I&#8217;m very motivated and will<br \/>\ndefinitely do my best to get good results. And who knows, maybe I will<br \/>\nbe lucky and good enough to relive the emotions of a few years ago.<\/p>\n<p>Tim Wellens (Lotto Soudal)<br \/>\nThe course looks really nice, I&#8217;d say it&#8217;s a bit less hard then in the<br \/>\npast but hard enough to make it challenging of course. The ITT looks<br \/>\nquite interesting with technical up and down.<\/p>\n","protected":false},"excerpt":{"rendered":"<p>We are just hours away from the start of the 78th edition of the Tour de Pologne and the 22 &hellip; <\/p>\n","protected":false},"author":6,"featured_media":24728,"comment_status":"closed","ping_status":"closed","sticky":false,"template":"","format":"standard","meta":{"_acf_changed":false,"footnotes":""},"categories":[95],"tags":[],"class_list":["post-24769","post","type-post","status-publish","format-standard","has-post-thumbnail","hentry","category-news-en"],"acf":[],"yoast_head":"<!-- This site is optimized with the Yoast SEO plugin v27.2 - https:\/\/yoast.com\/product\/yoast-seo-wordpress\/ -->\n<title>The Tour de Pologne teams were presented at the Teatralny Plac in Lublin - Tour de Pologne<\/title>\n<meta name=\"robots\" content=\"index, follow, max-snippet:-1, max-image-preview:large, max-video-preview:-1\" \/>\n<link rel=\"canonical\" href=\"https:\/\/www.tourdepologne.pl\/en\/2021\/08\/the-tour-de-pologne-teams-were-presented-at-the-teatralny-plac-in-lublin\/\" \/>\n<meta property=\"og:locale\" content=\"en_US\" \/>\n<meta property=\"og:type\" content=\"article\" \/>\n<meta property=\"og:title\" content=\"The Tour de Pologne teams were presented at the Teatralny Plac in Lublin - Tour de Pologne\" \/>\n<meta property=\"og:description\" content=\"We are just hours away from the start of the 78th edition of the Tour de Pologne and the 22 &hellip;\" \/>\n<meta property=\"og:url\" content=\"https:\/\/www.tourdepologne.pl\/en\/2021\/08\/the-tour-de-pologne-teams-were-presented-at-the-teatralny-plac-in-lublin\/\" \/>\n<meta property=\"og:site_name\" content=\"Tour de Pologne\" \/>\n<meta property=\"article:publisher\" content=\"https:\/\/www.facebook.com\/tourdepologne\" \/>\n<meta property=\"article:published_time\" content=\"2021-08-09T07:38:09+00:00\" \/>\n<meta property=\"article:modified_time\" content=\"2021-08-09T08:00:54+00:00\" \/>\n<meta property=\"og:image\" content=\"https:\/\/www.tourdepologne.pl\/wp-content\/uploads\/2021\/08\/Prezentacja-druzyn-tdp-19.jpg\" \/>\n\t<meta property=\"og:image:width\" content=\"1024\" \/>\n\t<meta property=\"og:image:height\" content=\"682\" \/>\n\t<meta property=\"og:image:type\" content=\"image\/jpeg\" \/>\n<meta name=\"author\" content=\"Press\" \/>\n<meta name=\"twitter:card\" content=\"summary_large_image\" \/>\n<meta name=\"twitter:creator\" content=\"@tour_de_pologne\" \/>\n<meta name=\"twitter:site\" content=\"@tour_de_pologne\" \/>\n<meta name=\"twitter:label1\" content=\"Written by\" \/>\n\t<meta name=\"twitter:data1\" content=\"Press\" \/>\n\t<meta name=\"twitter:label2\" content=\"Est. reading time\" \/>\n\t<meta name=\"twitter:data2\" content=\"7 minutes\" \/>\n<script type=\"application\/ld+json\" class=\"yoast-schema-graph\">{\"@context\":\"https:\/\/schema.org\",\"@graph\":[{\"@type\":\"Article\",\"@id\":\"https:\/\/www.tourdepologne.pl\/en\/2021\/08\/the-tour-de-pologne-teams-were-presented-at-the-teatralny-plac-in-lublin\/#article\",\"isPartOf\":{\"@id\":\"https:\/\/www.tourdepologne.pl\/en\/2021\/08\/the-tour-de-pologne-teams-were-presented-at-the-teatralny-plac-in-lublin\/\"},\"author\":{\"name\":\"Press\",\"@id\":\"https:\/\/www.tourdepologne.pl\/#\/schema\/person\/f4fe67774ed888efd15b2ce6e2c8ba8e\"},\"headline\":\"The Tour de Pologne teams were presented at the Teatralny Plac in Lublin\",\"datePublished\":\"2021-08-09T07:38:09+00:00\",\"dateModified\":\"2021-08-09T08:00:54+00:00\",\"mainEntityOfPage\":{\"@id\":\"https:\/\/www.tourdepologne.pl\/en\/2021\/08\/the-tour-de-pologne-teams-were-presented-at-the-teatralny-plac-in-lublin\/\"},\"wordCount\":1461,\"publisher\":{\"@id\":\"https:\/\/www.tourdepologne.pl\/#organization\"},\"image\":{\"@id\":\"https:\/\/www.tourdepologne.pl\/en\/2021\/08\/the-tour-de-pologne-teams-were-presented-at-the-teatralny-plac-in-lublin\/#primaryimage\"},\"thumbnailUrl\":\"https:\/\/www.tourdepologne.pl\/wp-content\/uploads\/2021\/08\/Prezentacja-druzyn-tdp-19.jpg\",\"articleSection\":[\"News en\"],\"inLanguage\":\"en-US\"},{\"@type\":\"WebPage\",\"@id\":\"https:\/\/www.tourdepologne.pl\/en\/2021\/08\/the-tour-de-pologne-teams-were-presented-at-the-teatralny-plac-in-lublin\/\",\"url\":\"https:\/\/www.tourdepologne.pl\/en\/2021\/08\/the-tour-de-pologne-teams-were-presented-at-the-teatralny-plac-in-lublin\/\",\"name\":\"The Tour de Pologne teams were presented at the Teatralny Plac in Lublin - Tour de Pologne\",\"isPartOf\":{\"@id\":\"https:\/\/www.tourdepologne.pl\/#website\"},\"primaryImageOfPage\":{\"@id\":\"https:\/\/www.tourdepologne.pl\/en\/2021\/08\/the-tour-de-pologne-teams-were-presented-at-the-teatralny-plac-in-lublin\/#primaryimage\"},\"image\":{\"@id\":\"https:\/\/www.tourdepologne.pl\/en\/2021\/08\/the-tour-de-pologne-teams-were-presented-at-the-teatralny-plac-in-lublin\/#primaryimage\"},\"thumbnailUrl\":\"https:\/\/www.tourdepologne.pl\/wp-content\/uploads\/2021\/08\/Prezentacja-druzyn-tdp-19.jpg\",\"datePublished\":\"2021-08-09T07:38:09+00:00\",\"dateModified\":\"2021-08-09T08:00:54+00:00\",\"breadcrumb\":{\"@id\":\"https:\/\/www.tourdepologne.pl\/en\/2021\/08\/the-tour-de-pologne-teams-were-presented-at-the-teatralny-plac-in-lublin\/#breadcrumb\"},\"inLanguage\":\"en-US\",\"potentialAction\":[{\"@type\":\"ReadAction\",\"target\":[\"https:\/\/www.tourdepologne.pl\/en\/2021\/08\/the-tour-de-pologne-teams-were-presented-at-the-teatralny-plac-in-lublin\/\"]}]},{\"@type\":\"ImageObject\",\"inLanguage\":\"en-US\",\"@id\":\"https:\/\/www.tourdepologne.pl\/en\/2021\/08\/the-tour-de-pologne-teams-were-presented-at-the-teatralny-plac-in-lublin\/#primaryimage\",\"url\":\"https:\/\/www.tourdepologne.pl\/wp-content\/uploads\/2021\/08\/Prezentacja-druzyn-tdp-19.jpg\",\"contentUrl\":\"https:\/\/www.tourdepologne.pl\/wp-content\/uploads\/2021\/08\/Prezentacja-druzyn-tdp-19.jpg\",\"width\":1024,\"height\":682},{\"@type\":\"BreadcrumbList\",\"@id\":\"https:\/\/www.tourdepologne.pl\/en\/2021\/08\/the-tour-de-pologne-teams-were-presented-at-the-teatralny-plac-in-lublin\/#breadcrumb\",\"itemListElement\":[{\"@type\":\"ListItem\",\"position\":1,\"name\":\"Strona g\u0142\u00f3wna\",\"item\":\"https:\/\/www.tourdepologne.pl\/en\/\"},{\"@type\":\"ListItem\",\"position\":2,\"name\":\"The Tour de Pologne teams were presented at the Teatralny Plac in Lublin\"}]},{\"@type\":\"WebSite\",\"@id\":\"https:\/\/www.tourdepologne.pl\/#website\",\"url\":\"https:\/\/www.tourdepologne.pl\/\",\"name\":\"Tour de Pologne\",\"description\":\"\",\"publisher\":{\"@id\":\"https:\/\/www.tourdepologne.pl\/#organization\"},\"potentialAction\":[{\"@type\":\"SearchAction\",\"target\":{\"@type\":\"EntryPoint\",\"urlTemplate\":\"https:\/\/www.tourdepologne.pl\/?s={search_term_string}\"},\"query-input\":{\"@type\":\"PropertyValueSpecification\",\"valueRequired\":true,\"valueName\":\"search_term_string\"}}],\"inLanguage\":\"en-US\"},{\"@type\":\"Organization\",\"@id\":\"https:\/\/www.tourdepologne.pl\/#organization\",\"name\":\"Wy\u015bcig kolarski Tour de Pologne\",\"url\":\"https:\/\/www.tourdepologne.pl\/\",\"logo\":{\"@type\":\"ImageObject\",\"inLanguage\":\"en-US\",\"@id\":\"https:\/\/www.tourdepologne.pl\/#\/schema\/logo\/image\/\",\"url\":\"https:\/\/www.tourdepologne.pl\/wp-content\/uploads\/2019\/06\/logo-tdp.png\",\"contentUrl\":\"https:\/\/www.tourdepologne.pl\/wp-content\/uploads\/2019\/06\/logo-tdp.png\",\"width\":450,\"height\":52,\"caption\":\"Wy\u015bcig kolarski Tour de Pologne\"},\"image\":{\"@id\":\"https:\/\/www.tourdepologne.pl\/#\/schema\/logo\/image\/\"},\"sameAs\":[\"https:\/\/www.facebook.com\/tourdepologne\",\"https:\/\/x.com\/tour_de_pologne\",\"https:\/\/www.instagram.com\/tourdepologne\/\",\"https:\/\/www.youtube.com\/@TourdePologne2011\"]},{\"@type\":\"Person\",\"@id\":\"https:\/\/www.tourdepologne.pl\/#\/schema\/person\/f4fe67774ed888efd15b2ce6e2c8ba8e\",\"name\":\"Press\",\"image\":{\"@type\":\"ImageObject\",\"inLanguage\":\"en-US\",\"@id\":\"https:\/\/secure.gravatar.com\/avatar\/df62f2f515b6857a7626e7d733ea81e452163a8e46d8c1787c083c5dd0ee42df?s=96&d=mm&r=g\",\"url\":\"https:\/\/secure.gravatar.com\/avatar\/df62f2f515b6857a7626e7d733ea81e452163a8e46d8c1787c083c5dd0ee42df?s=96&d=mm&r=g\",\"contentUrl\":\"https:\/\/secure.gravatar.com\/avatar\/df62f2f515b6857a7626e7d733ea81e452163a8e46d8c1787c083c5dd0ee42df?s=96&d=mm&r=g\",\"caption\":\"Press\"},\"url\":\"https:\/\/www.tourdepologne.pl\/en\/author\/press\/\"}]}<\/script>\n<!-- \/ Yoast SEO plugin. -->","yoast_head_json":{"title":"The Tour de Pologne teams were presented at the Teatralny Plac in Lublin - Tour de Pologne","robots":{"index":"index","follow":"follow","max-snippet":"max-snippet:-1","max-image-preview":"max-image-preview:large","max-video-preview":"max-video-preview:-1"},"canonical":"https:\/\/www.tourdepologne.pl\/en\/2021\/08\/the-tour-de-pologne-teams-were-presented-at-the-teatralny-plac-in-lublin\/","og_locale":"en_US","og_type":"article","og_title":"The Tour de Pologne teams were presented at the Teatralny Plac in Lublin - Tour de Pologne","og_description":"We are just hours away from the start of the 78th edition of the Tour de Pologne and the 22 &hellip;","og_url":"https:\/\/www.tourdepologne.pl\/en\/2021\/08\/the-tour-de-pologne-teams-were-presented-at-the-teatralny-plac-in-lublin\/","og_site_name":"Tour de Pologne","article_publisher":"https:\/\/www.facebook.com\/tourdepologne","article_published_time":"2021-08-09T07:38:09+00:00","article_modified_time":"2021-08-09T08:00:54+00:00","og_image":[{"width":1024,"height":682,"url":"https:\/\/www.tourdepologne.pl\/wp-content\/uploads\/2021\/08\/Prezentacja-druzyn-tdp-19.jpg","type":"image\/jpeg"}],"author":"Press","twitter_card":"summary_large_image","twitter_creator":"@tour_de_pologne","twitter_site":"@tour_de_pologne","twitter_misc":{"Written by":"Press","Est. reading time":"7 minutes"},"schema":{"@context":"https:\/\/schema.org","@graph":[{"@type":"Article","@id":"https:\/\/www.tourdepologne.pl\/en\/2021\/08\/the-tour-de-pologne-teams-were-presented-at-the-teatralny-plac-in-lublin\/#article","isPartOf":{"@id":"https:\/\/www.tourdepologne.pl\/en\/2021\/08\/the-tour-de-pologne-teams-were-presented-at-the-teatralny-plac-in-lublin\/"},"author":{"name":"Press","@id":"https:\/\/www.tourdepologne.pl\/#\/schema\/person\/f4fe67774ed888efd15b2ce6e2c8ba8e"},"headline":"The Tour de Pologne teams were presented at the Teatralny Plac in Lublin","datePublished":"2021-08-09T07:38:09+00:00","dateModified":"2021-08-09T08:00:54+00:00","mainEntityOfPage":{"@id":"https:\/\/www.tourdepologne.pl\/en\/2021\/08\/the-tour-de-pologne-teams-were-presented-at-the-teatralny-plac-in-lublin\/"},"wordCount":1461,"publisher":{"@id":"https:\/\/www.tourdepologne.pl\/#organization"},"image":{"@id":"https:\/\/www.tourdepologne.pl\/en\/2021\/08\/the-tour-de-pologne-teams-were-presented-at-the-teatralny-plac-in-lublin\/#primaryimage"},"thumbnailUrl":"https:\/\/www.tourdepologne.pl\/wp-content\/uploads\/2021\/08\/Prezentacja-druzyn-tdp-19.jpg","articleSection":["News en"],"inLanguage":"en-US"},{"@type":"WebPage","@id":"https:\/\/www.tourdepologne.pl\/en\/2021\/08\/the-tour-de-pologne-teams-were-presented-at-the-teatralny-plac-in-lublin\/","url":"https:\/\/www.tourdepologne.pl\/en\/2021\/08\/the-tour-de-pologne-teams-were-presented-at-the-teatralny-plac-in-lublin\/","name":"The Tour de Pologne teams were presented at the Teatralny Plac in Lublin - Tour de Pologne","isPartOf":{"@id":"https:\/\/www.tourdepologne.pl\/#website"},"primaryImageOfPage":{"@id":"https:\/\/www.tourdepologne.pl\/en\/2021\/08\/the-tour-de-pologne-teams-were-presented-at-the-teatralny-plac-in-lublin\/#primaryimage"},"image":{"@id":"https:\/\/www.tourdepologne.pl\/en\/2021\/08\/the-tour-de-pologne-teams-were-presented-at-the-teatralny-plac-in-lublin\/#primaryimage"},"thumbnailUrl":"https:\/\/www.tourdepologne.pl\/wp-content\/uploads\/2021\/08\/Prezentacja-druzyn-tdp-19.jpg","datePublished":"2021-08-09T07:38:09+00:00","dateModified":"2021-08-09T08:00:54+00:00","breadcrumb":{"@id":"https:\/\/www.tourdepologne.pl\/en\/2021\/08\/the-tour-de-pologne-teams-were-presented-at-the-teatralny-plac-in-lublin\/#breadcrumb"},"inLanguage":"en-US","potentialAction":[{"@type":"ReadAction","target":["https:\/\/www.tourdepologne.pl\/en\/2021\/08\/the-tour-de-pologne-teams-were-presented-at-the-teatralny-plac-in-lublin\/"]}]},{"@type":"ImageObject","inLanguage":"en-US","@id":"https:\/\/www.tourdepologne.pl\/en\/2021\/08\/the-tour-de-pologne-teams-were-presented-at-the-teatralny-plac-in-lublin\/#primaryimage","url":"https:\/\/www.tourdepologne.pl\/wp-content\/uploads\/2021\/08\/Prezentacja-druzyn-tdp-19.jpg","contentUrl":"https:\/\/www.tourdepologne.pl\/wp-content\/uploads\/2021\/08\/Prezentacja-druzyn-tdp-19.jpg","width":1024,"height":682},{"@type":"BreadcrumbList","@id":"https:\/\/www.tourdepologne.pl\/en\/2021\/08\/the-tour-de-pologne-teams-were-presented-at-the-teatralny-plac-in-lublin\/#breadcrumb","itemListElement":[{"@type":"ListItem","position":1,"name":"Strona g\u0142\u00f3wna","item":"https:\/\/www.tourdepologne.pl\/en\/"},{"@type":"ListItem","position":2,"name":"The Tour de Pologne teams were presented at the Teatralny Plac in Lublin"}]},{"@type":"WebSite","@id":"https:\/\/www.tourdepologne.pl\/#website","url":"https:\/\/www.tourdepologne.pl\/","name":"Tour de Pologne","description":"","publisher":{"@id":"https:\/\/www.tourdepologne.pl\/#organization"},"potentialAction":[{"@type":"SearchAction","target":{"@type":"EntryPoint","urlTemplate":"https:\/\/www.tourdepologne.pl\/?s={search_term_string}"},"query-input":{"@type":"PropertyValueSpecification","valueRequired":true,"valueName":"search_term_string"}}],"inLanguage":"en-US"},{"@type":"Organization","@id":"https:\/\/www.tourdepologne.pl\/#organization","name":"Wy\u015bcig kolarski Tour de Pologne","url":"https:\/\/www.tourdepologne.pl\/","logo":{"@type":"ImageObject","inLanguage":"en-US","@id":"https:\/\/www.tourdepologne.pl\/#\/schema\/logo\/image\/","url":"https:\/\/www.tourdepologne.pl\/wp-content\/uploads\/2019\/06\/logo-tdp.png","contentUrl":"https:\/\/www.tourdepologne.pl\/wp-content\/uploads\/2019\/06\/logo-tdp.png","width":450,"height":52,"caption":"Wy\u015bcig kolarski Tour de Pologne"},"image":{"@id":"https:\/\/www.tourdepologne.pl\/#\/schema\/logo\/image\/"},"sameAs":["https:\/\/www.facebook.com\/tourdepologne","https:\/\/x.com\/tour_de_pologne","https:\/\/www.instagram.com\/tourdepologne\/","https:\/\/www.youtube.com\/@TourdePologne2011"]},{"@type":"Person","@id":"https:\/\/www.tourdepologne.pl\/#\/schema\/person\/f4fe67774ed888efd15b2ce6e2c8ba8e","name":"Press","image":{"@type":"ImageObject","inLanguage":"en-US","@id":"https:\/\/secure.gravatar.com\/avatar\/df62f2f515b6857a7626e7d733ea81e452163a8e46d8c1787c083c5dd0ee42df?s=96&d=mm&r=g","url":"https:\/\/secure.gravatar.com\/avatar\/df62f2f515b6857a7626e7d733ea81e452163a8e46d8c1787c083c5dd0ee42df?s=96&d=mm&r=g","contentUrl":"https:\/\/secure.gravatar.com\/avatar\/df62f2f515b6857a7626e7d733ea81e452163a8e46d8c1787c083c5dd0ee42df?s=96&d=mm&r=g","caption":"Press"},"url":"https:\/\/www.tourdepologne.pl\/en\/author\/press\/"}]}},"_links":{"self":[{"href":"https:\/\/www.tourdepologne.pl\/en\/wp-json\/wp\/v2\/posts\/24769","targetHints":{"allow":["GET"]}}],"collection":[{"href":"https:\/\/www.tourdepologne.pl\/en\/wp-json\/wp\/v2\/posts"}],"about":[{"href":"https:\/\/www.tourdepologne.pl\/en\/wp-json\/wp\/v2\/types\/post"}],"author":[{"embeddable":true,"href":"https:\/\/www.tourdepologne.pl\/en\/wp-json\/wp\/v2\/users\/6"}],"replies":[{"embeddable":true,"href":"https:\/\/www.tourdepologne.pl\/en\/wp-json\/wp\/v2\/comments?post=24769"}],"version-history":[{"count":1,"href":"https:\/\/www.tourdepologne.pl\/en\/wp-json\/wp\/v2\/posts\/24769\/revisions"}],"predecessor-version":[{"id":24770,"href":"https:\/\/www.tourdepologne.pl\/en\/wp-json\/wp\/v2\/posts\/24769\/revisions\/24770"}],"wp:featuredmedia":[{"embeddable":true,"href":"https:\/\/www.tourdepologne.pl\/en\/wp-json\/wp\/v2\/media\/24728"}],"wp:attachment":[{"href":"https:\/\/www.tourdepologne.pl\/en\/wp-json\/wp\/v2\/media?parent=24769"}],"wp:term":[{"taxonomy":"category","embeddable":true,"href":"https:\/\/www.tourdepologne.pl\/en\/wp-json\/wp\/v2\/categories?post=24769"},{"taxonomy":"post_tag","embeddable":true,"href":"https:\/\/www.tourdepologne.pl\/en\/wp-json\/wp\/v2\/tags?post=24769"}],"curies":[{"name":"wp","href":"https:\/\/api.w.org\/{rel}","templated":true}]}}