{"id":25068,"date":"2021-08-10T11:47:15","date_gmt":"2021-08-10T09:47:15","guid":{"rendered":"https:\/\/www.tourdepologne.pl\/?p=25068"},"modified":"2021-08-11T09:34:39","modified_gmt":"2021-08-11T07:34:39","slug":"stage-2-zamosc-przemysl-201-km","status":"publish","type":"post","link":"https:\/\/www.tourdepologne.pl\/en\/2021\/08\/stage-2-zamosc-przemysl-201-km\/","title":{"rendered":"Stage 2 &#8211; ZAMO\u015a\u0106 \u2013 PRZEMY\u015aL \/ 201 KM"},"content":{"rendered":"<div class=\"wpb-content-wrapper\"><p>[vc_row][vc_column][vc_column_text]<em>Zamosc,\u00a010th August <\/em><em>2021<\/em> &#8211; The 201 km second stage unfolds between the Renaissance city of Zamo\u015b\u0107 and Przemy\u015bl, an important strategic, economic, and commercial center. The route is characterized by a predominantly undulating first part and a very treacherous second section. The riders will be engaged in a circuit that takes in three climbs, one 3rd cat and two 2nd cat, which will make them tackle an 1800m total elevation gain.<br \/>\nThe race result will be settled in the last 1500m where the field will roll on a wide downhill road on tarmac that progressively narrows and runs on setts, whereas the climb includes sections with 13 to 15% gradients.[\/vc_column_text][\/vc_column][\/vc_row][vc_row][vc_column][vc_single_image image=&#8221;25069&#8243; img_size=&#8221;large&#8221;][vc_column_text]<\/p>\n<table class=\"gmail-v1kmTextBlock\" border=\"0\" width=\"100%\" cellspacing=\"0\" cellpadding=\"0\">\n<tbody class=\"gmail-v1kmTextBlockOuter\">\n<tr>\n<td class=\"gmail-v1kmTextBlockInner\" valign=\"top\">\n<table class=\"gmail-v1kmTextContentContainer\" border=\"0\" width=\"100%\" cellspacing=\"0\" cellpadding=\"0\" align=\"left\">\n<tbody>\n<tr>\n<td class=\"gmail-v1kmTextContent\" valign=\"top\">Stage features &#8211; <a href=\"http:\/\/trk.klclick.com\/ls\/click?upn=3zg5UVoW4gfXICBKza2-2BcT0BbDUb55EekCN-2F1VQbPauOToWDwX7tfW-2BY7Y62fH7QT9kQWQw4WjX7jr7VNSwbj7-2BAaoBzNUbyI2tRZjkChRl8UatZfVJvXUYwPzL6ppwBZipe6fxY-2FipucHVNPfYgaQ-3D-3DoLVv_Np2n8AK-2BlBGvcwADjB-2FUCILLpNx6XWWuatRfuKkvn8RkB2E5kHke-2FQKhTFa8LrrUtrzd39C9iUrkwzFvOPylpeujLiUT0o9Rpf21GpbbIS4DLa2gOpAL-2BueFnIY-2BXl3e417OZMMALJLXtS3RpiazDTY-2FzfDoGT0GU1xwRyPq1qeBvVnWwulNqfym5LKj6OoIWj-2FdcL-2Bzo1P3wWho8ACJNJ-2FBGSPD2WgzuGVdbJ82QN3M7ZWFFm-2FTt1YjQ-2ForCSpdj15hFnLNYLNVLVrf-2B-2F8q598EfzTCyJNeX99UqivzylHkdQCn1Fpqc7SxsR7GeRKyK27fxDYB3Gah1NNoQwWj2SM9bnk2PMksz7Exee-2BiukQTZboLFxJ-2FXdh6-2BHyF1bhecJSisJNwLgp2jD3QzqSQ-2FA-3D-3D\" target=\"_blank\" rel=\"noopener noreferrer\">https:\/\/www.tourdepologne.pl\/en\/stage-2\/\u00a0<\/a><\/td>\n<\/tr>\n<\/tbody>\n<\/table>\n<\/td>\n<\/tr>\n<\/tbody>\n<\/table>\n<table class=\"gmail-v1kmSplitBlock\" border=\"0\" width=\"100%\" cellspacing=\"0\" cellpadding=\"0\">\n<tbody class=\"gmail-v1kmSplitBlockOuter\">\n<tr>\n<td class=\"gmail-v1kmSplitBlockInner\" valign=\"top\">\n<table class=\"gmail-v1kmSplitContentOuter\" border=\"0\" width=\"100%\" cellspacing=\"0\" cellpadding=\"0\" align=\"left\">\n<tbody>\n<tr>\n<td class=\"gmail-v1kmSplitContentInner\" valign=\"top\">\n<table class=\"gmail-v1kmSplitContentLeftContentContainer\" border=\"0\" width=\"264\" cellspacing=\"0\" cellpadding=\"0\" align=\"left\">\n<tbody>\n<tr>\n<td class=\"gmail-v1kmTextContent\" valign=\"top\">LOTTO Intermediate Sprint: #2<\/td>\n<\/tr>\n<\/tbody>\n<\/table>\n<table class=\"gmail-v1kmSplitContentRightContentContainer\" border=\"0\" width=\"264\" cellspacing=\"0\" cellpadding=\"0\" align=\"right\">\n<tbody>\n<tr>\n<td class=\"gmail-v1kmTextContent\" valign=\"top\">\n<p dir=\"ltr\">Krasnobr\u00f3d \u2013 (km 21.2)<br \/>\nJ\u00f3zef\u00f3w (km 37.3)<\/p>\n<\/td>\n<\/tr>\n<\/tbody>\n<\/table>\n<\/td>\n<\/tr>\n<\/tbody>\n<\/table>\n<\/td>\n<\/tr>\n<\/tbody>\n<\/table>\n<table class=\"gmail-v1kmSplitBlock\" border=\"0\" width=\"100%\" cellspacing=\"0\" cellpadding=\"0\">\n<tbody class=\"gmail-v1kmSplitBlockOuter\">\n<tr>\n<td class=\"gmail-v1kmSplitBlockInner\" valign=\"top\">\n<table class=\"gmail-v1kmSplitContentOuter\" border=\"0\" width=\"100%\" cellspacing=\"0\" cellpadding=\"0\" align=\"left\">\n<tbody>\n<tr>\n<td class=\"gmail-v1kmSplitContentInner\" valign=\"top\">\n<table class=\"gmail-v1kmSplitContentLeftContentContainer\" border=\"0\" width=\"264\" cellspacing=\"0\" cellpadding=\"0\" align=\"left\">\n<tbody>\n<tr>\n<td class=\"gmail-v1kmTextContent\" valign=\"top\">PZU: #3<\/td>\n<\/tr>\n<\/tbody>\n<\/table>\n<table class=\"gmail-v1kmSplitContentRightContentContainer\" border=\"0\" width=\"264\" cellspacing=\"0\" cellpadding=\"0\" align=\"right\">\n<tbody>\n<tr>\n<td class=\"gmail-v1kmTextContent\" valign=\"top\">\n<p dir=\"ltr\">W\u00f3lka Husi\u0144ska (GP III cat &#8211; km 25.9)<br \/>\nKalwaria Pac\u0142awska (GP II &#8211; km 171,3)<br \/>\nGriszowa (GP III &#8211; km 177,3)<\/p>\n<\/td>\n<\/tr>\n<\/tbody>\n<\/table>\n<\/td>\n<\/tr>\n<\/tbody>\n<\/table>\n<\/td>\n<\/tr>\n<\/tbody>\n<\/table>\n<table class=\"gmail-v1kmSplitBlock\" border=\"0\" width=\"100%\" cellspacing=\"0\" cellpadding=\"0\">\n<tbody class=\"gmail-v1kmSplitBlockOuter\">\n<tr>\n<td class=\"gmail-v1kmSplitBlockInner\" valign=\"top\">\n<table class=\"gmail-v1kmSplitContentOuter\" border=\"0\" width=\"100%\" cellspacing=\"0\" cellpadding=\"0\" align=\"left\">\n<tbody>\n<tr>\n<td class=\"gmail-v1kmSplitContentInner\" valign=\"top\">\n<table class=\"gmail-v1kmSplitContentLeftContentContainer\" border=\"0\" width=\"264\" cellspacing=\"0\" cellpadding=\"0\" align=\"left\">\n<tbody>\n<tr>\n<td class=\"gmail-v1kmTextContent\" valign=\"top\">Finish line:<\/td>\n<\/tr>\n<\/tbody>\n<\/table>\n<table class=\"gmail-v1kmSplitContentRightContentContainer\" border=\"0\" width=\"264\" cellspacing=\"0\" cellpadding=\"0\" align=\"right\">\n<tbody>\n<tr>\n<td class=\"gmail-v1kmTextContent\" valign=\"top\">Przemy\u015bl<\/td>\n<\/tr>\n<\/tbody>\n<\/table>\n<\/td>\n<\/tr>\n<\/tbody>\n<\/table>\n<\/td>\n<\/tr>\n<\/tbody>\n<\/table>\n<p>[\/vc_column_text][\/vc_column][\/vc_row][vc_row][vc_column][vc_column_text]<strong>Points of interest<\/strong><\/p>\n<p><u><\/u>Old City of Zamo\u015b\u0107 &#8211; UNESCO Heritage centre<br \/>\nModelled on Italian theories of the &#8216;ideal city&#8217; and built by the architect Bernando Morando, a native of Padua, Zamo\u015b\u0107 is a perfect example of a late-16th-century Renaissance town. Located on the trade route linking western and northern Europe with the Black Sea, it has retained its original layout and fortifications and a large number of buildings that combine Italian and central European architectural traditions. In 1994 the Historical centre of the city was added to the World Heritage List, recognized for being &#8220;a unique example of a Renaissance town in Central Europe&#8221;.<\/p>\n<p>Krasiczyn Castle<br \/>\nThe late-Renaissance &#8216;castle&#8217; at Krasiczyn &#8211; almost 14 min from Przemy\u015bl &#8211; was built between 1592 and 1618 by the Italian architect Galeazzo Appiani for the wealthy Krasicki family. With its whitewashed walls, turreted towers and spacious, arcaded courtyard, it remains wonderfully romantic. The castle has two residential wings and two curtain walls crowned with a scenographic attic while the four corner towers are called: Divine, Papal, Royal and Noble. The walls are covered with decorations depicting Polish kings, medallions, biblical and hunting scenes. The ancient English Landscape Garden that surrounds the castle it&#8217;s a true pearl: with its small islands located in the southern park, the old and rare species of tree and the various species of birds this place gives to every visitor a truly magical experience.[\/vc_column_text][\/vc_column][\/vc_row][vc_row][vc_column][vc_column_text]<\/p>\n<table class=\"gmail-v1kmTextBlock\" border=\"0\" width=\"100%\" cellspacing=\"0\" cellpadding=\"0\">\n<tbody class=\"gmail-v1kmTextBlockOuter\">\n<tr>\n<td class=\"gmail-v1kmTextBlockInner\" valign=\"top\">\n<table class=\"gmail-v1kmTextContentContainer\" border=\"0\" width=\"100%\" cellspacing=\"0\" cellpadding=\"0\" align=\"left\">\n<tbody>\n<tr>\n<td class=\"gmail-v1kmTextContent\" valign=\"top\">Stage 1 Results<\/td>\n<\/tr>\n<\/tbody>\n<\/table>\n<\/td>\n<\/tr>\n<\/tbody>\n<\/table>\n<table class=\"gmail-v1kmSplitBlock\" border=\"0\" width=\"100%\" cellspacing=\"0\" cellpadding=\"0\">\n<tbody class=\"gmail-v1kmSplitBlockOuter\">\n<tr>\n<td class=\"gmail-v1kmSplitBlockInner\" valign=\"top\">\n<table class=\"gmail-v1kmSplitContentOuter\" border=\"0\" width=\"100%\" cellspacing=\"0\" cellpadding=\"0\" align=\"left\">\n<tbody>\n<tr>\n<td class=\"gmail-v1kmSplitContentInner\" valign=\"top\">\n<table class=\"gmail-v1kmSplitContentLeftContentContainer\" border=\"0\" width=\"264\" cellspacing=\"0\" cellpadding=\"0\" align=\"left\">\n<tbody>\n<tr>\n<td class=\"gmail-v1kmTextContent\" valign=\"top\">General Classification (Carrefour)<\/td>\n<\/tr>\n<\/tbody>\n<\/table>\n<table class=\"gmail-v1kmSplitContentRightContentContainer\" border=\"0\" width=\"264\" cellspacing=\"0\" cellpadding=\"0\" align=\"right\">\n<tbody>\n<tr>\n<td class=\"gmail-v1kmTextContent\" valign=\"top\">\n<div>Bauhaus\u00a0Phil (Bahrain &#8211; Victorius)<\/div>\n<\/td>\n<\/tr>\n<\/tbody>\n<\/table>\n<\/td>\n<\/tr>\n<\/tbody>\n<\/table>\n<\/td>\n<\/tr>\n<\/tbody>\n<\/table>\n<table class=\"gmail-v1kmSplitBlock\" border=\"0\" width=\"100%\" cellspacing=\"0\" cellpadding=\"0\">\n<tbody class=\"gmail-v1kmSplitBlockOuter\">\n<tr>\n<td class=\"gmail-v1kmSplitBlockInner\" valign=\"top\">\n<table class=\"gmail-v1kmSplitContentOuter\" border=\"0\" width=\"100%\" cellspacing=\"0\" cellpadding=\"0\" align=\"left\">\n<tbody>\n<tr>\n<td class=\"gmail-v1kmSplitContentInner\" valign=\"top\">\n<table class=\"gmail-v1kmSplitContentLeftContentContainer\" border=\"0\" width=\"264\" cellspacing=\"0\" cellpadding=\"0\" align=\"left\">\n<tbody>\n<tr>\n<td class=\"gmail-v1kmTextContent\" valign=\"top\">KOM (PZU)<\/td>\n<\/tr>\n<\/tbody>\n<\/table>\n<table class=\"gmail-v1kmSplitContentRightContentContainer\" border=\"0\" width=\"264\" cellspacing=\"0\" cellpadding=\"0\" align=\"right\">\n<tbody>\n<tr>\n<td class=\"gmail-v1kmTextContent\" valign=\"top\">\n<div>Paluta Michal (Poland)<\/div>\n<\/td>\n<\/tr>\n<\/tbody>\n<\/table>\n<\/td>\n<\/tr>\n<\/tbody>\n<\/table>\n<\/td>\n<\/tr>\n<\/tbody>\n<\/table>\n<table class=\"gmail-v1kmSplitBlock\" border=\"0\" width=\"100%\" cellspacing=\"0\" cellpadding=\"0\">\n<tbody class=\"gmail-v1kmSplitBlockOuter\">\n<tr>\n<td class=\"gmail-v1kmSplitBlockInner\" valign=\"top\">\n<table class=\"gmail-v1kmSplitContentOuter\" border=\"0\" width=\"100%\" cellspacing=\"0\" cellpadding=\"0\" align=\"left\">\n<tbody>\n<tr>\n<td class=\"gmail-v1kmSplitContentInner\" valign=\"top\">\n<table class=\"gmail-v1kmSplitContentLeftContentContainer\" border=\"0\" width=\"264\" cellspacing=\"0\" cellpadding=\"0\" align=\"left\">\n<tbody>\n<tr>\n<td class=\"gmail-v1kmTextContent\" valign=\"top\">Points (LOTOS)<\/td>\n<\/tr>\n<\/tbody>\n<\/table>\n<table class=\"gmail-v1kmSplitContentRightContentContainer\" border=\"0\" width=\"264\" cellspacing=\"0\" cellpadding=\"0\" align=\"right\">\n<tbody>\n<tr>\n<td class=\"gmail-v1kmTextContent\" valign=\"top\">\n<div>Bauhaus\u00a0Phil (Bahrain &#8211; Victorious)<\/div>\n<\/td>\n<\/tr>\n<\/tbody>\n<\/table>\n<\/td>\n<\/tr>\n<\/tbody>\n<\/table>\n<\/td>\n<\/tr>\n<\/tbody>\n<\/table>\n<table class=\"gmail-v1kmSplitBlock\" border=\"0\" width=\"100%\" cellspacing=\"0\" cellpadding=\"0\">\n<tbody class=\"gmail-v1kmSplitBlockOuter\">\n<tr>\n<td class=\"gmail-v1kmSplitBlockInner\" valign=\"top\">\n<table class=\"gmail-v1kmSplitContentOuter\" border=\"0\" width=\"100%\" cellspacing=\"0\" cellpadding=\"0\" align=\"left\">\n<tbody>\n<tr>\n<td class=\"gmail-v1kmSplitContentInner\" valign=\"top\">\n<table class=\"gmail-v1kmSplitContentLeftContentContainer\" border=\"0\" width=\"264\" cellspacing=\"0\" cellpadding=\"0\" align=\"left\">\n<tbody>\n<tr>\n<td class=\"gmail-v1kmTextContent\" valign=\"top\">Best Team (ENERGA)<\/td>\n<\/tr>\n<\/tbody>\n<\/table>\n<table class=\"gmail-v1kmSplitContentRightContentContainer\" border=\"0\" width=\"264\" cellspacing=\"0\" cellpadding=\"0\" align=\"right\">\n<tbody>\n<tr>\n<td class=\"gmail-v1kmTextContent\" valign=\"top\">\n<div>\n<div>Bahrain &#8211; Victorious<\/div>\n<\/div>\n<\/td>\n<\/tr>\n<\/tbody>\n<\/table>\n<\/td>\n<\/tr>\n<\/tbody>\n<\/table>\n<\/td>\n<\/tr>\n<\/tbody>\n<\/table>\n<table class=\"gmail-v1kmSplitBlock\" border=\"0\" width=\"100%\" cellspacing=\"0\" cellpadding=\"0\">\n<tbody class=\"gmail-v1kmSplitBlockOuter\">\n<tr>\n<td class=\"gmail-v1kmSplitBlockInner\" valign=\"top\">\n<table class=\"gmail-v1kmSplitContentOuter\" border=\"0\" width=\"100%\" cellspacing=\"0\" cellpadding=\"0\" align=\"left\">\n<tbody>\n<tr>\n<td class=\"gmail-v1kmSplitContentInner\" valign=\"top\">\n<table class=\"gmail-v1kmSplitContentLeftContentContainer\" border=\"0\" width=\"264\" cellspacing=\"0\" cellpadding=\"0\" align=\"left\">\n<tbody>\n<tr>\n<td class=\"gmail-v1kmTextContent\" valign=\"top\">Most Active rider (LOTTO)<\/td>\n<\/tr>\n<\/tbody>\n<\/table>\n<table class=\"gmail-v1kmSplitContentRightContentContainer\" border=\"0\" width=\"264\" cellspacing=\"0\" cellpadding=\"0\" align=\"right\">\n<tbody>\n<tr>\n<td class=\"gmail-v1kmTextContent\" valign=\"top\">\n<div>\n<div>\n<div>Yevgeniy F\u00ebdorov (Astana &#8211; Premier Tech)<\/div>\n<\/div>\n<\/div>\n<\/td>\n<\/tr>\n<\/tbody>\n<\/table>\n<\/td>\n<\/tr>\n<\/tbody>\n<\/table>\n<\/td>\n<\/tr>\n<\/tbody>\n<\/table>\n<table class=\"gmail-v1kmSplitBlock\" border=\"0\" width=\"100%\" cellspacing=\"0\" cellpadding=\"0\">\n<tbody class=\"gmail-v1kmSplitBlockOuter\">\n<tr>\n<td class=\"gmail-v1kmSplitBlockInner\" valign=\"top\">\n<table class=\"gmail-v1kmSplitContentOuter\" border=\"0\" width=\"100%\" cellspacing=\"0\" cellpadding=\"0\" align=\"left\">\n<tbody>\n<tr>\n<td class=\"gmail-v1kmSplitContentInner\" valign=\"top\">\n<table class=\"gmail-v1kmSplitContentLeftContentContainer\" border=\"0\" width=\"264\" cellspacing=\"0\" cellpadding=\"0\" align=\"left\">\n<tbody>\n<tr>\n<td class=\"gmail-v1kmTextContent\" valign=\"top\">Best Polish rider<\/td>\n<\/tr>\n<\/tbody>\n<\/table>\n<table class=\"gmail-v1kmSplitContentRightContentContainer\" border=\"0\" width=\"264\" cellspacing=\"0\" cellpadding=\"0\" align=\"right\">\n<tbody>\n<tr>\n<td class=\"gmail-v1kmTextContent\" valign=\"top\">\n<div>\n<div>\n<div>Michal Kwiatkowski (Ineos Grenadier)<\/div>\n<\/div>\n<\/div>\n<\/td>\n<\/tr>\n<\/tbody>\n<\/table>\n<\/td>\n<\/tr>\n<\/tbody>\n<\/table>\n<\/td>\n<\/tr>\n<\/tbody>\n<\/table>\n<table class=\"gmail-v1kmDividerBlock\" border=\"0\" width=\"100%\" cellspacing=\"0\" cellpadding=\"0\">\n<tbody class=\"gmail-v1kmDividerBlockOuter\">\n<tr>\n<td class=\"gmail-v1kmDividerBlockInner\">\n<table class=\"gmail-v1kmDividerContent\" border=\"0\" width=\"100%\" cellspacing=\"0\" cellpadding=\"0\">\n<tbody>\n<tr>\n<td><\/td>\n<\/tr>\n<\/tbody>\n<\/table>\n<\/td>\n<\/tr>\n<\/tbody>\n<\/table>\n<table class=\"gmail-v1kmSplitBlock\" border=\"0\" width=\"100%\" cellspacing=\"0\" cellpadding=\"0\">\n<tbody class=\"gmail-v1kmSplitBlockOuter\">\n<tr>\n<td class=\"gmail-v1kmSplitBlockInner\" valign=\"top\">\n<table class=\"gmail-v1kmSplitContentOuter\" border=\"0\" width=\"100%\" cellspacing=\"0\" cellpadding=\"0\" align=\"left\">\n<tbody>\n<tr>\n<td class=\"gmail-v1kmSplitContentInner\" valign=\"top\">\n<table class=\"gmail-v1kmSplitContentLeftContentContainer\" border=\"0\" width=\"264\" cellspacing=\"0\" cellpadding=\"0\" align=\"left\">\n<tbody>\n<tr>\n<td class=\"gmail-v1kmTextContent\" valign=\"top\"><u>DNF Riders<\/u><\/td>\n<\/tr>\n<\/tbody>\n<\/table>\n<table class=\"gmail-v1kmSplitContentRightContentContainer\" border=\"0\" width=\"264\" cellspacing=\"0\" cellpadding=\"0\" align=\"right\">\n<tbody>\n<tr>\n<td class=\"gmail-v1kmTextContent\" valign=\"top\">\n<div>\n<div>\n<div>Pascal Ackermann (BOH)<br \/>\nMarcus Burghardt (BOH)<br \/>\nKilian Frankiny (TQA)<\/div>\n<\/div>\n<\/div>\n<\/td>\n<\/tr>\n<\/tbody>\n<\/table>\n<\/td>\n<\/tr>\n<\/tbody>\n<\/table>\n<\/td>\n<\/tr>\n<\/tbody>\n<\/table>\n<p>[\/vc_column_text][\/vc_column][\/vc_row][vc_row][vc_column][vc_video link=&#8221;https:\/\/www.youtube.com\/watch?v=f2PEd4zyMgE&#8221;][\/vc_column][\/vc_row][vc_row][vc_column][vc_video link=&#8221;https:\/\/www.youtube.com\/watch?v=aSeIO7_cc2Q&amp;t=93s&#8221;][\/vc_column][\/vc_row]<\/p>\n<\/div>","protected":false},"excerpt":{"rendered":"<p>[vc_row][vc_column][vc_column_text]Zamosc,\u00a010th August 2021 &#8211; The 201 km second stage unfolds between the Renaissance city of Zamo\u015b\u0107 and Przemy\u015bl, an important &hellip; <\/p>\n","protected":false},"author":6,"featured_media":25070,"comment_status":"closed","ping_status":"closed","sticky":false,"template":"","format":"standard","meta":{"_acf_changed":false,"footnotes":""},"categories":[95],"tags":[],"class_list":["post-25068","post","type-post","status-publish","format-standard","has-post-thumbnail","hentry","category-news-en"],"acf":[],"yoast_head":"<!-- This site is optimized with the Yoast SEO plugin v27.2 - https:\/\/yoast.com\/product\/yoast-seo-wordpress\/ -->\n<title>Stage 2 - ZAMO\u015a\u0106 \u2013 PRZEMY\u015aL \/ 201 KM - Tour de Pologne<\/title>\n<meta name=\"robots\" content=\"index, follow, max-snippet:-1, max-image-preview:large, max-video-preview:-1\" \/>\n<link rel=\"canonical\" href=\"https:\/\/www.tourdepologne.pl\/en\/2021\/08\/stage-2-zamosc-przemysl-201-km\/\" \/>\n<meta property=\"og:locale\" content=\"en_US\" \/>\n<meta property=\"og:type\" content=\"article\" \/>\n<meta property=\"og:title\" content=\"Stage 2 - ZAMO\u015a\u0106 \u2013 PRZEMY\u015aL \/ 201 KM - Tour de Pologne\" \/>\n<meta property=\"og:description\" content=\"[vc_row][vc_column][vc_column_text]Zamosc,\u00a010th August 2021 &#8211; The 201 km second stage unfolds between the Renaissance city of Zamo\u015b\u0107 and Przemy\u015bl, an important &hellip;\" \/>\n<meta property=\"og:url\" content=\"https:\/\/www.tourdepologne.pl\/en\/2021\/08\/stage-2-zamosc-przemysl-201-km\/\" \/>\n<meta property=\"og:site_name\" content=\"Tour de Pologne\" \/>\n<meta property=\"article:publisher\" content=\"https:\/\/www.facebook.com\/tourdepologne\" \/>\n<meta property=\"article:published_time\" content=\"2021-08-10T09:47:15+00:00\" \/>\n<meta property=\"article:modified_time\" content=\"2021-08-11T07:34:39+00:00\" \/>\n<meta property=\"og:image\" content=\"https:\/\/www.tourdepologne.pl\/wp-content\/uploads\/2021\/08\/141ecc36-8010-43f9-a8fa-c053e14c4d19.jpeg\" \/>\n\t<meta property=\"og:image:width\" content=\"1010\" \/>\n\t<meta property=\"og:image:height\" content=\"1446\" \/>\n\t<meta property=\"og:image:type\" content=\"image\/jpeg\" \/>\n<meta name=\"author\" content=\"Press\" \/>\n<meta name=\"twitter:card\" content=\"summary_large_image\" \/>\n<meta name=\"twitter:creator\" content=\"@tour_de_pologne\" \/>\n<meta name=\"twitter:site\" content=\"@tour_de_pologne\" \/>\n<meta name=\"twitter:label1\" content=\"Written by\" \/>\n\t<meta name=\"twitter:data1\" content=\"Press\" \/>\n\t<meta name=\"twitter:label2\" content=\"Est. reading time\" \/>\n\t<meta name=\"twitter:data2\" content=\"3 minutes\" \/>\n<script type=\"application\/ld+json\" class=\"yoast-schema-graph\">{\"@context\":\"https:\/\/schema.org\",\"@graph\":[{\"@type\":\"Article\",\"@id\":\"https:\/\/www.tourdepologne.pl\/en\/2021\/08\/stage-2-zamosc-przemysl-201-km\/#article\",\"isPartOf\":{\"@id\":\"https:\/\/www.tourdepologne.pl\/en\/2021\/08\/stage-2-zamosc-przemysl-201-km\/\"},\"author\":{\"name\":\"Press\",\"@id\":\"https:\/\/www.tourdepologne.pl\/#\/schema\/person\/f4fe67774ed888efd15b2ce6e2c8ba8e\"},\"headline\":\"Stage 2 &#8211; ZAMO\u015a\u0106 \u2013 PRZEMY\u015aL \/ 201 KM\",\"datePublished\":\"2021-08-10T09:47:15+00:00\",\"dateModified\":\"2021-08-11T07:34:39+00:00\",\"mainEntityOfPage\":{\"@id\":\"https:\/\/www.tourdepologne.pl\/en\/2021\/08\/stage-2-zamosc-przemysl-201-km\/\"},\"wordCount\":556,\"publisher\":{\"@id\":\"https:\/\/www.tourdepologne.pl\/#organization\"},\"image\":{\"@id\":\"https:\/\/www.tourdepologne.pl\/en\/2021\/08\/stage-2-zamosc-przemysl-201-km\/#primaryimage\"},\"thumbnailUrl\":\"https:\/\/www.tourdepologne.pl\/wp-content\/uploads\/2021\/08\/141ecc36-8010-43f9-a8fa-c053e14c4d19.jpeg\",\"articleSection\":[\"News en\"],\"inLanguage\":\"en-US\"},{\"@type\":\"WebPage\",\"@id\":\"https:\/\/www.tourdepologne.pl\/en\/2021\/08\/stage-2-zamosc-przemysl-201-km\/\",\"url\":\"https:\/\/www.tourdepologne.pl\/en\/2021\/08\/stage-2-zamosc-przemysl-201-km\/\",\"name\":\"Stage 2 - ZAMO\u015a\u0106 \u2013 PRZEMY\u015aL \/ 201 KM - Tour de Pologne\",\"isPartOf\":{\"@id\":\"https:\/\/www.tourdepologne.pl\/#website\"},\"primaryImageOfPage\":{\"@id\":\"https:\/\/www.tourdepologne.pl\/en\/2021\/08\/stage-2-zamosc-przemysl-201-km\/#primaryimage\"},\"image\":{\"@id\":\"https:\/\/www.tourdepologne.pl\/en\/2021\/08\/stage-2-zamosc-przemysl-201-km\/#primaryimage\"},\"thumbnailUrl\":\"https:\/\/www.tourdepologne.pl\/wp-content\/uploads\/2021\/08\/141ecc36-8010-43f9-a8fa-c053e14c4d19.jpeg\",\"datePublished\":\"2021-08-10T09:47:15+00:00\",\"dateModified\":\"2021-08-11T07:34:39+00:00\",\"breadcrumb\":{\"@id\":\"https:\/\/www.tourdepologne.pl\/en\/2021\/08\/stage-2-zamosc-przemysl-201-km\/#breadcrumb\"},\"inLanguage\":\"en-US\",\"potentialAction\":[{\"@type\":\"ReadAction\",\"target\":[\"https:\/\/www.tourdepologne.pl\/en\/2021\/08\/stage-2-zamosc-przemysl-201-km\/\"]}]},{\"@type\":\"ImageObject\",\"inLanguage\":\"en-US\",\"@id\":\"https:\/\/www.tourdepologne.pl\/en\/2021\/08\/stage-2-zamosc-przemysl-201-km\/#primaryimage\",\"url\":\"https:\/\/www.tourdepologne.pl\/wp-content\/uploads\/2021\/08\/141ecc36-8010-43f9-a8fa-c053e14c4d19.jpeg\",\"contentUrl\":\"https:\/\/www.tourdepologne.pl\/wp-content\/uploads\/2021\/08\/141ecc36-8010-43f9-a8fa-c053e14c4d19.jpeg\",\"width\":1010,\"height\":1446},{\"@type\":\"BreadcrumbList\",\"@id\":\"https:\/\/www.tourdepologne.pl\/en\/2021\/08\/stage-2-zamosc-przemysl-201-km\/#breadcrumb\",\"itemListElement\":[{\"@type\":\"ListItem\",\"position\":1,\"name\":\"Strona g\u0142\u00f3wna\",\"item\":\"https:\/\/www.tourdepologne.pl\/en\/\"},{\"@type\":\"ListItem\",\"position\":2,\"name\":\"Stage 2 &#8211; ZAMO\u015a\u0106 \u2013 PRZEMY\u015aL \/ 201 KM\"}]},{\"@type\":\"WebSite\",\"@id\":\"https:\/\/www.tourdepologne.pl\/#website\",\"url\":\"https:\/\/www.tourdepologne.pl\/\",\"name\":\"Tour de Pologne\",\"description\":\"\",\"publisher\":{\"@id\":\"https:\/\/www.tourdepologne.pl\/#organization\"},\"potentialAction\":[{\"@type\":\"SearchAction\",\"target\":{\"@type\":\"EntryPoint\",\"urlTemplate\":\"https:\/\/www.tourdepologne.pl\/?s={search_term_string}\"},\"query-input\":{\"@type\":\"PropertyValueSpecification\",\"valueRequired\":true,\"valueName\":\"search_term_string\"}}],\"inLanguage\":\"en-US\"},{\"@type\":\"Organization\",\"@id\":\"https:\/\/www.tourdepologne.pl\/#organization\",\"name\":\"Wy\u015bcig kolarski Tour de Pologne\",\"url\":\"https:\/\/www.tourdepologne.pl\/\",\"logo\":{\"@type\":\"ImageObject\",\"inLanguage\":\"en-US\",\"@id\":\"https:\/\/www.tourdepologne.pl\/#\/schema\/logo\/image\/\",\"url\":\"https:\/\/www.tourdepologne.pl\/wp-content\/uploads\/2019\/06\/logo-tdp.png\",\"contentUrl\":\"https:\/\/www.tourdepologne.pl\/wp-content\/uploads\/2019\/06\/logo-tdp.png\",\"width\":450,\"height\":52,\"caption\":\"Wy\u015bcig kolarski Tour de Pologne\"},\"image\":{\"@id\":\"https:\/\/www.tourdepologne.pl\/#\/schema\/logo\/image\/\"},\"sameAs\":[\"https:\/\/www.facebook.com\/tourdepologne\",\"https:\/\/x.com\/tour_de_pologne\",\"https:\/\/www.instagram.com\/tourdepologne\/\",\"https:\/\/www.youtube.com\/@TourdePologne2011\"]},{\"@type\":\"Person\",\"@id\":\"https:\/\/www.tourdepologne.pl\/#\/schema\/person\/f4fe67774ed888efd15b2ce6e2c8ba8e\",\"name\":\"Press\",\"image\":{\"@type\":\"ImageObject\",\"inLanguage\":\"en-US\",\"@id\":\"https:\/\/secure.gravatar.com\/avatar\/df62f2f515b6857a7626e7d733ea81e452163a8e46d8c1787c083c5dd0ee42df?s=96&d=mm&r=g\",\"url\":\"https:\/\/secure.gravatar.com\/avatar\/df62f2f515b6857a7626e7d733ea81e452163a8e46d8c1787c083c5dd0ee42df?s=96&d=mm&r=g\",\"contentUrl\":\"https:\/\/secure.gravatar.com\/avatar\/df62f2f515b6857a7626e7d733ea81e452163a8e46d8c1787c083c5dd0ee42df?s=96&d=mm&r=g\",\"caption\":\"Press\"},\"url\":\"https:\/\/www.tourdepologne.pl\/en\/author\/press\/\"}]}<\/script>\n<!-- \/ Yoast SEO plugin. -->","yoast_head_json":{"title":"Stage 2 - ZAMO\u015a\u0106 \u2013 PRZEMY\u015aL \/ 201 KM - Tour de Pologne","robots":{"index":"index","follow":"follow","max-snippet":"max-snippet:-1","max-image-preview":"max-image-preview:large","max-video-preview":"max-video-preview:-1"},"canonical":"https:\/\/www.tourdepologne.pl\/en\/2021\/08\/stage-2-zamosc-przemysl-201-km\/","og_locale":"en_US","og_type":"article","og_title":"Stage 2 - ZAMO\u015a\u0106 \u2013 PRZEMY\u015aL \/ 201 KM - Tour de Pologne","og_description":"[vc_row][vc_column][vc_column_text]Zamosc,\u00a010th August 2021 &#8211; The 201 km second stage unfolds between the Renaissance city of Zamo\u015b\u0107 and Przemy\u015bl, an important &hellip;","og_url":"https:\/\/www.tourdepologne.pl\/en\/2021\/08\/stage-2-zamosc-przemysl-201-km\/","og_site_name":"Tour de Pologne","article_publisher":"https:\/\/www.facebook.com\/tourdepologne","article_published_time":"2021-08-10T09:47:15+00:00","article_modified_time":"2021-08-11T07:34:39+00:00","og_image":[{"width":1010,"height":1446,"url":"https:\/\/www.tourdepologne.pl\/wp-content\/uploads\/2021\/08\/141ecc36-8010-43f9-a8fa-c053e14c4d19.jpeg","type":"image\/jpeg"}],"author":"Press","twitter_card":"summary_large_image","twitter_creator":"@tour_de_pologne","twitter_site":"@tour_de_pologne","twitter_misc":{"Written by":"Press","Est. reading time":"3 minutes"},"schema":{"@context":"https:\/\/schema.org","@graph":[{"@type":"Article","@id":"https:\/\/www.tourdepologne.pl\/en\/2021\/08\/stage-2-zamosc-przemysl-201-km\/#article","isPartOf":{"@id":"https:\/\/www.tourdepologne.pl\/en\/2021\/08\/stage-2-zamosc-przemysl-201-km\/"},"author":{"name":"Press","@id":"https:\/\/www.tourdepologne.pl\/#\/schema\/person\/f4fe67774ed888efd15b2ce6e2c8ba8e"},"headline":"Stage 2 &#8211; ZAMO\u015a\u0106 \u2013 PRZEMY\u015aL \/ 201 KM","datePublished":"2021-08-10T09:47:15+00:00","dateModified":"2021-08-11T07:34:39+00:00","mainEntityOfPage":{"@id":"https:\/\/www.tourdepologne.pl\/en\/2021\/08\/stage-2-zamosc-przemysl-201-km\/"},"wordCount":556,"publisher":{"@id":"https:\/\/www.tourdepologne.pl\/#organization"},"image":{"@id":"https:\/\/www.tourdepologne.pl\/en\/2021\/08\/stage-2-zamosc-przemysl-201-km\/#primaryimage"},"thumbnailUrl":"https:\/\/www.tourdepologne.pl\/wp-content\/uploads\/2021\/08\/141ecc36-8010-43f9-a8fa-c053e14c4d19.jpeg","articleSection":["News en"],"inLanguage":"en-US"},{"@type":"WebPage","@id":"https:\/\/www.tourdepologne.pl\/en\/2021\/08\/stage-2-zamosc-przemysl-201-km\/","url":"https:\/\/www.tourdepologne.pl\/en\/2021\/08\/stage-2-zamosc-przemysl-201-km\/","name":"Stage 2 - ZAMO\u015a\u0106 \u2013 PRZEMY\u015aL \/ 201 KM - Tour de Pologne","isPartOf":{"@id":"https:\/\/www.tourdepologne.pl\/#website"},"primaryImageOfPage":{"@id":"https:\/\/www.tourdepologne.pl\/en\/2021\/08\/stage-2-zamosc-przemysl-201-km\/#primaryimage"},"image":{"@id":"https:\/\/www.tourdepologne.pl\/en\/2021\/08\/stage-2-zamosc-przemysl-201-km\/#primaryimage"},"thumbnailUrl":"https:\/\/www.tourdepologne.pl\/wp-content\/uploads\/2021\/08\/141ecc36-8010-43f9-a8fa-c053e14c4d19.jpeg","datePublished":"2021-08-10T09:47:15+00:00","dateModified":"2021-08-11T07:34:39+00:00","breadcrumb":{"@id":"https:\/\/www.tourdepologne.pl\/en\/2021\/08\/stage-2-zamosc-przemysl-201-km\/#breadcrumb"},"inLanguage":"en-US","potentialAction":[{"@type":"ReadAction","target":["https:\/\/www.tourdepologne.pl\/en\/2021\/08\/stage-2-zamosc-przemysl-201-km\/"]}]},{"@type":"ImageObject","inLanguage":"en-US","@id":"https:\/\/www.tourdepologne.pl\/en\/2021\/08\/stage-2-zamosc-przemysl-201-km\/#primaryimage","url":"https:\/\/www.tourdepologne.pl\/wp-content\/uploads\/2021\/08\/141ecc36-8010-43f9-a8fa-c053e14c4d19.jpeg","contentUrl":"https:\/\/www.tourdepologne.pl\/wp-content\/uploads\/2021\/08\/141ecc36-8010-43f9-a8fa-c053e14c4d19.jpeg","width":1010,"height":1446},{"@type":"BreadcrumbList","@id":"https:\/\/www.tourdepologne.pl\/en\/2021\/08\/stage-2-zamosc-przemysl-201-km\/#breadcrumb","itemListElement":[{"@type":"ListItem","position":1,"name":"Strona g\u0142\u00f3wna","item":"https:\/\/www.tourdepologne.pl\/en\/"},{"@type":"ListItem","position":2,"name":"Stage 2 &#8211; ZAMO\u015a\u0106 \u2013 PRZEMY\u015aL \/ 201 KM"}]},{"@type":"WebSite","@id":"https:\/\/www.tourdepologne.pl\/#website","url":"https:\/\/www.tourdepologne.pl\/","name":"Tour de Pologne","description":"","publisher":{"@id":"https:\/\/www.tourdepologne.pl\/#organization"},"potentialAction":[{"@type":"SearchAction","target":{"@type":"EntryPoint","urlTemplate":"https:\/\/www.tourdepologne.pl\/?s={search_term_string}"},"query-input":{"@type":"PropertyValueSpecification","valueRequired":true,"valueName":"search_term_string"}}],"inLanguage":"en-US"},{"@type":"Organization","@id":"https:\/\/www.tourdepologne.pl\/#organization","name":"Wy\u015bcig kolarski Tour de Pologne","url":"https:\/\/www.tourdepologne.pl\/","logo":{"@type":"ImageObject","inLanguage":"en-US","@id":"https:\/\/www.tourdepologne.pl\/#\/schema\/logo\/image\/","url":"https:\/\/www.tourdepologne.pl\/wp-content\/uploads\/2019\/06\/logo-tdp.png","contentUrl":"https:\/\/www.tourdepologne.pl\/wp-content\/uploads\/2019\/06\/logo-tdp.png","width":450,"height":52,"caption":"Wy\u015bcig kolarski Tour de Pologne"},"image":{"@id":"https:\/\/www.tourdepologne.pl\/#\/schema\/logo\/image\/"},"sameAs":["https:\/\/www.facebook.com\/tourdepologne","https:\/\/x.com\/tour_de_pologne","https:\/\/www.instagram.com\/tourdepologne\/","https:\/\/www.youtube.com\/@TourdePologne2011"]},{"@type":"Person","@id":"https:\/\/www.tourdepologne.pl\/#\/schema\/person\/f4fe67774ed888efd15b2ce6e2c8ba8e","name":"Press","image":{"@type":"ImageObject","inLanguage":"en-US","@id":"https:\/\/secure.gravatar.com\/avatar\/df62f2f515b6857a7626e7d733ea81e452163a8e46d8c1787c083c5dd0ee42df?s=96&d=mm&r=g","url":"https:\/\/secure.gravatar.com\/avatar\/df62f2f515b6857a7626e7d733ea81e452163a8e46d8c1787c083c5dd0ee42df?s=96&d=mm&r=g","contentUrl":"https:\/\/secure.gravatar.com\/avatar\/df62f2f515b6857a7626e7d733ea81e452163a8e46d8c1787c083c5dd0ee42df?s=96&d=mm&r=g","caption":"Press"},"url":"https:\/\/www.tourdepologne.pl\/en\/author\/press\/"}]}},"_links":{"self":[{"href":"https:\/\/www.tourdepologne.pl\/en\/wp-json\/wp\/v2\/posts\/25068","targetHints":{"allow":["GET"]}}],"collection":[{"href":"https:\/\/www.tourdepologne.pl\/en\/wp-json\/wp\/v2\/posts"}],"about":[{"href":"https:\/\/www.tourdepologne.pl\/en\/wp-json\/wp\/v2\/types\/post"}],"author":[{"embeddable":true,"href":"https:\/\/www.tourdepologne.pl\/en\/wp-json\/wp\/v2\/users\/6"}],"replies":[{"embeddable":true,"href":"https:\/\/www.tourdepologne.pl\/en\/wp-json\/wp\/v2\/comments?post=25068"}],"version-history":[{"count":1,"href":"https:\/\/www.tourdepologne.pl\/en\/wp-json\/wp\/v2\/posts\/25068\/revisions"}],"predecessor-version":[{"id":25071,"href":"https:\/\/www.tourdepologne.pl\/en\/wp-json\/wp\/v2\/posts\/25068\/revisions\/25071"}],"wp:featuredmedia":[{"embeddable":true,"href":"https:\/\/www.tourdepologne.pl\/en\/wp-json\/wp\/v2\/media\/25070"}],"wp:attachment":[{"href":"https:\/\/www.tourdepologne.pl\/en\/wp-json\/wp\/v2\/media?parent=25068"}],"wp:term":[{"taxonomy":"category","embeddable":true,"href":"https:\/\/www.tourdepologne.pl\/en\/wp-json\/wp\/v2\/categories?post=25068"},{"taxonomy":"post_tag","embeddable":true,"href":"https:\/\/www.tourdepologne.pl\/en\/wp-json\/wp\/v2\/tags?post=25068"}],"curies":[{"name":"wp","href":"https:\/\/api.w.org\/{rel}","templated":true}]}}