{"id":25146,"date":"2021-08-11T10:22:29","date_gmt":"2021-08-11T08:22:29","guid":{"rendered":"https:\/\/www.tourdepologne.pl\/?p=25146"},"modified":"2021-08-11T16:27:18","modified_gmt":"2021-08-11T14:27:18","slug":"joao-almeida-takes-his-first-world-tour-victory-at-the-tour-de-pologne","status":"publish","type":"post","link":"https:\/\/www.tourdepologne.pl\/en\/2021\/08\/joao-almeida-takes-his-first-world-tour-victory-at-the-tour-de-pologne\/","title":{"rendered":"Joao Almeida takes his first World Tour victory at the Tour de Pologne"},"content":{"rendered":"<table class=\"gmail-v1kmTextBlock\" border=\"0\" width=\"100%\" cellspacing=\"0\" cellpadding=\"0\">\n<tbody class=\"gmail-v1kmTextBlockOuter\">\n<tr>\n<td class=\"gmail-v1kmTextBlockInner\" valign=\"top\">\n<table class=\"gmail-v1kmTextContentContainer\" border=\"0\" width=\"100%\" cellspacing=\"0\" cellpadding=\"0\" align=\"left\">\n<tbody>\n<tr>\n<td class=\"gmail-v1kmTextContent\" valign=\"top\">Joao Almeida (DQT) wins in Przemy\u015bl\u00a0after attacking just before the Flamme Rouge and managing to maintain his gap from Diego Ulissi (UAD) stable enough to allow him to raise his arms in the air after a demanding climb featuring sections with 13 to 15% gradients.\u00a0Matej Mohori\u010d\u00a0(TBV) rounds up the podium.<\/td>\n<\/tr>\n<\/tbody>\n<\/table>\n<\/td>\n<\/tr>\n<\/tbody>\n<\/table>\n<table class=\"gmail-v1kmTextBlock\" border=\"0\" width=\"100%\" cellspacing=\"0\" cellpadding=\"0\">\n<tbody class=\"gmail-v1kmTextBlockOuter\">\n<tr>\n<td class=\"gmail-v1kmTextBlockInner\" valign=\"top\">\n<table class=\"gmail-v1kmTextContentContainer\" border=\"0\" width=\"100%\" cellspacing=\"0\" cellpadding=\"0\" align=\"left\">\n<tbody>\n<tr>\n<td class=\"gmail-v1kmTextContent\" valign=\"top\">Stage 1 &#8211; LUBLIN \u2013 CHE\u0141M \/ 216 KM RESULTS1 &#8211; Alvaro Hodeg\u00a0(DQT)<br \/>\n2 &#8211; Diego Ulissi (UAD)<br \/>\n3 &#8211;\u00a0Matej Mohori\u010d (TBV)<\/td>\n<\/tr>\n<\/tbody>\n<\/table>\n<\/td>\n<\/tr>\n<\/tbody>\n<\/table>\n<p>Thanks to a great performance and faultless timing, Joao Almeida won today the 2nd stage of the Tour de Pologne, from Zamo\u015b\u0107 to Przemy\u015bl, beating Diego Ulissi on the finish line, the only rider able to keep up with the Portuguese rider on the steep and final climb. Matej Mohoric finished third while Michal Kwiatkowski concluded in fourth position 4&#8243; behind the winner.<\/p>\n<p>The final kilometres provided a true show for cycling enthusiasts as the race exploded with 1km to go when Almeida attacked and split the bunch turning the race into a two riders sprint on the brutal climb. With 500 metres to go Ulissi made his move and passed Almeida at the 300 metres mark. The 2 riders controlled each other until the moment Ulissi decided to go. Despite his great effort on the climb, Almeida was able to respond to the Italian rider&#8217;s kick and pass him on the line.<\/p>\n<p>&#8220;It was a very fast and nervous stage,&#8221; explained the winner. &#8220;Before the last climb I was a bit nervous, but when we turned left with 1.5 km to go I decided to move to the front and give it a try. I did my best and focused on my effort. In the end when Ulissi joined me I still found all the energy to launch my sprint and pass him close to the line. This climb was brutal but at the same time beautiful. I&#8217;m happy that my first WT win happened on the top of this climb, it made my day even more special.&#8221;<\/p>\n<p>With this victory Jo\u00e3o Almeida also took the Carrefour yellow jersey as now leads the GC.<\/p>\n<p>&#8220;We have a strong team here and we&#8217;ll do our best to defend the leadership. But I also want to enjoy the race and the great atmosphere in the team.&#8221; he concludes.<\/p>\n<p>&#8220;I had a good feeling all day long,&#8221; said Ulissi right after the finish. &#8220;The team worked really well and controlled the race before the finish. I did my best, but Almeida really did something special today. I managed to close the gap on him, but at the sprint he still had a bit more energy in the tank. I have to congratulate him.&#8221;<\/p>\n<p>&#8220;There was a big fight coming into the last corner with 1.5 km to go&#8221;. says Michal Kwiatkowski, who has just become the father of the beautiful Maria and is the current Best Polish rider of the race. &#8220;I was surprised by Almeida. I honestly thought it was too early to attack and that we would get him. but instead he maintained the gap and was only caught by Ulissi. Chapeau to him for winning this stage. I really wanted to win in front of my crowd but that&#8217;s what I got today. I picked up fourth place but there are still some tough stages coming up so nothing is decided yet for GC.&#8221;<\/p>\n<p>Thanks to his 3rd place Matej Mohoric is now leader of the points classification while Michal Paluta maintains the PZU climber&#8217;s classification, despite a crash in the final kilometres.\u00a0 Evgeny Fedorov still leads the Most Active rider classification.<\/p>\n<p><iframe loading=\"lazy\" title=\"Jo\u00e3o Almeida | Wins the Second Stage | Tour de Pologne 2021| # TDP2021\" width=\"980\" height=\"551\" src=\"https:\/\/www.youtube.com\/embed\/iuyhqJma5-4?feature=oembed\" frameborder=\"0\" allow=\"accelerometer; autoplay; clipboard-write; encrypted-media; gyroscope; picture-in-picture\" allowfullscreen><\/iframe><\/p>\n<table class=\"gmail-v1kmTextBlock\" border=\"0\" width=\"100%\" cellspacing=\"0\" cellpadding=\"0\">\n<tbody class=\"gmail-v1kmTextBlockOuter\">\n<tr>\n<td class=\"gmail-v1kmTextBlockInner\" valign=\"top\">\n<table class=\"gmail-v1kmTextContentContainer\" border=\"0\" width=\"100%\" cellspacing=\"0\" cellpadding=\"0\" align=\"left\">\n<tbody>\n<tr>\n<td class=\"gmail-v1kmTextContent\" valign=\"top\">2021 Tour de Pologne &#8211; Stage 2 Results<\/td>\n<\/tr>\n<\/tbody>\n<\/table>\n<\/td>\n<\/tr>\n<\/tbody>\n<\/table>\n<table class=\"gmail-v1kmSplitBlock\" border=\"0\" width=\"100%\" cellspacing=\"0\" cellpadding=\"0\">\n<tbody class=\"gmail-v1kmSplitBlockOuter\">\n<tr>\n<td class=\"gmail-v1kmSplitBlockInner\" valign=\"top\">\n<table class=\"gmail-v1kmSplitContentOuter\" border=\"0\" width=\"100%\" cellspacing=\"0\" cellpadding=\"0\" align=\"left\">\n<tbody>\n<tr>\n<td class=\"gmail-v1kmSplitContentInner\" valign=\"top\">\n<table class=\"gmail-v1kmSplitContentLeftContentContainer\" border=\"0\" width=\"264\" cellspacing=\"0\" cellpadding=\"0\" align=\"left\">\n<tbody>\n<tr>\n<td class=\"gmail-v1kmTextContent\" valign=\"top\">GC &#8211; Leader Jersey &#8211; (Carrefour)<\/td>\n<\/tr>\n<\/tbody>\n<\/table>\n<table class=\"gmail-v1kmSplitContentRightContentContainer\" border=\"0\" width=\"264\" cellspacing=\"0\" cellpadding=\"0\" align=\"right\">\n<tbody>\n<tr>\n<td class=\"gmail-v1kmTextContent\" valign=\"top\">\n<div>Joao Almeida (Deceuninck &#8211; Quick-Step)<\/div>\n<\/td>\n<\/tr>\n<\/tbody>\n<\/table>\n<\/td>\n<\/tr>\n<\/tbody>\n<\/table>\n<\/td>\n<\/tr>\n<\/tbody>\n<\/table>\n<table class=\"gmail-v1kmSplitBlock\" border=\"0\" width=\"100%\" cellspacing=\"0\" cellpadding=\"0\">\n<tbody class=\"gmail-v1kmSplitBlockOuter\">\n<tr>\n<td class=\"gmail-v1kmSplitBlockInner\" valign=\"top\">\n<table class=\"gmail-v1kmSplitContentOuter\" border=\"0\" width=\"100%\" cellspacing=\"0\" cellpadding=\"0\" align=\"left\">\n<tbody>\n<tr>\n<td class=\"gmail-v1kmSplitContentInner\" valign=\"top\">\n<table class=\"gmail-v1kmSplitContentLeftContentContainer\" border=\"0\" width=\"264\" cellspacing=\"0\" cellpadding=\"0\" align=\"left\">\n<tbody>\n<tr>\n<td class=\"gmail-v1kmTextContent\" valign=\"top\">KOM &#8211; Mountain Jersey &#8211; (PZU)<\/td>\n<\/tr>\n<\/tbody>\n<\/table>\n<table class=\"gmail-v1kmSplitContentRightContentContainer\" border=\"0\" width=\"264\" cellspacing=\"0\" cellpadding=\"0\" align=\"right\">\n<tbody>\n<tr>\n<td class=\"gmail-v1kmTextContent\" valign=\"top\">\n<div>Paluta Michal (Reprezentacja Polski)<\/div>\n<\/td>\n<\/tr>\n<\/tbody>\n<\/table>\n<\/td>\n<\/tr>\n<\/tbody>\n<\/table>\n<\/td>\n<\/tr>\n<\/tbody>\n<\/table>\n<table class=\"gmail-v1kmSplitBlock\" border=\"0\" width=\"100%\" cellspacing=\"0\" cellpadding=\"0\">\n<tbody class=\"gmail-v1kmSplitBlockOuter\">\n<tr>\n<td class=\"gmail-v1kmSplitBlockInner\" valign=\"top\">\n<table class=\"gmail-v1kmSplitContentOuter\" border=\"0\" width=\"100%\" cellspacing=\"0\" cellpadding=\"0\" align=\"left\">\n<tbody>\n<tr>\n<td class=\"gmail-v1kmSplitContentInner\" valign=\"top\">\n<table class=\"gmail-v1kmSplitContentLeftContentContainer\" border=\"0\" width=\"264\" cellspacing=\"0\" cellpadding=\"0\" align=\"left\">\n<tbody>\n<tr>\n<td class=\"gmail-v1kmTextContent\" valign=\"top\">POINTS &#8211; White Jersey (LOTOS)<\/td>\n<\/tr>\n<\/tbody>\n<\/table>\n<table class=\"gmail-v1kmSplitContentRightContentContainer\" border=\"0\" width=\"264\" cellspacing=\"0\" cellpadding=\"0\" align=\"right\">\n<tbody>\n<tr>\n<td class=\"gmail-v1kmTextContent\" valign=\"top\">\n<div>Matej Mohori\u010d (Bahrain &#8211; Victorious)<\/div>\n<\/td>\n<\/tr>\n<\/tbody>\n<\/table>\n<\/td>\n<\/tr>\n<\/tbody>\n<\/table>\n<\/td>\n<\/tr>\n<\/tbody>\n<\/table>\n<table class=\"gmail-v1kmSplitBlock\" border=\"0\" width=\"100%\" cellspacing=\"0\" cellpadding=\"0\">\n<tbody class=\"gmail-v1kmSplitBlockOuter\">\n<tr>\n<td class=\"gmail-v1kmSplitBlockInner\" valign=\"top\">\n<table class=\"gmail-v1kmSplitContentOuter\" border=\"0\" width=\"100%\" cellspacing=\"0\" cellpadding=\"0\" align=\"left\">\n<tbody>\n<tr>\n<td class=\"gmail-v1kmSplitContentInner\" valign=\"top\">\n<table class=\"gmail-v1kmSplitContentLeftContentContainer\" border=\"0\" width=\"264\" cellspacing=\"0\" cellpadding=\"0\" align=\"left\">\n<tbody>\n<tr>\n<td class=\"gmail-v1kmTextContent\" valign=\"top\">BEST TEAM &#8211; (ENERGA)<\/td>\n<\/tr>\n<\/tbody>\n<\/table>\n<table class=\"gmail-v1kmSplitContentRightContentContainer\" border=\"0\" width=\"264\" cellspacing=\"0\" cellpadding=\"0\" align=\"right\">\n<tbody>\n<tr>\n<td class=\"gmail-v1kmTextContent\" valign=\"top\">\n<div>\n<div>\n<div>Intermarch\u00e9 &#8211; Wanty &#8211; Gobert Mat\u00e9riaux<\/div>\n<\/div>\n<\/div>\n<\/td>\n<\/tr>\n<\/tbody>\n<\/table>\n<\/td>\n<\/tr>\n<\/tbody>\n<\/table>\n<\/td>\n<\/tr>\n<\/tbody>\n<\/table>\n<table class=\"gmail-v1kmSplitBlock\" border=\"0\" width=\"100%\" cellspacing=\"0\" cellpadding=\"0\">\n<tbody class=\"gmail-v1kmSplitBlockOuter\">\n<tr>\n<td class=\"gmail-v1kmSplitBlockInner\" valign=\"top\">\n<table class=\"gmail-v1kmSplitContentOuter\" border=\"0\" width=\"100%\" cellspacing=\"0\" cellpadding=\"0\" align=\"left\">\n<tbody>\n<tr>\n<td class=\"gmail-v1kmSplitContentInner\" valign=\"top\">\n<table class=\"gmail-v1kmSplitContentLeftContentContainer\" border=\"0\" width=\"264\" cellspacing=\"0\" cellpadding=\"0\" align=\"left\">\n<tbody>\n<tr>\n<td class=\"gmail-v1kmTextContent\" valign=\"top\">Most Active rider (LOTTO)<\/td>\n<\/tr>\n<\/tbody>\n<\/table>\n<table class=\"gmail-v1kmSplitContentRightContentContainer\" border=\"0\" width=\"264\" cellspacing=\"0\" cellpadding=\"0\" align=\"right\">\n<tbody>\n<tr>\n<td class=\"gmail-v1kmTextContent\" valign=\"top\">\n<div>\n<div>\n<div>Yevgeniy F\u00ebdorov (Astana &#8211; Premier Tech)<\/div>\n<\/div>\n<\/div>\n<\/td>\n<\/tr>\n<\/tbody>\n<\/table>\n<\/td>\n<\/tr>\n<\/tbody>\n<\/table>\n<\/td>\n<\/tr>\n<\/tbody>\n<\/table>\n<table class=\"gmail-v1kmSplitBlock\" border=\"0\" width=\"100%\" cellspacing=\"0\" cellpadding=\"0\">\n<tbody class=\"gmail-v1kmSplitBlockOuter\">\n<tr>\n<td class=\"gmail-v1kmSplitBlockInner\" valign=\"top\">\n<table class=\"gmail-v1kmSplitContentOuter\" border=\"0\" width=\"100%\" cellspacing=\"0\" cellpadding=\"0\" align=\"left\">\n<tbody>\n<tr>\n<td class=\"gmail-v1kmSplitContentInner\" valign=\"top\">\n<table class=\"gmail-v1kmSplitContentLeftContentContainer\" border=\"0\" width=\"264\" cellspacing=\"0\" cellpadding=\"0\" align=\"left\">\n<tbody>\n<tr>\n<td class=\"gmail-v1kmTextContent\" valign=\"top\">Best Polish rider<\/td>\n<\/tr>\n<\/tbody>\n<\/table>\n<table class=\"gmail-v1kmSplitContentRightContentContainer\" border=\"0\" width=\"264\" cellspacing=\"0\" cellpadding=\"0\" align=\"right\">\n<tbody>\n<tr>\n<td class=\"gmail-v1kmTextContent\" valign=\"top\">\n<div>\n<div>Michal Kwiatkowski (Ineos Grenadier)<\/div>\n<\/div>\n<\/td>\n<\/tr>\n<\/tbody>\n<\/table>\n<\/td>\n<\/tr>\n<\/tbody>\n<\/table>\n<\/td>\n<\/tr>\n<\/tbody>\n<\/table>\n","protected":false},"excerpt":{"rendered":"<p>Joao Almeida (DQT) wins in Przemy\u015bl\u00a0after attacking just before the Flamme Rouge and managing to maintain his gap from Diego &hellip; <\/p>\n","protected":false},"author":6,"featured_media":25148,"comment_status":"closed","ping_status":"closed","sticky":false,"template":"","format":"standard","meta":{"_acf_changed":false,"footnotes":""},"categories":[95],"tags":[],"class_list":["post-25146","post","type-post","status-publish","format-standard","has-post-thumbnail","hentry","category-news-en"],"acf":[],"yoast_head":"<!-- This site is optimized with the Yoast SEO plugin v27.2 - https:\/\/yoast.com\/product\/yoast-seo-wordpress\/ -->\n<title>Joao Almeida takes his first World Tour victory at the Tour de Pologne - Tour de Pologne<\/title>\n<meta name=\"robots\" content=\"index, follow, max-snippet:-1, max-image-preview:large, max-video-preview:-1\" \/>\n<link rel=\"canonical\" href=\"https:\/\/www.tourdepologne.pl\/en\/2021\/08\/joao-almeida-takes-his-first-world-tour-victory-at-the-tour-de-pologne\/\" \/>\n<meta property=\"og:locale\" content=\"en_US\" \/>\n<meta property=\"og:type\" content=\"article\" \/>\n<meta property=\"og:title\" content=\"Joao Almeida takes his first World Tour victory at the Tour de Pologne - Tour de Pologne\" \/>\n<meta property=\"og:description\" content=\"Joao Almeida (DQT) wins in Przemy\u015bl\u00a0after attacking just before the Flamme Rouge and managing to maintain his gap from Diego &hellip;\" \/>\n<meta property=\"og:url\" content=\"https:\/\/www.tourdepologne.pl\/en\/2021\/08\/joao-almeida-takes-his-first-world-tour-victory-at-the-tour-de-pologne\/\" \/>\n<meta property=\"og:site_name\" content=\"Tour de Pologne\" \/>\n<meta property=\"article:publisher\" content=\"https:\/\/www.facebook.com\/tourdepologne\" \/>\n<meta property=\"article:published_time\" content=\"2021-08-11T08:22:29+00:00\" \/>\n<meta property=\"article:modified_time\" content=\"2021-08-11T14:27:18+00:00\" \/>\n<meta property=\"og:image\" content=\"https:\/\/www.tourdepologne.pl\/wp-content\/uploads\/2021\/08\/7ddbc27c-0916-472e-9c15-3fe00b24d3d0.jpeg\" \/>\n\t<meta property=\"og:image:width\" content=\"2362\" \/>\n\t<meta property=\"og:image:height\" content=\"1575\" \/>\n\t<meta property=\"og:image:type\" content=\"image\/jpeg\" \/>\n<meta name=\"author\" content=\"Press\" \/>\n<meta name=\"twitter:card\" content=\"summary_large_image\" \/>\n<meta name=\"twitter:creator\" content=\"@tour_de_pologne\" \/>\n<meta name=\"twitter:site\" content=\"@tour_de_pologne\" \/>\n<meta name=\"twitter:label1\" content=\"Written by\" \/>\n\t<meta name=\"twitter:data1\" content=\"Press\" \/>\n\t<meta name=\"twitter:label2\" content=\"Est. reading time\" \/>\n\t<meta name=\"twitter:data2\" content=\"3 minutes\" \/>\n<script type=\"application\/ld+json\" class=\"yoast-schema-graph\">{\"@context\":\"https:\/\/schema.org\",\"@graph\":[{\"@type\":\"Article\",\"@id\":\"https:\/\/www.tourdepologne.pl\/en\/2021\/08\/joao-almeida-takes-his-first-world-tour-victory-at-the-tour-de-pologne\/#article\",\"isPartOf\":{\"@id\":\"https:\/\/www.tourdepologne.pl\/en\/2021\/08\/joao-almeida-takes-his-first-world-tour-victory-at-the-tour-de-pologne\/\"},\"author\":{\"name\":\"Press\",\"@id\":\"https:\/\/www.tourdepologne.pl\/#\/schema\/person\/f4fe67774ed888efd15b2ce6e2c8ba8e\"},\"headline\":\"Joao Almeida takes his first World Tour victory at the Tour de Pologne\",\"datePublished\":\"2021-08-11T08:22:29+00:00\",\"dateModified\":\"2021-08-11T14:27:18+00:00\",\"mainEntityOfPage\":{\"@id\":\"https:\/\/www.tourdepologne.pl\/en\/2021\/08\/joao-almeida-takes-his-first-world-tour-victory-at-the-tour-de-pologne\/\"},\"wordCount\":692,\"publisher\":{\"@id\":\"https:\/\/www.tourdepologne.pl\/#organization\"},\"image\":{\"@id\":\"https:\/\/www.tourdepologne.pl\/en\/2021\/08\/joao-almeida-takes-his-first-world-tour-victory-at-the-tour-de-pologne\/#primaryimage\"},\"thumbnailUrl\":\"https:\/\/www.tourdepologne.pl\/wp-content\/uploads\/2021\/08\/7ddbc27c-0916-472e-9c15-3fe00b24d3d0.jpeg\",\"articleSection\":[\"News en\"],\"inLanguage\":\"en-US\"},{\"@type\":\"WebPage\",\"@id\":\"https:\/\/www.tourdepologne.pl\/en\/2021\/08\/joao-almeida-takes-his-first-world-tour-victory-at-the-tour-de-pologne\/\",\"url\":\"https:\/\/www.tourdepologne.pl\/en\/2021\/08\/joao-almeida-takes-his-first-world-tour-victory-at-the-tour-de-pologne\/\",\"name\":\"Joao Almeida takes his first World Tour victory at the Tour de Pologne - Tour de Pologne\",\"isPartOf\":{\"@id\":\"https:\/\/www.tourdepologne.pl\/#website\"},\"primaryImageOfPage\":{\"@id\":\"https:\/\/www.tourdepologne.pl\/en\/2021\/08\/joao-almeida-takes-his-first-world-tour-victory-at-the-tour-de-pologne\/#primaryimage\"},\"image\":{\"@id\":\"https:\/\/www.tourdepologne.pl\/en\/2021\/08\/joao-almeida-takes-his-first-world-tour-victory-at-the-tour-de-pologne\/#primaryimage\"},\"thumbnailUrl\":\"https:\/\/www.tourdepologne.pl\/wp-content\/uploads\/2021\/08\/7ddbc27c-0916-472e-9c15-3fe00b24d3d0.jpeg\",\"datePublished\":\"2021-08-11T08:22:29+00:00\",\"dateModified\":\"2021-08-11T14:27:18+00:00\",\"breadcrumb\":{\"@id\":\"https:\/\/www.tourdepologne.pl\/en\/2021\/08\/joao-almeida-takes-his-first-world-tour-victory-at-the-tour-de-pologne\/#breadcrumb\"},\"inLanguage\":\"en-US\",\"potentialAction\":[{\"@type\":\"ReadAction\",\"target\":[\"https:\/\/www.tourdepologne.pl\/en\/2021\/08\/joao-almeida-takes-his-first-world-tour-victory-at-the-tour-de-pologne\/\"]}]},{\"@type\":\"ImageObject\",\"inLanguage\":\"en-US\",\"@id\":\"https:\/\/www.tourdepologne.pl\/en\/2021\/08\/joao-almeida-takes-his-first-world-tour-victory-at-the-tour-de-pologne\/#primaryimage\",\"url\":\"https:\/\/www.tourdepologne.pl\/wp-content\/uploads\/2021\/08\/7ddbc27c-0916-472e-9c15-3fe00b24d3d0.jpeg\",\"contentUrl\":\"https:\/\/www.tourdepologne.pl\/wp-content\/uploads\/2021\/08\/7ddbc27c-0916-472e-9c15-3fe00b24d3d0.jpeg\",\"width\":2362,\"height\":1575,\"caption\":\"Tour de Pologne 2021 - 78th Edition - 2nd stage Zamosc - Przemysl 200,8 km - 10\/08\/2021 - - photo Dario Belingheri\/BettiniPhoto\u00a92021\"},{\"@type\":\"BreadcrumbList\",\"@id\":\"https:\/\/www.tourdepologne.pl\/en\/2021\/08\/joao-almeida-takes-his-first-world-tour-victory-at-the-tour-de-pologne\/#breadcrumb\",\"itemListElement\":[{\"@type\":\"ListItem\",\"position\":1,\"name\":\"Strona g\u0142\u00f3wna\",\"item\":\"https:\/\/www.tourdepologne.pl\/en\/\"},{\"@type\":\"ListItem\",\"position\":2,\"name\":\"Joao Almeida takes his first World Tour victory at the Tour de Pologne\"}]},{\"@type\":\"WebSite\",\"@id\":\"https:\/\/www.tourdepologne.pl\/#website\",\"url\":\"https:\/\/www.tourdepologne.pl\/\",\"name\":\"Tour de Pologne\",\"description\":\"\",\"publisher\":{\"@id\":\"https:\/\/www.tourdepologne.pl\/#organization\"},\"potentialAction\":[{\"@type\":\"SearchAction\",\"target\":{\"@type\":\"EntryPoint\",\"urlTemplate\":\"https:\/\/www.tourdepologne.pl\/?s={search_term_string}\"},\"query-input\":{\"@type\":\"PropertyValueSpecification\",\"valueRequired\":true,\"valueName\":\"search_term_string\"}}],\"inLanguage\":\"en-US\"},{\"@type\":\"Organization\",\"@id\":\"https:\/\/www.tourdepologne.pl\/#organization\",\"name\":\"Wy\u015bcig kolarski Tour de Pologne\",\"url\":\"https:\/\/www.tourdepologne.pl\/\",\"logo\":{\"@type\":\"ImageObject\",\"inLanguage\":\"en-US\",\"@id\":\"https:\/\/www.tourdepologne.pl\/#\/schema\/logo\/image\/\",\"url\":\"https:\/\/www.tourdepologne.pl\/wp-content\/uploads\/2019\/06\/logo-tdp.png\",\"contentUrl\":\"https:\/\/www.tourdepologne.pl\/wp-content\/uploads\/2019\/06\/logo-tdp.png\",\"width\":450,\"height\":52,\"caption\":\"Wy\u015bcig kolarski Tour de Pologne\"},\"image\":{\"@id\":\"https:\/\/www.tourdepologne.pl\/#\/schema\/logo\/image\/\"},\"sameAs\":[\"https:\/\/www.facebook.com\/tourdepologne\",\"https:\/\/x.com\/tour_de_pologne\",\"https:\/\/www.instagram.com\/tourdepologne\/\",\"https:\/\/www.youtube.com\/@TourdePologne2011\"]},{\"@type\":\"Person\",\"@id\":\"https:\/\/www.tourdepologne.pl\/#\/schema\/person\/f4fe67774ed888efd15b2ce6e2c8ba8e\",\"name\":\"Press\",\"image\":{\"@type\":\"ImageObject\",\"inLanguage\":\"en-US\",\"@id\":\"https:\/\/secure.gravatar.com\/avatar\/df62f2f515b6857a7626e7d733ea81e452163a8e46d8c1787c083c5dd0ee42df?s=96&d=mm&r=g\",\"url\":\"https:\/\/secure.gravatar.com\/avatar\/df62f2f515b6857a7626e7d733ea81e452163a8e46d8c1787c083c5dd0ee42df?s=96&d=mm&r=g\",\"contentUrl\":\"https:\/\/secure.gravatar.com\/avatar\/df62f2f515b6857a7626e7d733ea81e452163a8e46d8c1787c083c5dd0ee42df?s=96&d=mm&r=g\",\"caption\":\"Press\"},\"url\":\"https:\/\/www.tourdepologne.pl\/en\/author\/press\/\"}]}<\/script>\n<!-- \/ Yoast SEO plugin. -->","yoast_head_json":{"title":"Joao Almeida takes his first World Tour victory at the Tour de Pologne - Tour de Pologne","robots":{"index":"index","follow":"follow","max-snippet":"max-snippet:-1","max-image-preview":"max-image-preview:large","max-video-preview":"max-video-preview:-1"},"canonical":"https:\/\/www.tourdepologne.pl\/en\/2021\/08\/joao-almeida-takes-his-first-world-tour-victory-at-the-tour-de-pologne\/","og_locale":"en_US","og_type":"article","og_title":"Joao Almeida takes his first World Tour victory at the Tour de Pologne - Tour de Pologne","og_description":"Joao Almeida (DQT) wins in Przemy\u015bl\u00a0after attacking just before the Flamme Rouge and managing to maintain his gap from Diego &hellip;","og_url":"https:\/\/www.tourdepologne.pl\/en\/2021\/08\/joao-almeida-takes-his-first-world-tour-victory-at-the-tour-de-pologne\/","og_site_name":"Tour de Pologne","article_publisher":"https:\/\/www.facebook.com\/tourdepologne","article_published_time":"2021-08-11T08:22:29+00:00","article_modified_time":"2021-08-11T14:27:18+00:00","og_image":[{"width":2362,"height":1575,"url":"https:\/\/www.tourdepologne.pl\/wp-content\/uploads\/2021\/08\/7ddbc27c-0916-472e-9c15-3fe00b24d3d0.jpeg","type":"image\/jpeg"}],"author":"Press","twitter_card":"summary_large_image","twitter_creator":"@tour_de_pologne","twitter_site":"@tour_de_pologne","twitter_misc":{"Written by":"Press","Est. reading time":"3 minutes"},"schema":{"@context":"https:\/\/schema.org","@graph":[{"@type":"Article","@id":"https:\/\/www.tourdepologne.pl\/en\/2021\/08\/joao-almeida-takes-his-first-world-tour-victory-at-the-tour-de-pologne\/#article","isPartOf":{"@id":"https:\/\/www.tourdepologne.pl\/en\/2021\/08\/joao-almeida-takes-his-first-world-tour-victory-at-the-tour-de-pologne\/"},"author":{"name":"Press","@id":"https:\/\/www.tourdepologne.pl\/#\/schema\/person\/f4fe67774ed888efd15b2ce6e2c8ba8e"},"headline":"Joao Almeida takes his first World Tour victory at the Tour de Pologne","datePublished":"2021-08-11T08:22:29+00:00","dateModified":"2021-08-11T14:27:18+00:00","mainEntityOfPage":{"@id":"https:\/\/www.tourdepologne.pl\/en\/2021\/08\/joao-almeida-takes-his-first-world-tour-victory-at-the-tour-de-pologne\/"},"wordCount":692,"publisher":{"@id":"https:\/\/www.tourdepologne.pl\/#organization"},"image":{"@id":"https:\/\/www.tourdepologne.pl\/en\/2021\/08\/joao-almeida-takes-his-first-world-tour-victory-at-the-tour-de-pologne\/#primaryimage"},"thumbnailUrl":"https:\/\/www.tourdepologne.pl\/wp-content\/uploads\/2021\/08\/7ddbc27c-0916-472e-9c15-3fe00b24d3d0.jpeg","articleSection":["News en"],"inLanguage":"en-US"},{"@type":"WebPage","@id":"https:\/\/www.tourdepologne.pl\/en\/2021\/08\/joao-almeida-takes-his-first-world-tour-victory-at-the-tour-de-pologne\/","url":"https:\/\/www.tourdepologne.pl\/en\/2021\/08\/joao-almeida-takes-his-first-world-tour-victory-at-the-tour-de-pologne\/","name":"Joao Almeida takes his first World Tour victory at the Tour de Pologne - Tour de Pologne","isPartOf":{"@id":"https:\/\/www.tourdepologne.pl\/#website"},"primaryImageOfPage":{"@id":"https:\/\/www.tourdepologne.pl\/en\/2021\/08\/joao-almeida-takes-his-first-world-tour-victory-at-the-tour-de-pologne\/#primaryimage"},"image":{"@id":"https:\/\/www.tourdepologne.pl\/en\/2021\/08\/joao-almeida-takes-his-first-world-tour-victory-at-the-tour-de-pologne\/#primaryimage"},"thumbnailUrl":"https:\/\/www.tourdepologne.pl\/wp-content\/uploads\/2021\/08\/7ddbc27c-0916-472e-9c15-3fe00b24d3d0.jpeg","datePublished":"2021-08-11T08:22:29+00:00","dateModified":"2021-08-11T14:27:18+00:00","breadcrumb":{"@id":"https:\/\/www.tourdepologne.pl\/en\/2021\/08\/joao-almeida-takes-his-first-world-tour-victory-at-the-tour-de-pologne\/#breadcrumb"},"inLanguage":"en-US","potentialAction":[{"@type":"ReadAction","target":["https:\/\/www.tourdepologne.pl\/en\/2021\/08\/joao-almeida-takes-his-first-world-tour-victory-at-the-tour-de-pologne\/"]}]},{"@type":"ImageObject","inLanguage":"en-US","@id":"https:\/\/www.tourdepologne.pl\/en\/2021\/08\/joao-almeida-takes-his-first-world-tour-victory-at-the-tour-de-pologne\/#primaryimage","url":"https:\/\/www.tourdepologne.pl\/wp-content\/uploads\/2021\/08\/7ddbc27c-0916-472e-9c15-3fe00b24d3d0.jpeg","contentUrl":"https:\/\/www.tourdepologne.pl\/wp-content\/uploads\/2021\/08\/7ddbc27c-0916-472e-9c15-3fe00b24d3d0.jpeg","width":2362,"height":1575,"caption":"Tour de Pologne 2021 - 78th Edition - 2nd stage Zamosc - Przemysl 200,8 km - 10\/08\/2021 - - photo Dario Belingheri\/BettiniPhoto\u00a92021"},{"@type":"BreadcrumbList","@id":"https:\/\/www.tourdepologne.pl\/en\/2021\/08\/joao-almeida-takes-his-first-world-tour-victory-at-the-tour-de-pologne\/#breadcrumb","itemListElement":[{"@type":"ListItem","position":1,"name":"Strona g\u0142\u00f3wna","item":"https:\/\/www.tourdepologne.pl\/en\/"},{"@type":"ListItem","position":2,"name":"Joao Almeida takes his first World Tour victory at the Tour de Pologne"}]},{"@type":"WebSite","@id":"https:\/\/www.tourdepologne.pl\/#website","url":"https:\/\/www.tourdepologne.pl\/","name":"Tour de Pologne","description":"","publisher":{"@id":"https:\/\/www.tourdepologne.pl\/#organization"},"potentialAction":[{"@type":"SearchAction","target":{"@type":"EntryPoint","urlTemplate":"https:\/\/www.tourdepologne.pl\/?s={search_term_string}"},"query-input":{"@type":"PropertyValueSpecification","valueRequired":true,"valueName":"search_term_string"}}],"inLanguage":"en-US"},{"@type":"Organization","@id":"https:\/\/www.tourdepologne.pl\/#organization","name":"Wy\u015bcig kolarski Tour de Pologne","url":"https:\/\/www.tourdepologne.pl\/","logo":{"@type":"ImageObject","inLanguage":"en-US","@id":"https:\/\/www.tourdepologne.pl\/#\/schema\/logo\/image\/","url":"https:\/\/www.tourdepologne.pl\/wp-content\/uploads\/2019\/06\/logo-tdp.png","contentUrl":"https:\/\/www.tourdepologne.pl\/wp-content\/uploads\/2019\/06\/logo-tdp.png","width":450,"height":52,"caption":"Wy\u015bcig kolarski Tour de Pologne"},"image":{"@id":"https:\/\/www.tourdepologne.pl\/#\/schema\/logo\/image\/"},"sameAs":["https:\/\/www.facebook.com\/tourdepologne","https:\/\/x.com\/tour_de_pologne","https:\/\/www.instagram.com\/tourdepologne\/","https:\/\/www.youtube.com\/@TourdePologne2011"]},{"@type":"Person","@id":"https:\/\/www.tourdepologne.pl\/#\/schema\/person\/f4fe67774ed888efd15b2ce6e2c8ba8e","name":"Press","image":{"@type":"ImageObject","inLanguage":"en-US","@id":"https:\/\/secure.gravatar.com\/avatar\/df62f2f515b6857a7626e7d733ea81e452163a8e46d8c1787c083c5dd0ee42df?s=96&d=mm&r=g","url":"https:\/\/secure.gravatar.com\/avatar\/df62f2f515b6857a7626e7d733ea81e452163a8e46d8c1787c083c5dd0ee42df?s=96&d=mm&r=g","contentUrl":"https:\/\/secure.gravatar.com\/avatar\/df62f2f515b6857a7626e7d733ea81e452163a8e46d8c1787c083c5dd0ee42df?s=96&d=mm&r=g","caption":"Press"},"url":"https:\/\/www.tourdepologne.pl\/en\/author\/press\/"}]}},"_links":{"self":[{"href":"https:\/\/www.tourdepologne.pl\/en\/wp-json\/wp\/v2\/posts\/25146","targetHints":{"allow":["GET"]}}],"collection":[{"href":"https:\/\/www.tourdepologne.pl\/en\/wp-json\/wp\/v2\/posts"}],"about":[{"href":"https:\/\/www.tourdepologne.pl\/en\/wp-json\/wp\/v2\/types\/post"}],"author":[{"embeddable":true,"href":"https:\/\/www.tourdepologne.pl\/en\/wp-json\/wp\/v2\/users\/6"}],"replies":[{"embeddable":true,"href":"https:\/\/www.tourdepologne.pl\/en\/wp-json\/wp\/v2\/comments?post=25146"}],"version-history":[{"count":1,"href":"https:\/\/www.tourdepologne.pl\/en\/wp-json\/wp\/v2\/posts\/25146\/revisions"}],"predecessor-version":[{"id":25147,"href":"https:\/\/www.tourdepologne.pl\/en\/wp-json\/wp\/v2\/posts\/25146\/revisions\/25147"}],"wp:featuredmedia":[{"embeddable":true,"href":"https:\/\/www.tourdepologne.pl\/en\/wp-json\/wp\/v2\/media\/25148"}],"wp:attachment":[{"href":"https:\/\/www.tourdepologne.pl\/en\/wp-json\/wp\/v2\/media?parent=25146"}],"wp:term":[{"taxonomy":"category","embeddable":true,"href":"https:\/\/www.tourdepologne.pl\/en\/wp-json\/wp\/v2\/categories?post=25146"},{"taxonomy":"post_tag","embeddable":true,"href":"https:\/\/www.tourdepologne.pl\/en\/wp-json\/wp\/v2\/tags?post=25146"}],"curies":[{"name":"wp","href":"https:\/\/api.w.org\/{rel}","templated":true}]}}