{"id":28922,"date":"2022-08-02T12:48:14","date_gmt":"2022-08-02T10:48:14","guid":{"rendered":"https:\/\/www.tourdepologne.pl\/?p=28922"},"modified":"2022-08-02T20:55:36","modified_gmt":"2022-08-02T18:55:36","slug":"stage-4-dzien-dobry-tour-de-pologne-2022","status":"publish","type":"post","link":"https:\/\/www.tourdepologne.pl\/en\/2022\/08\/stage-4-dzien-dobry-tour-de-pologne-2022\/","title":{"rendered":"Stage 4 &#8211; DZIE\u0143 DOBRY &#8211; Tour de Pologne 2022"},"content":{"rendered":"<p><span style=\"font-weight: 400;\">The fourth stage will be held entirely in Subcarpathian voivodeship. Starting in the medieval town of Lesko, located near the San River, the route will lead through Sanocko-Turcza\u0144skie mountains, there will be numerous hills and descents. Suited for classic riders, this stage is featured by two LOTTO Intermediate Sprint Primes and also three, second category PZU KOMs. The contenders will have to tackle the last PZU KOM in Leszczawa before the finish in Sanok, an old historic town.\u00a0<\/span><\/p>\n<p><img loading=\"lazy\" decoding=\"async\" class=\"aligncenter size-full wp-image-28919\" src=\"https:\/\/www.tourdepologne.pl\/wp-content\/uploads\/2022\/08\/79-4-5.jpeg\" alt=\"\" width=\"1280\" height=\"604\" srcset=\"https:\/\/www.tourdepologne.pl\/wp-content\/uploads\/2022\/08\/79-4-5.jpeg 1280w, https:\/\/www.tourdepologne.pl\/wp-content\/uploads\/2022\/08\/79-4-5-300x142.jpeg 300w, https:\/\/www.tourdepologne.pl\/wp-content\/uploads\/2022\/08\/79-4-5-600x283.jpeg 600w, https:\/\/www.tourdepologne.pl\/wp-content\/uploads\/2022\/08\/79-4-5-150x71.jpeg 150w\" sizes=\"auto, (max-width: 1280px) 100vw, 1280px\" \/><\/p>\n<p>&nbsp;<\/p>\n<p><b>Lesko Stone<\/b><span style=\"font-weight: 400;\"><br \/>\n<\/span><span style=\"font-weight: 400;\">This impressive geological formation shows how Nature is truly an artist. Located in the forest near the city, it is most likely a result of glacial movements in the area and the whole formation is believed to have been carried to the present site by a glacier. The stone is over 65 feet (20 m) tall and is entirely a work of erosion. Its peculiar shape was further pronounced as the area was a small rock quarry in past centuries. The stone is an important aspect of local culture with a number of legends related to its shape and origin and some of them are told on plaques currently fixed to the stone.<\/span><\/p>\n<p><b>Icon trail<\/b><\/p>\n<p><span style=\"font-weight: 400;\">This route is a loop which runs north of Sanok for 70 km following the San River towards Mrzylieg\u00f3d. The famous trail allows for the discovery of numerous Greek Catholic wooden churches. The most characteristic churches are north of this town, in the villages of Hlomcza, Rodzina, Dobra Szlachecka and Ulucz. The jewel of the region undoubtedly stands in Ulucz: the Church of the Ascension which is considered the oldest wooden church of oriental type in Poland. This charming tour can be done by bike or even by horse.<\/span><\/p>\n<p>&nbsp;<\/p>\n<p>&nbsp;<\/p>\n","protected":false},"excerpt":{"rendered":"<p>The fourth stage will be held entirely in Subcarpathian voivodeship. Starting in the medieval town of Lesko, located near the &hellip; <\/p>\n","protected":false},"author":6,"featured_media":28920,"comment_status":"closed","ping_status":"closed","sticky":false,"template":"","format":"standard","meta":{"_acf_changed":false,"footnotes":""},"categories":[95],"tags":[],"class_list":["post-28922","post","type-post","status-publish","format-standard","has-post-thumbnail","hentry","category-news-en"],"acf":[],"yoast_head":"<!-- This site is optimized with the Yoast SEO plugin v27.2 - https:\/\/yoast.com\/product\/yoast-seo-wordpress\/ -->\n<title>Stage 4 - DZIE\u0143 DOBRY - Tour de Pologne 2022 - Tour de Pologne<\/title>\n<meta name=\"robots\" content=\"index, follow, max-snippet:-1, max-image-preview:large, max-video-preview:-1\" \/>\n<link rel=\"canonical\" href=\"https:\/\/www.tourdepologne.pl\/en\/2022\/08\/stage-4-dzien-dobry-tour-de-pologne-2022\/\" \/>\n<meta property=\"og:locale\" content=\"en_US\" \/>\n<meta property=\"og:type\" content=\"article\" \/>\n<meta property=\"og:title\" content=\"Stage 4 - DZIE\u0143 DOBRY - Tour de Pologne 2022 - Tour de Pologne\" \/>\n<meta property=\"og:description\" content=\"The fourth stage will be held entirely in Subcarpathian voivodeship. Starting in the medieval town of Lesko, located near the &hellip;\" \/>\n<meta property=\"og:url\" content=\"https:\/\/www.tourdepologne.pl\/en\/2022\/08\/stage-4-dzien-dobry-tour-de-pologne-2022\/\" \/>\n<meta property=\"og:site_name\" content=\"Tour de Pologne\" \/>\n<meta property=\"article:publisher\" content=\"https:\/\/www.facebook.com\/tourdepologne\" \/>\n<meta property=\"article:published_time\" content=\"2022-08-02T10:48:14+00:00\" \/>\n<meta property=\"article:modified_time\" content=\"2022-08-02T18:55:36+00:00\" \/>\n<meta property=\"og:image\" content=\"https:\/\/www.tourdepologne.pl\/wp-content\/uploads\/2022\/08\/TDPIII-175-1.jpg\" \/>\n\t<meta property=\"og:image:width\" content=\"1400\" \/>\n\t<meta property=\"og:image:height\" content=\"933\" \/>\n\t<meta property=\"og:image:type\" content=\"image\/jpeg\" \/>\n<meta name=\"author\" content=\"Press\" \/>\n<meta name=\"twitter:card\" content=\"summary_large_image\" \/>\n<meta name=\"twitter:creator\" content=\"@tour_de_pologne\" \/>\n<meta name=\"twitter:site\" content=\"@tour_de_pologne\" \/>\n<meta name=\"twitter:label1\" content=\"Written by\" \/>\n\t<meta name=\"twitter:data1\" content=\"Press\" \/>\n\t<meta name=\"twitter:label2\" content=\"Est. reading time\" \/>\n\t<meta name=\"twitter:data2\" content=\"1 minute\" \/>\n<script type=\"application\/ld+json\" class=\"yoast-schema-graph\">{\"@context\":\"https:\/\/schema.org\",\"@graph\":[{\"@type\":\"Article\",\"@id\":\"https:\/\/www.tourdepologne.pl\/en\/2022\/08\/stage-4-dzien-dobry-tour-de-pologne-2022\/#article\",\"isPartOf\":{\"@id\":\"https:\/\/www.tourdepologne.pl\/en\/2022\/08\/stage-4-dzien-dobry-tour-de-pologne-2022\/\"},\"author\":{\"name\":\"Press\",\"@id\":\"https:\/\/www.tourdepologne.pl\/#\/schema\/person\/f4fe67774ed888efd15b2ce6e2c8ba8e\"},\"headline\":\"Stage 4 &#8211; DZIE\u0143 DOBRY &#8211; Tour de Pologne 2022\",\"datePublished\":\"2022-08-02T10:48:14+00:00\",\"dateModified\":\"2022-08-02T18:55:36+00:00\",\"mainEntityOfPage\":{\"@id\":\"https:\/\/www.tourdepologne.pl\/en\/2022\/08\/stage-4-dzien-dobry-tour-de-pologne-2022\/\"},\"wordCount\":294,\"publisher\":{\"@id\":\"https:\/\/www.tourdepologne.pl\/#organization\"},\"image\":{\"@id\":\"https:\/\/www.tourdepologne.pl\/en\/2022\/08\/stage-4-dzien-dobry-tour-de-pologne-2022\/#primaryimage\"},\"thumbnailUrl\":\"https:\/\/www.tourdepologne.pl\/wp-content\/uploads\/2022\/08\/TDPIII-175-1.jpg\",\"articleSection\":[\"News en\"],\"inLanguage\":\"en-US\"},{\"@type\":\"WebPage\",\"@id\":\"https:\/\/www.tourdepologne.pl\/en\/2022\/08\/stage-4-dzien-dobry-tour-de-pologne-2022\/\",\"url\":\"https:\/\/www.tourdepologne.pl\/en\/2022\/08\/stage-4-dzien-dobry-tour-de-pologne-2022\/\",\"name\":\"Stage 4 - DZIE\u0143 DOBRY - Tour de Pologne 2022 - Tour de Pologne\",\"isPartOf\":{\"@id\":\"https:\/\/www.tourdepologne.pl\/#website\"},\"primaryImageOfPage\":{\"@id\":\"https:\/\/www.tourdepologne.pl\/en\/2022\/08\/stage-4-dzien-dobry-tour-de-pologne-2022\/#primaryimage\"},\"image\":{\"@id\":\"https:\/\/www.tourdepologne.pl\/en\/2022\/08\/stage-4-dzien-dobry-tour-de-pologne-2022\/#primaryimage\"},\"thumbnailUrl\":\"https:\/\/www.tourdepologne.pl\/wp-content\/uploads\/2022\/08\/TDPIII-175-1.jpg\",\"datePublished\":\"2022-08-02T10:48:14+00:00\",\"dateModified\":\"2022-08-02T18:55:36+00:00\",\"breadcrumb\":{\"@id\":\"https:\/\/www.tourdepologne.pl\/en\/2022\/08\/stage-4-dzien-dobry-tour-de-pologne-2022\/#breadcrumb\"},\"inLanguage\":\"en-US\",\"potentialAction\":[{\"@type\":\"ReadAction\",\"target\":[\"https:\/\/www.tourdepologne.pl\/en\/2022\/08\/stage-4-dzien-dobry-tour-de-pologne-2022\/\"]}]},{\"@type\":\"ImageObject\",\"inLanguage\":\"en-US\",\"@id\":\"https:\/\/www.tourdepologne.pl\/en\/2022\/08\/stage-4-dzien-dobry-tour-de-pologne-2022\/#primaryimage\",\"url\":\"https:\/\/www.tourdepologne.pl\/wp-content\/uploads\/2022\/08\/TDPIII-175-1.jpg\",\"contentUrl\":\"https:\/\/www.tourdepologne.pl\/wp-content\/uploads\/2022\/08\/TDPIII-175-1.jpg\",\"width\":1400,\"height\":933,\"caption\":\"Przemy\u015bl - Poland - cycling - pictured during 79th Tour de Pologne (2.UWT) stage3 Kra\u015bnik &gt; Przemy\u015bl (237KM) - Photo: Szymon Gruchalski\/Cor Vos \u00a9 2022\"},{\"@type\":\"BreadcrumbList\",\"@id\":\"https:\/\/www.tourdepologne.pl\/en\/2022\/08\/stage-4-dzien-dobry-tour-de-pologne-2022\/#breadcrumb\",\"itemListElement\":[{\"@type\":\"ListItem\",\"position\":1,\"name\":\"Strona g\u0142\u00f3wna\",\"item\":\"https:\/\/www.tourdepologne.pl\/en\/\"},{\"@type\":\"ListItem\",\"position\":2,\"name\":\"Stage 4 &#8211; DZIE\u0143 DOBRY &#8211; Tour de Pologne 2022\"}]},{\"@type\":\"WebSite\",\"@id\":\"https:\/\/www.tourdepologne.pl\/#website\",\"url\":\"https:\/\/www.tourdepologne.pl\/\",\"name\":\"Tour de Pologne\",\"description\":\"\",\"publisher\":{\"@id\":\"https:\/\/www.tourdepologne.pl\/#organization\"},\"potentialAction\":[{\"@type\":\"SearchAction\",\"target\":{\"@type\":\"EntryPoint\",\"urlTemplate\":\"https:\/\/www.tourdepologne.pl\/?s={search_term_string}\"},\"query-input\":{\"@type\":\"PropertyValueSpecification\",\"valueRequired\":true,\"valueName\":\"search_term_string\"}}],\"inLanguage\":\"en-US\"},{\"@type\":\"Organization\",\"@id\":\"https:\/\/www.tourdepologne.pl\/#organization\",\"name\":\"Wy\u015bcig kolarski Tour de Pologne\",\"url\":\"https:\/\/www.tourdepologne.pl\/\",\"logo\":{\"@type\":\"ImageObject\",\"inLanguage\":\"en-US\",\"@id\":\"https:\/\/www.tourdepologne.pl\/#\/schema\/logo\/image\/\",\"url\":\"https:\/\/www.tourdepologne.pl\/wp-content\/uploads\/2019\/06\/logo-tdp.png\",\"contentUrl\":\"https:\/\/www.tourdepologne.pl\/wp-content\/uploads\/2019\/06\/logo-tdp.png\",\"width\":450,\"height\":52,\"caption\":\"Wy\u015bcig kolarski Tour de Pologne\"},\"image\":{\"@id\":\"https:\/\/www.tourdepologne.pl\/#\/schema\/logo\/image\/\"},\"sameAs\":[\"https:\/\/www.facebook.com\/tourdepologne\",\"https:\/\/x.com\/tour_de_pologne\",\"https:\/\/www.instagram.com\/tourdepologne\/\",\"https:\/\/www.youtube.com\/@TourdePologne2011\"]},{\"@type\":\"Person\",\"@id\":\"https:\/\/www.tourdepologne.pl\/#\/schema\/person\/f4fe67774ed888efd15b2ce6e2c8ba8e\",\"name\":\"Press\",\"image\":{\"@type\":\"ImageObject\",\"inLanguage\":\"en-US\",\"@id\":\"https:\/\/secure.gravatar.com\/avatar\/df62f2f515b6857a7626e7d733ea81e452163a8e46d8c1787c083c5dd0ee42df?s=96&d=mm&r=g\",\"url\":\"https:\/\/secure.gravatar.com\/avatar\/df62f2f515b6857a7626e7d733ea81e452163a8e46d8c1787c083c5dd0ee42df?s=96&d=mm&r=g\",\"contentUrl\":\"https:\/\/secure.gravatar.com\/avatar\/df62f2f515b6857a7626e7d733ea81e452163a8e46d8c1787c083c5dd0ee42df?s=96&d=mm&r=g\",\"caption\":\"Press\"},\"url\":\"https:\/\/www.tourdepologne.pl\/en\/author\/press\/\"}]}<\/script>\n<!-- \/ Yoast SEO plugin. -->","yoast_head_json":{"title":"Stage 4 - DZIE\u0143 DOBRY - Tour de Pologne 2022 - Tour de Pologne","robots":{"index":"index","follow":"follow","max-snippet":"max-snippet:-1","max-image-preview":"max-image-preview:large","max-video-preview":"max-video-preview:-1"},"canonical":"https:\/\/www.tourdepologne.pl\/en\/2022\/08\/stage-4-dzien-dobry-tour-de-pologne-2022\/","og_locale":"en_US","og_type":"article","og_title":"Stage 4 - DZIE\u0143 DOBRY - Tour de Pologne 2022 - Tour de Pologne","og_description":"The fourth stage will be held entirely in Subcarpathian voivodeship. Starting in the medieval town of Lesko, located near the &hellip;","og_url":"https:\/\/www.tourdepologne.pl\/en\/2022\/08\/stage-4-dzien-dobry-tour-de-pologne-2022\/","og_site_name":"Tour de Pologne","article_publisher":"https:\/\/www.facebook.com\/tourdepologne","article_published_time":"2022-08-02T10:48:14+00:00","article_modified_time":"2022-08-02T18:55:36+00:00","og_image":[{"width":1400,"height":933,"url":"https:\/\/www.tourdepologne.pl\/wp-content\/uploads\/2022\/08\/TDPIII-175-1.jpg","type":"image\/jpeg"}],"author":"Press","twitter_card":"summary_large_image","twitter_creator":"@tour_de_pologne","twitter_site":"@tour_de_pologne","twitter_misc":{"Written by":"Press","Est. reading time":"1 minute"},"schema":{"@context":"https:\/\/schema.org","@graph":[{"@type":"Article","@id":"https:\/\/www.tourdepologne.pl\/en\/2022\/08\/stage-4-dzien-dobry-tour-de-pologne-2022\/#article","isPartOf":{"@id":"https:\/\/www.tourdepologne.pl\/en\/2022\/08\/stage-4-dzien-dobry-tour-de-pologne-2022\/"},"author":{"name":"Press","@id":"https:\/\/www.tourdepologne.pl\/#\/schema\/person\/f4fe67774ed888efd15b2ce6e2c8ba8e"},"headline":"Stage 4 &#8211; DZIE\u0143 DOBRY &#8211; Tour de Pologne 2022","datePublished":"2022-08-02T10:48:14+00:00","dateModified":"2022-08-02T18:55:36+00:00","mainEntityOfPage":{"@id":"https:\/\/www.tourdepologne.pl\/en\/2022\/08\/stage-4-dzien-dobry-tour-de-pologne-2022\/"},"wordCount":294,"publisher":{"@id":"https:\/\/www.tourdepologne.pl\/#organization"},"image":{"@id":"https:\/\/www.tourdepologne.pl\/en\/2022\/08\/stage-4-dzien-dobry-tour-de-pologne-2022\/#primaryimage"},"thumbnailUrl":"https:\/\/www.tourdepologne.pl\/wp-content\/uploads\/2022\/08\/TDPIII-175-1.jpg","articleSection":["News en"],"inLanguage":"en-US"},{"@type":"WebPage","@id":"https:\/\/www.tourdepologne.pl\/en\/2022\/08\/stage-4-dzien-dobry-tour-de-pologne-2022\/","url":"https:\/\/www.tourdepologne.pl\/en\/2022\/08\/stage-4-dzien-dobry-tour-de-pologne-2022\/","name":"Stage 4 - DZIE\u0143 DOBRY - Tour de Pologne 2022 - Tour de Pologne","isPartOf":{"@id":"https:\/\/www.tourdepologne.pl\/#website"},"primaryImageOfPage":{"@id":"https:\/\/www.tourdepologne.pl\/en\/2022\/08\/stage-4-dzien-dobry-tour-de-pologne-2022\/#primaryimage"},"image":{"@id":"https:\/\/www.tourdepologne.pl\/en\/2022\/08\/stage-4-dzien-dobry-tour-de-pologne-2022\/#primaryimage"},"thumbnailUrl":"https:\/\/www.tourdepologne.pl\/wp-content\/uploads\/2022\/08\/TDPIII-175-1.jpg","datePublished":"2022-08-02T10:48:14+00:00","dateModified":"2022-08-02T18:55:36+00:00","breadcrumb":{"@id":"https:\/\/www.tourdepologne.pl\/en\/2022\/08\/stage-4-dzien-dobry-tour-de-pologne-2022\/#breadcrumb"},"inLanguage":"en-US","potentialAction":[{"@type":"ReadAction","target":["https:\/\/www.tourdepologne.pl\/en\/2022\/08\/stage-4-dzien-dobry-tour-de-pologne-2022\/"]}]},{"@type":"ImageObject","inLanguage":"en-US","@id":"https:\/\/www.tourdepologne.pl\/en\/2022\/08\/stage-4-dzien-dobry-tour-de-pologne-2022\/#primaryimage","url":"https:\/\/www.tourdepologne.pl\/wp-content\/uploads\/2022\/08\/TDPIII-175-1.jpg","contentUrl":"https:\/\/www.tourdepologne.pl\/wp-content\/uploads\/2022\/08\/TDPIII-175-1.jpg","width":1400,"height":933,"caption":"Przemy\u015bl - Poland - cycling - pictured during 79th Tour de Pologne (2.UWT) stage3 Kra\u015bnik &gt; Przemy\u015bl (237KM) - Photo: Szymon Gruchalski\/Cor Vos \u00a9 2022"},{"@type":"BreadcrumbList","@id":"https:\/\/www.tourdepologne.pl\/en\/2022\/08\/stage-4-dzien-dobry-tour-de-pologne-2022\/#breadcrumb","itemListElement":[{"@type":"ListItem","position":1,"name":"Strona g\u0142\u00f3wna","item":"https:\/\/www.tourdepologne.pl\/en\/"},{"@type":"ListItem","position":2,"name":"Stage 4 &#8211; DZIE\u0143 DOBRY &#8211; Tour de Pologne 2022"}]},{"@type":"WebSite","@id":"https:\/\/www.tourdepologne.pl\/#website","url":"https:\/\/www.tourdepologne.pl\/","name":"Tour de Pologne","description":"","publisher":{"@id":"https:\/\/www.tourdepologne.pl\/#organization"},"potentialAction":[{"@type":"SearchAction","target":{"@type":"EntryPoint","urlTemplate":"https:\/\/www.tourdepologne.pl\/?s={search_term_string}"},"query-input":{"@type":"PropertyValueSpecification","valueRequired":true,"valueName":"search_term_string"}}],"inLanguage":"en-US"},{"@type":"Organization","@id":"https:\/\/www.tourdepologne.pl\/#organization","name":"Wy\u015bcig kolarski Tour de Pologne","url":"https:\/\/www.tourdepologne.pl\/","logo":{"@type":"ImageObject","inLanguage":"en-US","@id":"https:\/\/www.tourdepologne.pl\/#\/schema\/logo\/image\/","url":"https:\/\/www.tourdepologne.pl\/wp-content\/uploads\/2019\/06\/logo-tdp.png","contentUrl":"https:\/\/www.tourdepologne.pl\/wp-content\/uploads\/2019\/06\/logo-tdp.png","width":450,"height":52,"caption":"Wy\u015bcig kolarski Tour de Pologne"},"image":{"@id":"https:\/\/www.tourdepologne.pl\/#\/schema\/logo\/image\/"},"sameAs":["https:\/\/www.facebook.com\/tourdepologne","https:\/\/x.com\/tour_de_pologne","https:\/\/www.instagram.com\/tourdepologne\/","https:\/\/www.youtube.com\/@TourdePologne2011"]},{"@type":"Person","@id":"https:\/\/www.tourdepologne.pl\/#\/schema\/person\/f4fe67774ed888efd15b2ce6e2c8ba8e","name":"Press","image":{"@type":"ImageObject","inLanguage":"en-US","@id":"https:\/\/secure.gravatar.com\/avatar\/df62f2f515b6857a7626e7d733ea81e452163a8e46d8c1787c083c5dd0ee42df?s=96&d=mm&r=g","url":"https:\/\/secure.gravatar.com\/avatar\/df62f2f515b6857a7626e7d733ea81e452163a8e46d8c1787c083c5dd0ee42df?s=96&d=mm&r=g","contentUrl":"https:\/\/secure.gravatar.com\/avatar\/df62f2f515b6857a7626e7d733ea81e452163a8e46d8c1787c083c5dd0ee42df?s=96&d=mm&r=g","caption":"Press"},"url":"https:\/\/www.tourdepologne.pl\/en\/author\/press\/"}]}},"_links":{"self":[{"href":"https:\/\/www.tourdepologne.pl\/en\/wp-json\/wp\/v2\/posts\/28922","targetHints":{"allow":["GET"]}}],"collection":[{"href":"https:\/\/www.tourdepologne.pl\/en\/wp-json\/wp\/v2\/posts"}],"about":[{"href":"https:\/\/www.tourdepologne.pl\/en\/wp-json\/wp\/v2\/types\/post"}],"author":[{"embeddable":true,"href":"https:\/\/www.tourdepologne.pl\/en\/wp-json\/wp\/v2\/users\/6"}],"replies":[{"embeddable":true,"href":"https:\/\/www.tourdepologne.pl\/en\/wp-json\/wp\/v2\/comments?post=28922"}],"version-history":[{"count":1,"href":"https:\/\/www.tourdepologne.pl\/en\/wp-json\/wp\/v2\/posts\/28922\/revisions"}],"predecessor-version":[{"id":28923,"href":"https:\/\/www.tourdepologne.pl\/en\/wp-json\/wp\/v2\/posts\/28922\/revisions\/28923"}],"wp:featuredmedia":[{"embeddable":true,"href":"https:\/\/www.tourdepologne.pl\/en\/wp-json\/wp\/v2\/media\/28920"}],"wp:attachment":[{"href":"https:\/\/www.tourdepologne.pl\/en\/wp-json\/wp\/v2\/media?parent=28922"}],"wp:term":[{"taxonomy":"category","embeddable":true,"href":"https:\/\/www.tourdepologne.pl\/en\/wp-json\/wp\/v2\/categories?post=28922"},{"taxonomy":"post_tag","embeddable":true,"href":"https:\/\/www.tourdepologne.pl\/en\/wp-json\/wp\/v2\/tags?post=28922"}],"curies":[{"name":"wp","href":"https:\/\/api.w.org\/{rel}","templated":true}]}}