{"id":28999,"date":"2022-08-02T21:21:47","date_gmt":"2022-08-02T19:21:47","guid":{"rendered":"https:\/\/www.tourdepologne.pl\/?p=28999"},"modified":"2022-08-03T12:27:29","modified_gmt":"2022-08-03T10:27:29","slug":"ackermann-back-to-victory-in-sanok","status":"publish","type":"post","link":"https:\/\/www.tourdepologne.pl\/en\/2022\/08\/ackermann-back-to-victory-in-sanok\/","title":{"rendered":"Ackermann back to victory in Sanok"},"content":{"rendered":"<p><strong>As Pascal Ackermann gets his 5th win in Poland, Sergio Higuita maintains the lead of the Tour de Pologne despite a crash in the final<\/strong><\/p>\n<p>The 179.4-kilometre-long fourth stage, from Lesko to Sanok, ended with Pascal Ackermann (UAE Team Emirates) skilfully winning on a course particularly suited to puncheurs, finishing ahead of Jordi Meeus (BORA &#8211; hansgrohe) and Jonathan Milan (Bahrain Victorious).<\/p>\n<p>&#8220;<em>This is my fifth victory at the Tour de Pologne but I think it is the most beautiful. The team did a great job keeping a perfect pace on the last climb before the finish<\/em>.&#8221; confirms a super excited Pascal Ackermann. &#8220;<em>The finale was technical but Molano did a great job leading me perfectly. I trusted him and followed him. I then sprinted for the win. I had the best lead out possible. It&#8217;s a good team victory. This year, because of the injury, I wasn&#8217;t always able to express myself at my best but now I&#8217;m fine. It&#8217;s a great satisfaction. Tomorrow&#8217;s stage is similar on paper. It won&#8217;t be easy but I will certainly try<\/em>.&#8221;<\/p>\n<p>It was a relatively quiet first part of the stage, featured by a few attacks and counter attacks to form the day&#8217;s breakaway including Nans Peters (ACT), Mads Schmidt (LPT) Kamil Ma\u0142ecki (LTS), Rui Oliveira, (UAD), Andreas Skaarseth (UXT). While the breakaway maintained a gap of just over 1&#8242; from the peloton, Remi Cavagna (QST) and MIke Teunissen (TJV) launched themselves in pursuit of the head of the race without success. With about 5 km to go, as INEOS Grenadiers pulled ahead and bridged the gap metre by metre, the breakaway was caught. Shortly afterwards, at -3km sign, Zdeneck Stybar (QST) launched an attack worthy of a classics specialist. While the Czech maintained his lead, a crash in the bunch involved current General Classification leader Sergio Higuita (BOH). With just 200 metres to go, the brilliant attempt by the Quick-Step Alpha Vinyl Team rider came to an end when Pascal Ackermann launched his sprint to cross the finish line first.<\/p>\n<p>&#8220;<em>I was on the wheel of Jordy Meeus<\/em>&#8221; declared Sergio Huiguita, &#8220;<em>and we were in a good position to tackle the finale when, entering a right-hand bend close to the finish, a Cofidis rider fell. Inevitably the riders behind him braked. I was among them. I braked and my front wheel slipped. I lost control of the bike and fell. After the fall my knee hurt and I was struggling to pedal. Now it&#8217;s a matter of going back to the hotel, resting, and figuring out how to deal with it tomorrow<\/em>.&#8221;<\/p>\n<p>Kamil Ma\u0142ecki (LTS) is the new leader of the Mountain classification, after winning all three mountain finishes on today&#8217;s stage. He said: &#8220;<em>I am happy with my race and especially with this jersey, which is a real reward for the day spent in the breakaway. I had already tried the breakaway in the first stage but without harvesting much. For me this is an important moment, as I come from two difficult years and racing in Poland in front of my home crowd is the best. Now I will try to defend the jersey. I think the KOM classification will only be decided on the last stage with the last three mountain stages. I will do my best to defend the lead<\/em>.&#8221;<\/p>\n<p>Tomorrow at 12:30 the peloton will set off from \u0141a\u0144cut in the direction of Rzesz\u00f3w for a 205km stage that promises to be quite demanding with 2970 metres of elevation gain, several climbs and a 20km finishing circuit around the city.<\/p>\n","protected":false},"excerpt":{"rendered":"<p>As Pascal Ackermann gets his 5th win in Poland, Sergio Higuita maintains the lead of the Tour de Pologne despite &hellip; <\/p>\n","protected":false},"author":6,"featured_media":28997,"comment_status":"closed","ping_status":"closed","sticky":false,"template":"","format":"standard","meta":{"_acf_changed":false,"footnotes":""},"categories":[95],"tags":[],"class_list":["post-28999","post","type-post","status-publish","format-standard","has-post-thumbnail","hentry","category-news-en"],"acf":[],"yoast_head":"<!-- This site is optimized with the Yoast SEO plugin v27.2 - https:\/\/yoast.com\/product\/yoast-seo-wordpress\/ -->\n<title>Ackermann back to victory in Sanok - Tour de Pologne<\/title>\n<meta name=\"robots\" content=\"index, follow, max-snippet:-1, max-image-preview:large, max-video-preview:-1\" \/>\n<link rel=\"canonical\" href=\"https:\/\/www.tourdepologne.pl\/en\/2022\/08\/ackermann-back-to-victory-in-sanok\/\" \/>\n<meta property=\"og:locale\" content=\"en_US\" \/>\n<meta property=\"og:type\" content=\"article\" \/>\n<meta property=\"og:title\" content=\"Ackermann back to victory in Sanok - Tour de Pologne\" \/>\n<meta property=\"og:description\" content=\"As Pascal Ackermann gets his 5th win in Poland, Sergio Higuita maintains the lead of the Tour de Pologne despite &hellip;\" \/>\n<meta property=\"og:url\" content=\"https:\/\/www.tourdepologne.pl\/en\/2022\/08\/ackermann-back-to-victory-in-sanok\/\" \/>\n<meta property=\"og:site_name\" content=\"Tour de Pologne\" \/>\n<meta property=\"article:publisher\" content=\"https:\/\/www.facebook.com\/tourdepologne\" \/>\n<meta property=\"article:published_time\" content=\"2022-08-02T19:21:47+00:00\" \/>\n<meta property=\"article:modified_time\" content=\"2022-08-03T10:27:29+00:00\" \/>\n<meta property=\"og:image\" content=\"https:\/\/www.tourdepologne.pl\/wp-content\/uploads\/2022\/08\/4_etap_TdP_fot.-Szymon-Gruchalski-8.jpg\" \/>\n\t<meta property=\"og:image:width\" content=\"1400\" \/>\n\t<meta property=\"og:image:height\" content=\"933\" \/>\n\t<meta property=\"og:image:type\" content=\"image\/jpeg\" \/>\n<meta name=\"author\" content=\"Press\" \/>\n<meta name=\"twitter:card\" content=\"summary_large_image\" \/>\n<meta name=\"twitter:creator\" content=\"@tour_de_pologne\" \/>\n<meta name=\"twitter:site\" content=\"@tour_de_pologne\" \/>\n<meta name=\"twitter:label1\" content=\"Written by\" \/>\n\t<meta name=\"twitter:data1\" content=\"Press\" \/>\n\t<meta name=\"twitter:label2\" content=\"Est. reading time\" \/>\n\t<meta name=\"twitter:data2\" content=\"3 minutes\" \/>\n<script type=\"application\/ld+json\" class=\"yoast-schema-graph\">{\"@context\":\"https:\/\/schema.org\",\"@graph\":[{\"@type\":\"Article\",\"@id\":\"https:\/\/www.tourdepologne.pl\/en\/2022\/08\/ackermann-back-to-victory-in-sanok\/#article\",\"isPartOf\":{\"@id\":\"https:\/\/www.tourdepologne.pl\/en\/2022\/08\/ackermann-back-to-victory-in-sanok\/\"},\"author\":{\"name\":\"Press\",\"@id\":\"https:\/\/www.tourdepologne.pl\/#\/schema\/person\/f4fe67774ed888efd15b2ce6e2c8ba8e\"},\"headline\":\"Ackermann back to victory in Sanok\",\"datePublished\":\"2022-08-02T19:21:47+00:00\",\"dateModified\":\"2022-08-03T10:27:29+00:00\",\"mainEntityOfPage\":{\"@id\":\"https:\/\/www.tourdepologne.pl\/en\/2022\/08\/ackermann-back-to-victory-in-sanok\/\"},\"wordCount\":609,\"publisher\":{\"@id\":\"https:\/\/www.tourdepologne.pl\/#organization\"},\"image\":{\"@id\":\"https:\/\/www.tourdepologne.pl\/en\/2022\/08\/ackermann-back-to-victory-in-sanok\/#primaryimage\"},\"thumbnailUrl\":\"https:\/\/www.tourdepologne.pl\/wp-content\/uploads\/2022\/08\/4_etap_TdP_fot.-Szymon-Gruchalski-8.jpg\",\"articleSection\":[\"News en\"],\"inLanguage\":\"en-US\"},{\"@type\":\"WebPage\",\"@id\":\"https:\/\/www.tourdepologne.pl\/en\/2022\/08\/ackermann-back-to-victory-in-sanok\/\",\"url\":\"https:\/\/www.tourdepologne.pl\/en\/2022\/08\/ackermann-back-to-victory-in-sanok\/\",\"name\":\"Ackermann back to victory in Sanok - Tour de Pologne\",\"isPartOf\":{\"@id\":\"https:\/\/www.tourdepologne.pl\/#website\"},\"primaryImageOfPage\":{\"@id\":\"https:\/\/www.tourdepologne.pl\/en\/2022\/08\/ackermann-back-to-victory-in-sanok\/#primaryimage\"},\"image\":{\"@id\":\"https:\/\/www.tourdepologne.pl\/en\/2022\/08\/ackermann-back-to-victory-in-sanok\/#primaryimage\"},\"thumbnailUrl\":\"https:\/\/www.tourdepologne.pl\/wp-content\/uploads\/2022\/08\/4_etap_TdP_fot.-Szymon-Gruchalski-8.jpg\",\"datePublished\":\"2022-08-02T19:21:47+00:00\",\"dateModified\":\"2022-08-03T10:27:29+00:00\",\"breadcrumb\":{\"@id\":\"https:\/\/www.tourdepologne.pl\/en\/2022\/08\/ackermann-back-to-victory-in-sanok\/#breadcrumb\"},\"inLanguage\":\"en-US\",\"potentialAction\":[{\"@type\":\"ReadAction\",\"target\":[\"https:\/\/www.tourdepologne.pl\/en\/2022\/08\/ackermann-back-to-victory-in-sanok\/\"]}]},{\"@type\":\"ImageObject\",\"inLanguage\":\"en-US\",\"@id\":\"https:\/\/www.tourdepologne.pl\/en\/2022\/08\/ackermann-back-to-victory-in-sanok\/#primaryimage\",\"url\":\"https:\/\/www.tourdepologne.pl\/wp-content\/uploads\/2022\/08\/4_etap_TdP_fot.-Szymon-Gruchalski-8.jpg\",\"contentUrl\":\"https:\/\/www.tourdepologne.pl\/wp-content\/uploads\/2022\/08\/4_etap_TdP_fot.-Szymon-Gruchalski-8.jpg\",\"width\":1400,\"height\":933,\"caption\":\"Sanok - Poland - cycling - pictured during 79th Tour de Pologne (2.UWT) stage4 Lesko &gt; Sanok (179KM) - Photo: Szymon Gruchalski\/Cor Vos \u00a9 2022\"},{\"@type\":\"BreadcrumbList\",\"@id\":\"https:\/\/www.tourdepologne.pl\/en\/2022\/08\/ackermann-back-to-victory-in-sanok\/#breadcrumb\",\"itemListElement\":[{\"@type\":\"ListItem\",\"position\":1,\"name\":\"Strona g\u0142\u00f3wna\",\"item\":\"https:\/\/www.tourdepologne.pl\/en\/\"},{\"@type\":\"ListItem\",\"position\":2,\"name\":\"Ackermann back to victory in Sanok\"}]},{\"@type\":\"WebSite\",\"@id\":\"https:\/\/www.tourdepologne.pl\/#website\",\"url\":\"https:\/\/www.tourdepologne.pl\/\",\"name\":\"Tour de Pologne\",\"description\":\"\",\"publisher\":{\"@id\":\"https:\/\/www.tourdepologne.pl\/#organization\"},\"potentialAction\":[{\"@type\":\"SearchAction\",\"target\":{\"@type\":\"EntryPoint\",\"urlTemplate\":\"https:\/\/www.tourdepologne.pl\/?s={search_term_string}\"},\"query-input\":{\"@type\":\"PropertyValueSpecification\",\"valueRequired\":true,\"valueName\":\"search_term_string\"}}],\"inLanguage\":\"en-US\"},{\"@type\":\"Organization\",\"@id\":\"https:\/\/www.tourdepologne.pl\/#organization\",\"name\":\"Wy\u015bcig kolarski Tour de Pologne\",\"url\":\"https:\/\/www.tourdepologne.pl\/\",\"logo\":{\"@type\":\"ImageObject\",\"inLanguage\":\"en-US\",\"@id\":\"https:\/\/www.tourdepologne.pl\/#\/schema\/logo\/image\/\",\"url\":\"https:\/\/www.tourdepologne.pl\/wp-content\/uploads\/2019\/06\/logo-tdp.png\",\"contentUrl\":\"https:\/\/www.tourdepologne.pl\/wp-content\/uploads\/2019\/06\/logo-tdp.png\",\"width\":450,\"height\":52,\"caption\":\"Wy\u015bcig kolarski Tour de Pologne\"},\"image\":{\"@id\":\"https:\/\/www.tourdepologne.pl\/#\/schema\/logo\/image\/\"},\"sameAs\":[\"https:\/\/www.facebook.com\/tourdepologne\",\"https:\/\/x.com\/tour_de_pologne\",\"https:\/\/www.instagram.com\/tourdepologne\/\",\"https:\/\/www.youtube.com\/@TourdePologne2011\"]},{\"@type\":\"Person\",\"@id\":\"https:\/\/www.tourdepologne.pl\/#\/schema\/person\/f4fe67774ed888efd15b2ce6e2c8ba8e\",\"name\":\"Press\",\"image\":{\"@type\":\"ImageObject\",\"inLanguage\":\"en-US\",\"@id\":\"https:\/\/secure.gravatar.com\/avatar\/df62f2f515b6857a7626e7d733ea81e452163a8e46d8c1787c083c5dd0ee42df?s=96&d=mm&r=g\",\"url\":\"https:\/\/secure.gravatar.com\/avatar\/df62f2f515b6857a7626e7d733ea81e452163a8e46d8c1787c083c5dd0ee42df?s=96&d=mm&r=g\",\"contentUrl\":\"https:\/\/secure.gravatar.com\/avatar\/df62f2f515b6857a7626e7d733ea81e452163a8e46d8c1787c083c5dd0ee42df?s=96&d=mm&r=g\",\"caption\":\"Press\"},\"url\":\"https:\/\/www.tourdepologne.pl\/en\/author\/press\/\"}]}<\/script>\n<!-- \/ Yoast SEO plugin. -->","yoast_head_json":{"title":"Ackermann back to victory in Sanok - Tour de Pologne","robots":{"index":"index","follow":"follow","max-snippet":"max-snippet:-1","max-image-preview":"max-image-preview:large","max-video-preview":"max-video-preview:-1"},"canonical":"https:\/\/www.tourdepologne.pl\/en\/2022\/08\/ackermann-back-to-victory-in-sanok\/","og_locale":"en_US","og_type":"article","og_title":"Ackermann back to victory in Sanok - Tour de Pologne","og_description":"As Pascal Ackermann gets his 5th win in Poland, Sergio Higuita maintains the lead of the Tour de Pologne despite &hellip;","og_url":"https:\/\/www.tourdepologne.pl\/en\/2022\/08\/ackermann-back-to-victory-in-sanok\/","og_site_name":"Tour de Pologne","article_publisher":"https:\/\/www.facebook.com\/tourdepologne","article_published_time":"2022-08-02T19:21:47+00:00","article_modified_time":"2022-08-03T10:27:29+00:00","og_image":[{"width":1400,"height":933,"url":"https:\/\/www.tourdepologne.pl\/wp-content\/uploads\/2022\/08\/4_etap_TdP_fot.-Szymon-Gruchalski-8.jpg","type":"image\/jpeg"}],"author":"Press","twitter_card":"summary_large_image","twitter_creator":"@tour_de_pologne","twitter_site":"@tour_de_pologne","twitter_misc":{"Written by":"Press","Est. reading time":"3 minutes"},"schema":{"@context":"https:\/\/schema.org","@graph":[{"@type":"Article","@id":"https:\/\/www.tourdepologne.pl\/en\/2022\/08\/ackermann-back-to-victory-in-sanok\/#article","isPartOf":{"@id":"https:\/\/www.tourdepologne.pl\/en\/2022\/08\/ackermann-back-to-victory-in-sanok\/"},"author":{"name":"Press","@id":"https:\/\/www.tourdepologne.pl\/#\/schema\/person\/f4fe67774ed888efd15b2ce6e2c8ba8e"},"headline":"Ackermann back to victory in Sanok","datePublished":"2022-08-02T19:21:47+00:00","dateModified":"2022-08-03T10:27:29+00:00","mainEntityOfPage":{"@id":"https:\/\/www.tourdepologne.pl\/en\/2022\/08\/ackermann-back-to-victory-in-sanok\/"},"wordCount":609,"publisher":{"@id":"https:\/\/www.tourdepologne.pl\/#organization"},"image":{"@id":"https:\/\/www.tourdepologne.pl\/en\/2022\/08\/ackermann-back-to-victory-in-sanok\/#primaryimage"},"thumbnailUrl":"https:\/\/www.tourdepologne.pl\/wp-content\/uploads\/2022\/08\/4_etap_TdP_fot.-Szymon-Gruchalski-8.jpg","articleSection":["News en"],"inLanguage":"en-US"},{"@type":"WebPage","@id":"https:\/\/www.tourdepologne.pl\/en\/2022\/08\/ackermann-back-to-victory-in-sanok\/","url":"https:\/\/www.tourdepologne.pl\/en\/2022\/08\/ackermann-back-to-victory-in-sanok\/","name":"Ackermann back to victory in Sanok - Tour de Pologne","isPartOf":{"@id":"https:\/\/www.tourdepologne.pl\/#website"},"primaryImageOfPage":{"@id":"https:\/\/www.tourdepologne.pl\/en\/2022\/08\/ackermann-back-to-victory-in-sanok\/#primaryimage"},"image":{"@id":"https:\/\/www.tourdepologne.pl\/en\/2022\/08\/ackermann-back-to-victory-in-sanok\/#primaryimage"},"thumbnailUrl":"https:\/\/www.tourdepologne.pl\/wp-content\/uploads\/2022\/08\/4_etap_TdP_fot.-Szymon-Gruchalski-8.jpg","datePublished":"2022-08-02T19:21:47+00:00","dateModified":"2022-08-03T10:27:29+00:00","breadcrumb":{"@id":"https:\/\/www.tourdepologne.pl\/en\/2022\/08\/ackermann-back-to-victory-in-sanok\/#breadcrumb"},"inLanguage":"en-US","potentialAction":[{"@type":"ReadAction","target":["https:\/\/www.tourdepologne.pl\/en\/2022\/08\/ackermann-back-to-victory-in-sanok\/"]}]},{"@type":"ImageObject","inLanguage":"en-US","@id":"https:\/\/www.tourdepologne.pl\/en\/2022\/08\/ackermann-back-to-victory-in-sanok\/#primaryimage","url":"https:\/\/www.tourdepologne.pl\/wp-content\/uploads\/2022\/08\/4_etap_TdP_fot.-Szymon-Gruchalski-8.jpg","contentUrl":"https:\/\/www.tourdepologne.pl\/wp-content\/uploads\/2022\/08\/4_etap_TdP_fot.-Szymon-Gruchalski-8.jpg","width":1400,"height":933,"caption":"Sanok - Poland - cycling - pictured during 79th Tour de Pologne (2.UWT) stage4 Lesko &gt; Sanok (179KM) - Photo: Szymon Gruchalski\/Cor Vos \u00a9 2022"},{"@type":"BreadcrumbList","@id":"https:\/\/www.tourdepologne.pl\/en\/2022\/08\/ackermann-back-to-victory-in-sanok\/#breadcrumb","itemListElement":[{"@type":"ListItem","position":1,"name":"Strona g\u0142\u00f3wna","item":"https:\/\/www.tourdepologne.pl\/en\/"},{"@type":"ListItem","position":2,"name":"Ackermann back to victory in Sanok"}]},{"@type":"WebSite","@id":"https:\/\/www.tourdepologne.pl\/#website","url":"https:\/\/www.tourdepologne.pl\/","name":"Tour de Pologne","description":"","publisher":{"@id":"https:\/\/www.tourdepologne.pl\/#organization"},"potentialAction":[{"@type":"SearchAction","target":{"@type":"EntryPoint","urlTemplate":"https:\/\/www.tourdepologne.pl\/?s={search_term_string}"},"query-input":{"@type":"PropertyValueSpecification","valueRequired":true,"valueName":"search_term_string"}}],"inLanguage":"en-US"},{"@type":"Organization","@id":"https:\/\/www.tourdepologne.pl\/#organization","name":"Wy\u015bcig kolarski Tour de Pologne","url":"https:\/\/www.tourdepologne.pl\/","logo":{"@type":"ImageObject","inLanguage":"en-US","@id":"https:\/\/www.tourdepologne.pl\/#\/schema\/logo\/image\/","url":"https:\/\/www.tourdepologne.pl\/wp-content\/uploads\/2019\/06\/logo-tdp.png","contentUrl":"https:\/\/www.tourdepologne.pl\/wp-content\/uploads\/2019\/06\/logo-tdp.png","width":450,"height":52,"caption":"Wy\u015bcig kolarski Tour de Pologne"},"image":{"@id":"https:\/\/www.tourdepologne.pl\/#\/schema\/logo\/image\/"},"sameAs":["https:\/\/www.facebook.com\/tourdepologne","https:\/\/x.com\/tour_de_pologne","https:\/\/www.instagram.com\/tourdepologne\/","https:\/\/www.youtube.com\/@TourdePologne2011"]},{"@type":"Person","@id":"https:\/\/www.tourdepologne.pl\/#\/schema\/person\/f4fe67774ed888efd15b2ce6e2c8ba8e","name":"Press","image":{"@type":"ImageObject","inLanguage":"en-US","@id":"https:\/\/secure.gravatar.com\/avatar\/df62f2f515b6857a7626e7d733ea81e452163a8e46d8c1787c083c5dd0ee42df?s=96&d=mm&r=g","url":"https:\/\/secure.gravatar.com\/avatar\/df62f2f515b6857a7626e7d733ea81e452163a8e46d8c1787c083c5dd0ee42df?s=96&d=mm&r=g","contentUrl":"https:\/\/secure.gravatar.com\/avatar\/df62f2f515b6857a7626e7d733ea81e452163a8e46d8c1787c083c5dd0ee42df?s=96&d=mm&r=g","caption":"Press"},"url":"https:\/\/www.tourdepologne.pl\/en\/author\/press\/"}]}},"_links":{"self":[{"href":"https:\/\/www.tourdepologne.pl\/en\/wp-json\/wp\/v2\/posts\/28999","targetHints":{"allow":["GET"]}}],"collection":[{"href":"https:\/\/www.tourdepologne.pl\/en\/wp-json\/wp\/v2\/posts"}],"about":[{"href":"https:\/\/www.tourdepologne.pl\/en\/wp-json\/wp\/v2\/types\/post"}],"author":[{"embeddable":true,"href":"https:\/\/www.tourdepologne.pl\/en\/wp-json\/wp\/v2\/users\/6"}],"replies":[{"embeddable":true,"href":"https:\/\/www.tourdepologne.pl\/en\/wp-json\/wp\/v2\/comments?post=28999"}],"version-history":[{"count":1,"href":"https:\/\/www.tourdepologne.pl\/en\/wp-json\/wp\/v2\/posts\/28999\/revisions"}],"predecessor-version":[{"id":29102,"href":"https:\/\/www.tourdepologne.pl\/en\/wp-json\/wp\/v2\/posts\/28999\/revisions\/29102"}],"wp:featuredmedia":[{"embeddable":true,"href":"https:\/\/www.tourdepologne.pl\/en\/wp-json\/wp\/v2\/media\/28997"}],"wp:attachment":[{"href":"https:\/\/www.tourdepologne.pl\/en\/wp-json\/wp\/v2\/media?parent=28999"}],"wp:term":[{"taxonomy":"category","embeddable":true,"href":"https:\/\/www.tourdepologne.pl\/en\/wp-json\/wp\/v2\/categories?post=28999"},{"taxonomy":"post_tag","embeddable":true,"href":"https:\/\/www.tourdepologne.pl\/en\/wp-json\/wp\/v2\/tags?post=28999"}],"curies":[{"name":"wp","href":"https:\/\/api.w.org\/{rel}","templated":true}]}}