{"id":31292,"date":"2023-07-22T15:06:40","date_gmt":"2023-07-22T13:06:40","guid":{"rendered":"https:\/\/www.tourdepologne.pl\/?p=31292"},"modified":"2023-07-24T18:54:45","modified_gmt":"2023-07-24T16:54:45","slug":"tour-de-pologne-rusza-juz-za-tydzien","status":"publish","type":"post","link":"https:\/\/www.tourdepologne.pl\/en\/2023\/07\/tour-de-pologne-rusza-juz-za-tydzien\/","title":{"rendered":"The Tour de Pologne starts in just a week!"},"content":{"rendered":"<p><strong>Exactly in 7 days, the unique 80th anniversary Tour de Pologne will begin, at the starting line we can expect Rafal Majka, Michal Kwiatkowski, as well as the winners of the previous years &#8211; Joao Almeida, Tim Wellens and Pavel Sivakov. In this year&#8217;s Tour de Pologne cycling race, a record number of 17 Poles are likely to take part.<\/strong><\/p>\n<p><span style=\"font-weight: 400;\">On July 29, the 80th Tour de Pologne, which celebrates its 95th birthday this year, will begin at the grounds of the Pozna\u0144 International Fair. After riding more than 180 kilometers in the Wielkopolska Voivodeship, the riders will finish at the Automobil Klub race track in Pozna\u0144. The next stages are Leszno-Karpacz, Walbrzych-Duszniki-Zdr\u00f3j, Strzelin-Opole, Pszczyna-Bielsko-Biala, an ITT in Katowice and the final stage from Zabrze to Krakow, which will take place on August 4.\u00a0<\/span><\/p>\n<p><span style=\"font-weight: 400;\">Along the route of the race, riders from the best cycling teams in the world will fight for the yellow jersey of the ORLEN general classification, the jersey of the PZU best climber, the best sprinter Energa and the most active rider LOTTO. The stage winner&#8217;s bonus will be sponsored by Drutex, and KGHM has become the sponsor of the best team classification.\u00a0\u00a0<\/span><\/p>\n<div class=\"rl-gallery-container \" id=\"rl-gallery-container-1\" data-gallery_id=\"0\"> <div class=\"rl-gallery rl-basicgrid-gallery \" id=\"rl-gallery-1\" data-gallery_no=\"1\"> <div class=\"rl-gallery-item\"><a href=\"https:\/\/www.tourdepologne.pl\/wp-content\/uploads\/2023\/06\/TdP_koszulka-klasyfikacji-generalnej_PKN-ORLEN.png\" title=\"\" data-rl_title=\"\" class=\"rl-gallery-link\" data-rl_caption=\"\" data-rel=\"lightbox-gallery-1\"><img loading=\"lazy\" decoding=\"async\" src=\"https:\/\/www.tourdepologne.pl\/wp-content\/uploads\/2023\/06\/TdP_koszulka-klasyfikacji-generalnej_PKN-ORLEN.png\" width=\"1280\" height=\"1280\" alt=\"\" \/><\/a><\/div><div class=\"rl-gallery-item\"><a href=\"https:\/\/www.tourdepologne.pl\/wp-content\/uploads\/2023\/06\/TdP_koszulka-klasyfikacji-sprinter_ENERGA.png\" title=\"\" data-rl_title=\"\" class=\"rl-gallery-link\" data-rl_caption=\"\" data-rel=\"lightbox-gallery-1\"><img loading=\"lazy\" decoding=\"async\" src=\"https:\/\/www.tourdepologne.pl\/wp-content\/uploads\/2023\/06\/TdP_koszulka-klasyfikacji-sprinter_ENERGA.png\" width=\"1280\" height=\"1280\" alt=\"\" \/><\/a><\/div><div class=\"rl-gallery-item\"><a href=\"https:\/\/www.tourdepologne.pl\/wp-content\/uploads\/2023\/06\/TdP_koszulka-klasyfikacji-gorskiej_PZU_bez-apli.png\" title=\"\" data-rl_title=\"\" class=\"rl-gallery-link\" data-rl_caption=\"\" data-rel=\"lightbox-gallery-1\"><img loading=\"lazy\" decoding=\"async\" src=\"https:\/\/www.tourdepologne.pl\/wp-content\/uploads\/2023\/06\/TdP_koszulka-klasyfikacji-gorskiej_PZU_bez-apli.png\" width=\"1280\" height=\"1280\" alt=\"\" \/><\/a><\/div><div class=\"rl-gallery-item\"><a href=\"https:\/\/www.tourdepologne.pl\/wp-content\/uploads\/2023\/06\/TdP_koszulka-klasyfikacji-najaktywniejszy_LOTTO.png\" title=\"\" data-rl_title=\"\" class=\"rl-gallery-link\" data-rl_caption=\"\" data-rel=\"lightbox-gallery-1\"><img loading=\"lazy\" decoding=\"async\" src=\"https:\/\/www.tourdepologne.pl\/wp-content\/uploads\/2023\/06\/TdP_koszulka-klasyfikacji-najaktywniejszy_LOTTO.png\" width=\"1280\" height=\"1280\" alt=\"\" \/><\/a><\/div> <\/div> <\/div>\n<p><span style=\"font-weight: 400;\">&#8211; This is a very important edition of the race for us. We are celebrating the birthday of the Tour de Pologne and the 80th edition. This year is also the 30th anniversary since I am responsible for the organization of this great event. The world&#8217;s top riders will come to Poland, including several winners from previous years. I am also happy about the participation of Rafa\u0142 Majka and Michal Kwiatkowski, who are in really great shape. It promises to be a really fierce battle and a great sporting spectacle, plus a great promotion of our beautiful Poland around the world. &#8211; announces the general director of the race, Czes\u0142aw Lang.<\/span><\/p>\n<p><iframe loading=\"lazy\" title=\"80th Tour de Pologne 2023 trailer\" width=\"980\" height=\"551\" src=\"https:\/\/www.youtube.com\/embed\/19D-Q3PRcJU?feature=oembed\" frameborder=\"0\" allow=\"accelerometer; autoplay; clipboard-write; encrypted-media; gyroscope; picture-in-picture; web-share\" allowfullscreen><\/iframe><\/p>\n<p><span style=\"font-weight: 400;\">In addition to the Tour de Pologne UCI WorldTour, there will be the accompanying races. The Tour de Pologne Junior, consisting of four stages (Pozna\u0144 29.07, Bielsko-Bia\u0142a 2.08, Katowice 3.08, Krak\u00f3w 4.08). This is a race organized for young cycling adepts. All amateur cyclists are invited on 30.07 to Karpacz for the ORLEN Tour de Pologne Amator\u00f3w, where a beautiful and challenging route and great prizes have been prepared.<\/span><\/p>\n<p><iframe loading=\"lazy\" title=\"Animacja trasy 80. Tour de Pologne\" width=\"980\" height=\"551\" src=\"https:\/\/www.youtube.com\/embed\/8uus8ErJ5c0?start=2&#038;feature=oembed\" frameborder=\"0\" allow=\"accelerometer; autoplay; clipboard-write; encrypted-media; gyroscope; picture-in-picture; web-share\" allowfullscreen><\/iframe><\/p>\n<p>&nbsp;<\/p>\n","protected":false},"excerpt":{"rendered":"<p>Exactly in 7 days, the unique 80th anniversary Tour de Pologne will begin, at the starting line we can expect &hellip; <\/p>\n","protected":false},"author":6,"featured_media":30194,"comment_status":"closed","ping_status":"closed","sticky":false,"template":"","format":"standard","meta":{"_acf_changed":false,"footnotes":""},"categories":[95],"tags":[],"class_list":["post-31292","post","type-post","status-publish","format-standard","has-post-thumbnail","hentry","category-news-en"],"acf":[],"yoast_head":"<!-- This site is optimized with the Yoast SEO plugin v27.2 - https:\/\/yoast.com\/product\/yoast-seo-wordpress\/ -->\n<title>The Tour de Pologne starts in just a week! - Tour de Pologne<\/title>\n<meta name=\"robots\" content=\"index, follow, max-snippet:-1, max-image-preview:large, max-video-preview:-1\" \/>\n<link rel=\"canonical\" href=\"https:\/\/www.tourdepologne.pl\/en\/2023\/07\/tour-de-pologne-rusza-juz-za-tydzien\/\" \/>\n<meta property=\"og:locale\" content=\"en_US\" \/>\n<meta property=\"og:type\" content=\"article\" \/>\n<meta property=\"og:title\" content=\"The Tour de Pologne starts in just a week! - Tour de Pologne\" \/>\n<meta property=\"og:description\" content=\"Exactly in 7 days, the unique 80th anniversary Tour de Pologne will begin, at the starting line we can expect &hellip;\" \/>\n<meta property=\"og:url\" content=\"https:\/\/www.tourdepologne.pl\/en\/2023\/07\/tour-de-pologne-rusza-juz-za-tydzien\/\" \/>\n<meta property=\"og:site_name\" content=\"Tour de Pologne\" \/>\n<meta property=\"article:publisher\" content=\"https:\/\/www.facebook.com\/tourdepologne\" \/>\n<meta property=\"article:published_time\" content=\"2023-07-22T13:06:40+00:00\" \/>\n<meta property=\"article:modified_time\" content=\"2023-07-24T16:54:45+00:00\" \/>\n<meta property=\"og:image\" content=\"https:\/\/www.tourdepologne.pl\/wp-content\/uploads\/2022\/09\/TDPIV-167.jpg\" \/>\n\t<meta property=\"og:image:width\" content=\"1400\" \/>\n\t<meta property=\"og:image:height\" content=\"933\" \/>\n\t<meta property=\"og:image:type\" content=\"image\/jpeg\" \/>\n<meta name=\"author\" content=\"Press\" \/>\n<meta name=\"twitter:card\" content=\"summary_large_image\" \/>\n<meta name=\"twitter:creator\" content=\"@tour_de_pologne\" \/>\n<meta name=\"twitter:site\" content=\"@tour_de_pologne\" \/>\n<meta name=\"twitter:label1\" content=\"Written by\" \/>\n\t<meta name=\"twitter:data1\" content=\"Press\" \/>\n\t<meta name=\"twitter:label2\" content=\"Est. reading time\" \/>\n\t<meta name=\"twitter:data2\" content=\"3 minutes\" \/>\n<script type=\"application\/ld+json\" class=\"yoast-schema-graph\">{\"@context\":\"https:\/\/schema.org\",\"@graph\":[{\"@type\":\"Article\",\"@id\":\"https:\/\/www.tourdepologne.pl\/en\/2023\/07\/tour-de-pologne-rusza-juz-za-tydzien\/#article\",\"isPartOf\":{\"@id\":\"https:\/\/www.tourdepologne.pl\/en\/2023\/07\/tour-de-pologne-rusza-juz-za-tydzien\/\"},\"author\":{\"name\":\"Press\",\"@id\":\"https:\/\/www.tourdepologne.pl\/#\/schema\/person\/f4fe67774ed888efd15b2ce6e2c8ba8e\"},\"headline\":\"The Tour de Pologne starts in just a week!\",\"datePublished\":\"2023-07-22T13:06:40+00:00\",\"dateModified\":\"2023-07-24T16:54:45+00:00\",\"mainEntityOfPage\":{\"@id\":\"https:\/\/www.tourdepologne.pl\/en\/2023\/07\/tour-de-pologne-rusza-juz-za-tydzien\/\"},\"wordCount\":410,\"publisher\":{\"@id\":\"https:\/\/www.tourdepologne.pl\/#organization\"},\"image\":{\"@id\":\"https:\/\/www.tourdepologne.pl\/en\/2023\/07\/tour-de-pologne-rusza-juz-za-tydzien\/#primaryimage\"},\"thumbnailUrl\":\"https:\/\/www.tourdepologne.pl\/wp-content\/uploads\/2022\/09\/TDPIV-167.jpg\",\"articleSection\":[\"News en\"],\"inLanguage\":\"en-US\"},{\"@type\":\"WebPage\",\"@id\":\"https:\/\/www.tourdepologne.pl\/en\/2023\/07\/tour-de-pologne-rusza-juz-za-tydzien\/\",\"url\":\"https:\/\/www.tourdepologne.pl\/en\/2023\/07\/tour-de-pologne-rusza-juz-za-tydzien\/\",\"name\":\"The Tour de Pologne starts in just a week! - Tour de Pologne\",\"isPartOf\":{\"@id\":\"https:\/\/www.tourdepologne.pl\/#website\"},\"primaryImageOfPage\":{\"@id\":\"https:\/\/www.tourdepologne.pl\/en\/2023\/07\/tour-de-pologne-rusza-juz-za-tydzien\/#primaryimage\"},\"image\":{\"@id\":\"https:\/\/www.tourdepologne.pl\/en\/2023\/07\/tour-de-pologne-rusza-juz-za-tydzien\/#primaryimage\"},\"thumbnailUrl\":\"https:\/\/www.tourdepologne.pl\/wp-content\/uploads\/2022\/09\/TDPIV-167.jpg\",\"datePublished\":\"2023-07-22T13:06:40+00:00\",\"dateModified\":\"2023-07-24T16:54:45+00:00\",\"breadcrumb\":{\"@id\":\"https:\/\/www.tourdepologne.pl\/en\/2023\/07\/tour-de-pologne-rusza-juz-za-tydzien\/#breadcrumb\"},\"inLanguage\":\"en-US\",\"potentialAction\":[{\"@type\":\"ReadAction\",\"target\":[\"https:\/\/www.tourdepologne.pl\/en\/2023\/07\/tour-de-pologne-rusza-juz-za-tydzien\/\"]}]},{\"@type\":\"ImageObject\",\"inLanguage\":\"en-US\",\"@id\":\"https:\/\/www.tourdepologne.pl\/en\/2023\/07\/tour-de-pologne-rusza-juz-za-tydzien\/#primaryimage\",\"url\":\"https:\/\/www.tourdepologne.pl\/wp-content\/uploads\/2022\/09\/TDPIV-167.jpg\",\"contentUrl\":\"https:\/\/www.tourdepologne.pl\/wp-content\/uploads\/2022\/09\/TDPIV-167.jpg\",\"width\":1400,\"height\":933,\"caption\":\"Sanok - Poland - cycling - pictured during 79th Tour de Pologne (2.UWT) stage4 Lesko &gt; Sanok (179KM) - Photo: Szymon Gruchalski\/Cor Vos \u00a9 2022\"},{\"@type\":\"BreadcrumbList\",\"@id\":\"https:\/\/www.tourdepologne.pl\/en\/2023\/07\/tour-de-pologne-rusza-juz-za-tydzien\/#breadcrumb\",\"itemListElement\":[{\"@type\":\"ListItem\",\"position\":1,\"name\":\"Strona g\u0142\u00f3wna\",\"item\":\"https:\/\/www.tourdepologne.pl\/en\/\"},{\"@type\":\"ListItem\",\"position\":2,\"name\":\"The Tour de Pologne starts in just a week!\"}]},{\"@type\":\"WebSite\",\"@id\":\"https:\/\/www.tourdepologne.pl\/#website\",\"url\":\"https:\/\/www.tourdepologne.pl\/\",\"name\":\"Tour de Pologne\",\"description\":\"\",\"publisher\":{\"@id\":\"https:\/\/www.tourdepologne.pl\/#organization\"},\"potentialAction\":[{\"@type\":\"SearchAction\",\"target\":{\"@type\":\"EntryPoint\",\"urlTemplate\":\"https:\/\/www.tourdepologne.pl\/?s={search_term_string}\"},\"query-input\":{\"@type\":\"PropertyValueSpecification\",\"valueRequired\":true,\"valueName\":\"search_term_string\"}}],\"inLanguage\":\"en-US\"},{\"@type\":\"Organization\",\"@id\":\"https:\/\/www.tourdepologne.pl\/#organization\",\"name\":\"Wy\u015bcig kolarski Tour de Pologne\",\"url\":\"https:\/\/www.tourdepologne.pl\/\",\"logo\":{\"@type\":\"ImageObject\",\"inLanguage\":\"en-US\",\"@id\":\"https:\/\/www.tourdepologne.pl\/#\/schema\/logo\/image\/\",\"url\":\"https:\/\/www.tourdepologne.pl\/wp-content\/uploads\/2019\/06\/logo-tdp.png\",\"contentUrl\":\"https:\/\/www.tourdepologne.pl\/wp-content\/uploads\/2019\/06\/logo-tdp.png\",\"width\":450,\"height\":52,\"caption\":\"Wy\u015bcig kolarski Tour de Pologne\"},\"image\":{\"@id\":\"https:\/\/www.tourdepologne.pl\/#\/schema\/logo\/image\/\"},\"sameAs\":[\"https:\/\/www.facebook.com\/tourdepologne\",\"https:\/\/x.com\/tour_de_pologne\",\"https:\/\/www.instagram.com\/tourdepologne\/\",\"https:\/\/www.youtube.com\/@TourdePologne2011\"]},{\"@type\":\"Person\",\"@id\":\"https:\/\/www.tourdepologne.pl\/#\/schema\/person\/f4fe67774ed888efd15b2ce6e2c8ba8e\",\"name\":\"Press\",\"image\":{\"@type\":\"ImageObject\",\"inLanguage\":\"en-US\",\"@id\":\"https:\/\/secure.gravatar.com\/avatar\/df62f2f515b6857a7626e7d733ea81e452163a8e46d8c1787c083c5dd0ee42df?s=96&d=mm&r=g\",\"url\":\"https:\/\/secure.gravatar.com\/avatar\/df62f2f515b6857a7626e7d733ea81e452163a8e46d8c1787c083c5dd0ee42df?s=96&d=mm&r=g\",\"contentUrl\":\"https:\/\/secure.gravatar.com\/avatar\/df62f2f515b6857a7626e7d733ea81e452163a8e46d8c1787c083c5dd0ee42df?s=96&d=mm&r=g\",\"caption\":\"Press\"},\"url\":\"https:\/\/www.tourdepologne.pl\/en\/author\/press\/\"}]}<\/script>\n<!-- \/ Yoast SEO plugin. -->","yoast_head_json":{"title":"The Tour de Pologne starts in just a week! - Tour de Pologne","robots":{"index":"index","follow":"follow","max-snippet":"max-snippet:-1","max-image-preview":"max-image-preview:large","max-video-preview":"max-video-preview:-1"},"canonical":"https:\/\/www.tourdepologne.pl\/en\/2023\/07\/tour-de-pologne-rusza-juz-za-tydzien\/","og_locale":"en_US","og_type":"article","og_title":"The Tour de Pologne starts in just a week! - Tour de Pologne","og_description":"Exactly in 7 days, the unique 80th anniversary Tour de Pologne will begin, at the starting line we can expect &hellip;","og_url":"https:\/\/www.tourdepologne.pl\/en\/2023\/07\/tour-de-pologne-rusza-juz-za-tydzien\/","og_site_name":"Tour de Pologne","article_publisher":"https:\/\/www.facebook.com\/tourdepologne","article_published_time":"2023-07-22T13:06:40+00:00","article_modified_time":"2023-07-24T16:54:45+00:00","og_image":[{"width":1400,"height":933,"url":"https:\/\/www.tourdepologne.pl\/wp-content\/uploads\/2022\/09\/TDPIV-167.jpg","type":"image\/jpeg"}],"author":"Press","twitter_card":"summary_large_image","twitter_creator":"@tour_de_pologne","twitter_site":"@tour_de_pologne","twitter_misc":{"Written by":"Press","Est. reading time":"3 minutes"},"schema":{"@context":"https:\/\/schema.org","@graph":[{"@type":"Article","@id":"https:\/\/www.tourdepologne.pl\/en\/2023\/07\/tour-de-pologne-rusza-juz-za-tydzien\/#article","isPartOf":{"@id":"https:\/\/www.tourdepologne.pl\/en\/2023\/07\/tour-de-pologne-rusza-juz-za-tydzien\/"},"author":{"name":"Press","@id":"https:\/\/www.tourdepologne.pl\/#\/schema\/person\/f4fe67774ed888efd15b2ce6e2c8ba8e"},"headline":"The Tour de Pologne starts in just a week!","datePublished":"2023-07-22T13:06:40+00:00","dateModified":"2023-07-24T16:54:45+00:00","mainEntityOfPage":{"@id":"https:\/\/www.tourdepologne.pl\/en\/2023\/07\/tour-de-pologne-rusza-juz-za-tydzien\/"},"wordCount":410,"publisher":{"@id":"https:\/\/www.tourdepologne.pl\/#organization"},"image":{"@id":"https:\/\/www.tourdepologne.pl\/en\/2023\/07\/tour-de-pologne-rusza-juz-za-tydzien\/#primaryimage"},"thumbnailUrl":"https:\/\/www.tourdepologne.pl\/wp-content\/uploads\/2022\/09\/TDPIV-167.jpg","articleSection":["News en"],"inLanguage":"en-US"},{"@type":"WebPage","@id":"https:\/\/www.tourdepologne.pl\/en\/2023\/07\/tour-de-pologne-rusza-juz-za-tydzien\/","url":"https:\/\/www.tourdepologne.pl\/en\/2023\/07\/tour-de-pologne-rusza-juz-za-tydzien\/","name":"The Tour de Pologne starts in just a week! - Tour de Pologne","isPartOf":{"@id":"https:\/\/www.tourdepologne.pl\/#website"},"primaryImageOfPage":{"@id":"https:\/\/www.tourdepologne.pl\/en\/2023\/07\/tour-de-pologne-rusza-juz-za-tydzien\/#primaryimage"},"image":{"@id":"https:\/\/www.tourdepologne.pl\/en\/2023\/07\/tour-de-pologne-rusza-juz-za-tydzien\/#primaryimage"},"thumbnailUrl":"https:\/\/www.tourdepologne.pl\/wp-content\/uploads\/2022\/09\/TDPIV-167.jpg","datePublished":"2023-07-22T13:06:40+00:00","dateModified":"2023-07-24T16:54:45+00:00","breadcrumb":{"@id":"https:\/\/www.tourdepologne.pl\/en\/2023\/07\/tour-de-pologne-rusza-juz-za-tydzien\/#breadcrumb"},"inLanguage":"en-US","potentialAction":[{"@type":"ReadAction","target":["https:\/\/www.tourdepologne.pl\/en\/2023\/07\/tour-de-pologne-rusza-juz-za-tydzien\/"]}]},{"@type":"ImageObject","inLanguage":"en-US","@id":"https:\/\/www.tourdepologne.pl\/en\/2023\/07\/tour-de-pologne-rusza-juz-za-tydzien\/#primaryimage","url":"https:\/\/www.tourdepologne.pl\/wp-content\/uploads\/2022\/09\/TDPIV-167.jpg","contentUrl":"https:\/\/www.tourdepologne.pl\/wp-content\/uploads\/2022\/09\/TDPIV-167.jpg","width":1400,"height":933,"caption":"Sanok - Poland - cycling - pictured during 79th Tour de Pologne (2.UWT) stage4 Lesko &gt; Sanok (179KM) - Photo: Szymon Gruchalski\/Cor Vos \u00a9 2022"},{"@type":"BreadcrumbList","@id":"https:\/\/www.tourdepologne.pl\/en\/2023\/07\/tour-de-pologne-rusza-juz-za-tydzien\/#breadcrumb","itemListElement":[{"@type":"ListItem","position":1,"name":"Strona g\u0142\u00f3wna","item":"https:\/\/www.tourdepologne.pl\/en\/"},{"@type":"ListItem","position":2,"name":"The Tour de Pologne starts in just a week!"}]},{"@type":"WebSite","@id":"https:\/\/www.tourdepologne.pl\/#website","url":"https:\/\/www.tourdepologne.pl\/","name":"Tour de Pologne","description":"","publisher":{"@id":"https:\/\/www.tourdepologne.pl\/#organization"},"potentialAction":[{"@type":"SearchAction","target":{"@type":"EntryPoint","urlTemplate":"https:\/\/www.tourdepologne.pl\/?s={search_term_string}"},"query-input":{"@type":"PropertyValueSpecification","valueRequired":true,"valueName":"search_term_string"}}],"inLanguage":"en-US"},{"@type":"Organization","@id":"https:\/\/www.tourdepologne.pl\/#organization","name":"Wy\u015bcig kolarski Tour de Pologne","url":"https:\/\/www.tourdepologne.pl\/","logo":{"@type":"ImageObject","inLanguage":"en-US","@id":"https:\/\/www.tourdepologne.pl\/#\/schema\/logo\/image\/","url":"https:\/\/www.tourdepologne.pl\/wp-content\/uploads\/2019\/06\/logo-tdp.png","contentUrl":"https:\/\/www.tourdepologne.pl\/wp-content\/uploads\/2019\/06\/logo-tdp.png","width":450,"height":52,"caption":"Wy\u015bcig kolarski Tour de Pologne"},"image":{"@id":"https:\/\/www.tourdepologne.pl\/#\/schema\/logo\/image\/"},"sameAs":["https:\/\/www.facebook.com\/tourdepologne","https:\/\/x.com\/tour_de_pologne","https:\/\/www.instagram.com\/tourdepologne\/","https:\/\/www.youtube.com\/@TourdePologne2011"]},{"@type":"Person","@id":"https:\/\/www.tourdepologne.pl\/#\/schema\/person\/f4fe67774ed888efd15b2ce6e2c8ba8e","name":"Press","image":{"@type":"ImageObject","inLanguage":"en-US","@id":"https:\/\/secure.gravatar.com\/avatar\/df62f2f515b6857a7626e7d733ea81e452163a8e46d8c1787c083c5dd0ee42df?s=96&d=mm&r=g","url":"https:\/\/secure.gravatar.com\/avatar\/df62f2f515b6857a7626e7d733ea81e452163a8e46d8c1787c083c5dd0ee42df?s=96&d=mm&r=g","contentUrl":"https:\/\/secure.gravatar.com\/avatar\/df62f2f515b6857a7626e7d733ea81e452163a8e46d8c1787c083c5dd0ee42df?s=96&d=mm&r=g","caption":"Press"},"url":"https:\/\/www.tourdepologne.pl\/en\/author\/press\/"}]}},"_links":{"self":[{"href":"https:\/\/www.tourdepologne.pl\/en\/wp-json\/wp\/v2\/posts\/31292","targetHints":{"allow":["GET"]}}],"collection":[{"href":"https:\/\/www.tourdepologne.pl\/en\/wp-json\/wp\/v2\/posts"}],"about":[{"href":"https:\/\/www.tourdepologne.pl\/en\/wp-json\/wp\/v2\/types\/post"}],"author":[{"embeddable":true,"href":"https:\/\/www.tourdepologne.pl\/en\/wp-json\/wp\/v2\/users\/6"}],"replies":[{"embeddable":true,"href":"https:\/\/www.tourdepologne.pl\/en\/wp-json\/wp\/v2\/comments?post=31292"}],"version-history":[{"count":2,"href":"https:\/\/www.tourdepologne.pl\/en\/wp-json\/wp\/v2\/posts\/31292\/revisions"}],"predecessor-version":[{"id":31294,"href":"https:\/\/www.tourdepologne.pl\/en\/wp-json\/wp\/v2\/posts\/31292\/revisions\/31294"}],"wp:featuredmedia":[{"embeddable":true,"href":"https:\/\/www.tourdepologne.pl\/en\/wp-json\/wp\/v2\/media\/30194"}],"wp:attachment":[{"href":"https:\/\/www.tourdepologne.pl\/en\/wp-json\/wp\/v2\/media?parent=31292"}],"wp:term":[{"taxonomy":"category","embeddable":true,"href":"https:\/\/www.tourdepologne.pl\/en\/wp-json\/wp\/v2\/categories?post=31292"},{"taxonomy":"post_tag","embeddable":true,"href":"https:\/\/www.tourdepologne.pl\/en\/wp-json\/wp\/v2\/tags?post=31292"}],"curies":[{"name":"wp","href":"https:\/\/api.w.org\/{rel}","templated":true}]}}