{"id":31685,"date":"2023-07-28T23:04:53","date_gmt":"2023-07-28T21:04:53","guid":{"rendered":"https:\/\/www.tourdepologne.pl\/?p=31685"},"modified":"2023-07-29T11:13:07","modified_gmt":"2023-07-29T09:13:07","slug":"oficjalna-prezentacja-kolarzy-juz-za-nami","status":"publish","type":"post","link":"https:\/\/www.tourdepologne.pl\/en\/2023\/07\/oficjalna-prezentacja-kolarzy-juz-za-nami\/","title":{"rendered":"Oficjalna prezentacja kolarzy ju\u017c za nami!\u00a0"},"content":{"rendered":"<p><strong>Na Mi\u0119dzynarodowych Targach Pozna\u0144skich zaprezentowane zosta\u0142y kolejno 24 dru\u017cyny, wszyscy najlepsi kolarze, kt\u00f3rzy wezm\u0105 udzia\u0142 w siedmiu etapach 1130-kilometrowego wy\u015bcigu. &#8211;<em> Przed nami siedem interesuj\u0105cych dni \u015bcigania, s\u0105dz\u0105c po zawodnikach, kt\u00f3rzy wystartuj\u0105 jutro. Jestem pewien, \u017ce zapewni\u0105 nam wiele emocji i dobre widowisko. Sam jestem ciekaw, kto zostanie liderem klasyfikacji generalnej w Krakowie<\/em>\u00a0&#8211; powiedzia\u0142 dyrektor wy\u015bcigu Czes\u0142aw Lang.<\/strong><\/p>\n<p>Podobnego zdania s\u0105 kolarze z wielki ambicja na zwyci\u0119stwo w klasyfikacji generalnej ORLEN, tacy jak Jo\u00e3o Almeida, Micha\u0142 Kwiatkowski czy Damiano Caruso. Nie mo\u017cna zapomnie\u0107 o Thomasie Geraint (INEOS Grenadiers), Timie Wellensie (UAE Team Emirates), zwyci\u0119zcy Tour de Pologne z 2016 Pavle Sivakov (INEOS Grenadiers), zwyci\u0119zcy Tour de Pologne 2019, Rafale Majce (UAE Team Emirates), Thymenie Arensmannie (INEOS Grenadiers) i Brandonie McNulty (UAE Team Emirates).<\/p>\n<p><strong>Oto kilka s\u0142\u00f3w od faworyt\u00f3w 80. edycji Tour de Pologne<br \/>\n<\/strong><\/p>\n<p><strong>Jo\u00e3o Almeida (UAE Team Emirates), zwyci\u0119zca Tour de Pologne 2021<\/strong><br \/>\n&#8220;Wspaniale jest wr\u00f3ci\u0107 na Tour de Pologne. W 2021 roku odnios\u0142em tu pierwszy du\u017cy sukces w mojej karierze. To bez w\u0105tpienia wyj\u0105tkowe uczucie \u015bciga\u0107 si\u0119 tutaj ponownie. Nie \u015bciga\u0142em si\u0119 od kilku miesi\u0119cy i mam nadziej\u0119, \u017ce zn\u00f3w znajd\u0119 form\u0119. Chocia\u017c trasa si\u0119 zmieni\u0142a, atmosfera jest taka sama, jest kilka trudnych etap\u00f3w i jak zawsze to nogi zrobi\u0105 r\u00f3\u017cnic\u0119.<\/p>\n<p><strong>Damiano Caruso (Bahrain Victorious) <\/strong><br \/>\n&#8220;Mam za sob\u0105 dwumiesi\u0119czn\u0105 przerw\u0119, wi\u0119c to idealny wy\u015bcig, by odzyska\u0107 optymaln\u0105 form\u0119. Dobrze trenowa\u0142em przez ostatni miesi\u0105c i mam nadziej\u0119, \u017ce b\u0119dzie to dobra okazja do wygrania etapu&#8221;.<\/p>\n<p>W\u015br\u00f3d sprinter\u00f3w warto zwr\u00f3ci\u0107 uwag\u0119 na takie nazwiska jak Tim Merlier (Soudal Quick-Step), Pascal Ackermann (UAE Team Emirates), Olav Kooij (Jumbo-Visma), Fernando Gaviria (Team Movistar) i Sam Bennett (BORA &#8211; hansgrohe).<\/p>\n<p>Jak potwierdzili Fernando Gaviria i Sam Bennett, na trasie b\u0119dzie mn\u00f3stwo szybkich zawodnik\u00f3w walcz\u0105cych o ka\u017cdy lotny finisz i etapowe zwyci\u0119stwo.<\/p>\n<p><strong>Fernando Gaviria (Team Movistar)<\/strong><br \/>\n&#8220;Nie \u015bciga\u0142em si\u0119 od Giro, wi\u0119c b\u0119dzie to m\u00f3j pierwszy wy\u015bcig od przerwy. Dobrze trenowa\u0142em i mam nadziej\u0119 na dobre wyniki. Lubi\u0119 Polsk\u0119 i wygrywa\u0142em tu ju\u017c wcze\u015bniej. Na pewno spr\u00f3buj\u0119 ponownie&#8221;.<\/p>\n<p><strong>Sam Bennett (BORA &#8211; Hansgrohe)<\/strong><br \/>\n&#8220;Poziom sprinter\u00f3w jest tutaj wysoki. My\u015bl\u0119, \u017ce sprinterzy b\u0119d\u0105 mieli co najmniej trzy szanse. Mam dobre nogi, dobrze trenowa\u0142em, ale jak zawsze o tym, kto b\u0119dzie najszybszy, zadecyduje trasa&#8221;.<\/p>\n<p>Ju\u017c jutro rozpocznie si\u0119 Tour de Pologne pe\u0142en rocznic i emocji, kt\u00f3ry zapowiada si\u0119 na wielkie widowisko z udzia\u0142em najlepszych kolarzy \u015bwiata.<\/p>\n<p>&nbsp;<\/p>\n","protected":false},"excerpt":{"rendered":"<p>Na Mi\u0119dzynarodowych Targach Pozna\u0144skich zaprezentowane zosta\u0142y kolejno 24 dru\u017cyny, wszyscy najlepsi kolarze, kt\u00f3rzy wezm\u0105 udzia\u0142 w siedmiu etapach 1130-kilometrowego wy\u015bcigu. &hellip; <\/p>\n","protected":false},"author":6,"featured_media":31585,"comment_status":"closed","ping_status":"closed","sticky":false,"template":"","format":"standard","meta":{"_acf_changed":false,"footnotes":""},"categories":[],"tags":[],"class_list":["post-31685","post","type-post","status-publish","format-standard","has-post-thumbnail","hentry"],"acf":[],"yoast_head":"<!-- This site is optimized with the Yoast SEO plugin v27.2 - https:\/\/yoast.com\/product\/yoast-seo-wordpress\/ -->\n<title>Oficjalna prezentacja kolarzy ju\u017c za nami!\u00a0 - Tour de Pologne<\/title>\n<meta name=\"robots\" content=\"index, follow, max-snippet:-1, max-image-preview:large, max-video-preview:-1\" \/>\n<link rel=\"canonical\" href=\"https:\/\/www.tourdepologne.pl\/en\/2023\/07\/oficjalna-prezentacja-kolarzy-juz-za-nami\/\" \/>\n<meta property=\"og:locale\" content=\"en_US\" \/>\n<meta property=\"og:type\" content=\"article\" \/>\n<meta property=\"og:title\" content=\"Oficjalna prezentacja kolarzy ju\u017c za nami!\u00a0 - Tour de Pologne\" \/>\n<meta property=\"og:description\" content=\"Na Mi\u0119dzynarodowych Targach Pozna\u0144skich zaprezentowane zosta\u0142y kolejno 24 dru\u017cyny, wszyscy najlepsi kolarze, kt\u00f3rzy wezm\u0105 udzia\u0142 w siedmiu etapach 1130-kilometrowego wy\u015bcigu. &hellip;\" \/>\n<meta property=\"og:url\" content=\"https:\/\/www.tourdepologne.pl\/en\/2023\/07\/oficjalna-prezentacja-kolarzy-juz-za-nami\/\" \/>\n<meta property=\"og:site_name\" content=\"Tour de Pologne\" \/>\n<meta property=\"article:publisher\" content=\"https:\/\/www.facebook.com\/tourdepologne\" \/>\n<meta property=\"article:published_time\" content=\"2023-07-28T21:04:53+00:00\" \/>\n<meta property=\"article:modified_time\" content=\"2023-07-29T09:13:07+00:00\" \/>\n<meta property=\"og:image\" content=\"https:\/\/www.tourdepologne.pl\/wp-content\/uploads\/2023\/07\/TdPteampresentation-59.jpg\" \/>\n\t<meta property=\"og:image:width\" content=\"1280\" \/>\n\t<meta property=\"og:image:height\" content=\"853\" \/>\n\t<meta property=\"og:image:type\" content=\"image\/jpeg\" \/>\n<meta name=\"author\" content=\"Press\" \/>\n<meta name=\"twitter:card\" content=\"summary_large_image\" \/>\n<meta name=\"twitter:creator\" content=\"@tour_de_pologne\" \/>\n<meta name=\"twitter:site\" content=\"@tour_de_pologne\" \/>\n<meta name=\"twitter:label1\" content=\"Written by\" \/>\n\t<meta name=\"twitter:data1\" content=\"Press\" \/>\n\t<meta name=\"twitter:label2\" content=\"Est. reading time\" \/>\n\t<meta name=\"twitter:data2\" content=\"3 minutes\" \/>\n<script type=\"application\/ld+json\" class=\"yoast-schema-graph\">{\"@context\":\"https:\/\/schema.org\",\"@graph\":[{\"@type\":\"Article\",\"@id\":\"https:\/\/www.tourdepologne.pl\/en\/2023\/07\/oficjalna-prezentacja-kolarzy-juz-za-nami\/#article\",\"isPartOf\":{\"@id\":\"https:\/\/www.tourdepologne.pl\/en\/2023\/07\/oficjalna-prezentacja-kolarzy-juz-za-nami\/\"},\"author\":{\"name\":\"Press\",\"@id\":\"https:\/\/www.tourdepologne.pl\/#\/schema\/person\/f4fe67774ed888efd15b2ce6e2c8ba8e\"},\"headline\":\"Oficjalna prezentacja kolarzy ju\u017c za nami!\u00a0\",\"datePublished\":\"2023-07-28T21:04:53+00:00\",\"dateModified\":\"2023-07-29T09:13:07+00:00\",\"mainEntityOfPage\":{\"@id\":\"https:\/\/www.tourdepologne.pl\/en\/2023\/07\/oficjalna-prezentacja-kolarzy-juz-za-nami\/\"},\"wordCount\":446,\"publisher\":{\"@id\":\"https:\/\/www.tourdepologne.pl\/#organization\"},\"image\":{\"@id\":\"https:\/\/www.tourdepologne.pl\/en\/2023\/07\/oficjalna-prezentacja-kolarzy-juz-za-nami\/#primaryimage\"},\"thumbnailUrl\":\"https:\/\/www.tourdepologne.pl\/wp-content\/uploads\/2023\/07\/TdPteampresentation-59.jpg\",\"inLanguage\":\"en-US\"},{\"@type\":\"WebPage\",\"@id\":\"https:\/\/www.tourdepologne.pl\/en\/2023\/07\/oficjalna-prezentacja-kolarzy-juz-za-nami\/\",\"url\":\"https:\/\/www.tourdepologne.pl\/en\/2023\/07\/oficjalna-prezentacja-kolarzy-juz-za-nami\/\",\"name\":\"Oficjalna prezentacja kolarzy ju\u017c za nami!\u00a0 - Tour de Pologne\",\"isPartOf\":{\"@id\":\"https:\/\/www.tourdepologne.pl\/#website\"},\"primaryImageOfPage\":{\"@id\":\"https:\/\/www.tourdepologne.pl\/en\/2023\/07\/oficjalna-prezentacja-kolarzy-juz-za-nami\/#primaryimage\"},\"image\":{\"@id\":\"https:\/\/www.tourdepologne.pl\/en\/2023\/07\/oficjalna-prezentacja-kolarzy-juz-za-nami\/#primaryimage\"},\"thumbnailUrl\":\"https:\/\/www.tourdepologne.pl\/wp-content\/uploads\/2023\/07\/TdPteampresentation-59.jpg\",\"datePublished\":\"2023-07-28T21:04:53+00:00\",\"dateModified\":\"2023-07-29T09:13:07+00:00\",\"breadcrumb\":{\"@id\":\"https:\/\/www.tourdepologne.pl\/en\/2023\/07\/oficjalna-prezentacja-kolarzy-juz-za-nami\/#breadcrumb\"},\"inLanguage\":\"en-US\",\"potentialAction\":[{\"@type\":\"ReadAction\",\"target\":[\"https:\/\/www.tourdepologne.pl\/en\/2023\/07\/oficjalna-prezentacja-kolarzy-juz-za-nami\/\"]}]},{\"@type\":\"ImageObject\",\"inLanguage\":\"en-US\",\"@id\":\"https:\/\/www.tourdepologne.pl\/en\/2023\/07\/oficjalna-prezentacja-kolarzy-juz-za-nami\/#primaryimage\",\"url\":\"https:\/\/www.tourdepologne.pl\/wp-content\/uploads\/2023\/07\/TdPteampresentation-59.jpg\",\"contentUrl\":\"https:\/\/www.tourdepologne.pl\/wp-content\/uploads\/2023\/07\/TdPteampresentation-59.jpg\",\"width\":1280,\"height\":853},{\"@type\":\"BreadcrumbList\",\"@id\":\"https:\/\/www.tourdepologne.pl\/en\/2023\/07\/oficjalna-prezentacja-kolarzy-juz-za-nami\/#breadcrumb\",\"itemListElement\":[{\"@type\":\"ListItem\",\"position\":1,\"name\":\"Strona g\u0142\u00f3wna\",\"item\":\"https:\/\/www.tourdepologne.pl\/en\/\"},{\"@type\":\"ListItem\",\"position\":2,\"name\":\"Oficjalna prezentacja kolarzy ju\u017c za nami!\u00a0\"}]},{\"@type\":\"WebSite\",\"@id\":\"https:\/\/www.tourdepologne.pl\/#website\",\"url\":\"https:\/\/www.tourdepologne.pl\/\",\"name\":\"Tour de Pologne\",\"description\":\"\",\"publisher\":{\"@id\":\"https:\/\/www.tourdepologne.pl\/#organization\"},\"potentialAction\":[{\"@type\":\"SearchAction\",\"target\":{\"@type\":\"EntryPoint\",\"urlTemplate\":\"https:\/\/www.tourdepologne.pl\/?s={search_term_string}\"},\"query-input\":{\"@type\":\"PropertyValueSpecification\",\"valueRequired\":true,\"valueName\":\"search_term_string\"}}],\"inLanguage\":\"en-US\"},{\"@type\":\"Organization\",\"@id\":\"https:\/\/www.tourdepologne.pl\/#organization\",\"name\":\"Wy\u015bcig kolarski Tour de Pologne\",\"url\":\"https:\/\/www.tourdepologne.pl\/\",\"logo\":{\"@type\":\"ImageObject\",\"inLanguage\":\"en-US\",\"@id\":\"https:\/\/www.tourdepologne.pl\/#\/schema\/logo\/image\/\",\"url\":\"https:\/\/www.tourdepologne.pl\/wp-content\/uploads\/2019\/06\/logo-tdp.png\",\"contentUrl\":\"https:\/\/www.tourdepologne.pl\/wp-content\/uploads\/2019\/06\/logo-tdp.png\",\"width\":450,\"height\":52,\"caption\":\"Wy\u015bcig kolarski Tour de Pologne\"},\"image\":{\"@id\":\"https:\/\/www.tourdepologne.pl\/#\/schema\/logo\/image\/\"},\"sameAs\":[\"https:\/\/www.facebook.com\/tourdepologne\",\"https:\/\/x.com\/tour_de_pologne\",\"https:\/\/www.instagram.com\/tourdepologne\/\",\"https:\/\/www.youtube.com\/@TourdePologne2011\"]},{\"@type\":\"Person\",\"@id\":\"https:\/\/www.tourdepologne.pl\/#\/schema\/person\/f4fe67774ed888efd15b2ce6e2c8ba8e\",\"name\":\"Press\",\"image\":{\"@type\":\"ImageObject\",\"inLanguage\":\"en-US\",\"@id\":\"https:\/\/secure.gravatar.com\/avatar\/df62f2f515b6857a7626e7d733ea81e452163a8e46d8c1787c083c5dd0ee42df?s=96&d=mm&r=g\",\"url\":\"https:\/\/secure.gravatar.com\/avatar\/df62f2f515b6857a7626e7d733ea81e452163a8e46d8c1787c083c5dd0ee42df?s=96&d=mm&r=g\",\"contentUrl\":\"https:\/\/secure.gravatar.com\/avatar\/df62f2f515b6857a7626e7d733ea81e452163a8e46d8c1787c083c5dd0ee42df?s=96&d=mm&r=g\",\"caption\":\"Press\"},\"url\":\"https:\/\/www.tourdepologne.pl\/en\/author\/press\/\"}]}<\/script>\n<!-- \/ Yoast SEO plugin. -->","yoast_head_json":{"title":"Oficjalna prezentacja kolarzy ju\u017c za nami!\u00a0 - Tour de Pologne","robots":{"index":"index","follow":"follow","max-snippet":"max-snippet:-1","max-image-preview":"max-image-preview:large","max-video-preview":"max-video-preview:-1"},"canonical":"https:\/\/www.tourdepologne.pl\/en\/2023\/07\/oficjalna-prezentacja-kolarzy-juz-za-nami\/","og_locale":"en_US","og_type":"article","og_title":"Oficjalna prezentacja kolarzy ju\u017c za nami!\u00a0 - Tour de Pologne","og_description":"Na Mi\u0119dzynarodowych Targach Pozna\u0144skich zaprezentowane zosta\u0142y kolejno 24 dru\u017cyny, wszyscy najlepsi kolarze, kt\u00f3rzy wezm\u0105 udzia\u0142 w siedmiu etapach 1130-kilometrowego wy\u015bcigu. &hellip;","og_url":"https:\/\/www.tourdepologne.pl\/en\/2023\/07\/oficjalna-prezentacja-kolarzy-juz-za-nami\/","og_site_name":"Tour de Pologne","article_publisher":"https:\/\/www.facebook.com\/tourdepologne","article_published_time":"2023-07-28T21:04:53+00:00","article_modified_time":"2023-07-29T09:13:07+00:00","og_image":[{"width":1280,"height":853,"url":"https:\/\/www.tourdepologne.pl\/wp-content\/uploads\/2023\/07\/TdPteampresentation-59.jpg","type":"image\/jpeg"}],"author":"Press","twitter_card":"summary_large_image","twitter_creator":"@tour_de_pologne","twitter_site":"@tour_de_pologne","twitter_misc":{"Written by":"Press","Est. reading time":"3 minutes"},"schema":{"@context":"https:\/\/schema.org","@graph":[{"@type":"Article","@id":"https:\/\/www.tourdepologne.pl\/en\/2023\/07\/oficjalna-prezentacja-kolarzy-juz-za-nami\/#article","isPartOf":{"@id":"https:\/\/www.tourdepologne.pl\/en\/2023\/07\/oficjalna-prezentacja-kolarzy-juz-za-nami\/"},"author":{"name":"Press","@id":"https:\/\/www.tourdepologne.pl\/#\/schema\/person\/f4fe67774ed888efd15b2ce6e2c8ba8e"},"headline":"Oficjalna prezentacja kolarzy ju\u017c za nami!\u00a0","datePublished":"2023-07-28T21:04:53+00:00","dateModified":"2023-07-29T09:13:07+00:00","mainEntityOfPage":{"@id":"https:\/\/www.tourdepologne.pl\/en\/2023\/07\/oficjalna-prezentacja-kolarzy-juz-za-nami\/"},"wordCount":446,"publisher":{"@id":"https:\/\/www.tourdepologne.pl\/#organization"},"image":{"@id":"https:\/\/www.tourdepologne.pl\/en\/2023\/07\/oficjalna-prezentacja-kolarzy-juz-za-nami\/#primaryimage"},"thumbnailUrl":"https:\/\/www.tourdepologne.pl\/wp-content\/uploads\/2023\/07\/TdPteampresentation-59.jpg","inLanguage":"en-US"},{"@type":"WebPage","@id":"https:\/\/www.tourdepologne.pl\/en\/2023\/07\/oficjalna-prezentacja-kolarzy-juz-za-nami\/","url":"https:\/\/www.tourdepologne.pl\/en\/2023\/07\/oficjalna-prezentacja-kolarzy-juz-za-nami\/","name":"Oficjalna prezentacja kolarzy ju\u017c za nami!\u00a0 - Tour de Pologne","isPartOf":{"@id":"https:\/\/www.tourdepologne.pl\/#website"},"primaryImageOfPage":{"@id":"https:\/\/www.tourdepologne.pl\/en\/2023\/07\/oficjalna-prezentacja-kolarzy-juz-za-nami\/#primaryimage"},"image":{"@id":"https:\/\/www.tourdepologne.pl\/en\/2023\/07\/oficjalna-prezentacja-kolarzy-juz-za-nami\/#primaryimage"},"thumbnailUrl":"https:\/\/www.tourdepologne.pl\/wp-content\/uploads\/2023\/07\/TdPteampresentation-59.jpg","datePublished":"2023-07-28T21:04:53+00:00","dateModified":"2023-07-29T09:13:07+00:00","breadcrumb":{"@id":"https:\/\/www.tourdepologne.pl\/en\/2023\/07\/oficjalna-prezentacja-kolarzy-juz-za-nami\/#breadcrumb"},"inLanguage":"en-US","potentialAction":[{"@type":"ReadAction","target":["https:\/\/www.tourdepologne.pl\/en\/2023\/07\/oficjalna-prezentacja-kolarzy-juz-za-nami\/"]}]},{"@type":"ImageObject","inLanguage":"en-US","@id":"https:\/\/www.tourdepologne.pl\/en\/2023\/07\/oficjalna-prezentacja-kolarzy-juz-za-nami\/#primaryimage","url":"https:\/\/www.tourdepologne.pl\/wp-content\/uploads\/2023\/07\/TdPteampresentation-59.jpg","contentUrl":"https:\/\/www.tourdepologne.pl\/wp-content\/uploads\/2023\/07\/TdPteampresentation-59.jpg","width":1280,"height":853},{"@type":"BreadcrumbList","@id":"https:\/\/www.tourdepologne.pl\/en\/2023\/07\/oficjalna-prezentacja-kolarzy-juz-za-nami\/#breadcrumb","itemListElement":[{"@type":"ListItem","position":1,"name":"Strona g\u0142\u00f3wna","item":"https:\/\/www.tourdepologne.pl\/en\/"},{"@type":"ListItem","position":2,"name":"Oficjalna prezentacja kolarzy ju\u017c za nami!\u00a0"}]},{"@type":"WebSite","@id":"https:\/\/www.tourdepologne.pl\/#website","url":"https:\/\/www.tourdepologne.pl\/","name":"Tour de Pologne","description":"","publisher":{"@id":"https:\/\/www.tourdepologne.pl\/#organization"},"potentialAction":[{"@type":"SearchAction","target":{"@type":"EntryPoint","urlTemplate":"https:\/\/www.tourdepologne.pl\/?s={search_term_string}"},"query-input":{"@type":"PropertyValueSpecification","valueRequired":true,"valueName":"search_term_string"}}],"inLanguage":"en-US"},{"@type":"Organization","@id":"https:\/\/www.tourdepologne.pl\/#organization","name":"Wy\u015bcig kolarski Tour de Pologne","url":"https:\/\/www.tourdepologne.pl\/","logo":{"@type":"ImageObject","inLanguage":"en-US","@id":"https:\/\/www.tourdepologne.pl\/#\/schema\/logo\/image\/","url":"https:\/\/www.tourdepologne.pl\/wp-content\/uploads\/2019\/06\/logo-tdp.png","contentUrl":"https:\/\/www.tourdepologne.pl\/wp-content\/uploads\/2019\/06\/logo-tdp.png","width":450,"height":52,"caption":"Wy\u015bcig kolarski Tour de Pologne"},"image":{"@id":"https:\/\/www.tourdepologne.pl\/#\/schema\/logo\/image\/"},"sameAs":["https:\/\/www.facebook.com\/tourdepologne","https:\/\/x.com\/tour_de_pologne","https:\/\/www.instagram.com\/tourdepologne\/","https:\/\/www.youtube.com\/@TourdePologne2011"]},{"@type":"Person","@id":"https:\/\/www.tourdepologne.pl\/#\/schema\/person\/f4fe67774ed888efd15b2ce6e2c8ba8e","name":"Press","image":{"@type":"ImageObject","inLanguage":"en-US","@id":"https:\/\/secure.gravatar.com\/avatar\/df62f2f515b6857a7626e7d733ea81e452163a8e46d8c1787c083c5dd0ee42df?s=96&d=mm&r=g","url":"https:\/\/secure.gravatar.com\/avatar\/df62f2f515b6857a7626e7d733ea81e452163a8e46d8c1787c083c5dd0ee42df?s=96&d=mm&r=g","contentUrl":"https:\/\/secure.gravatar.com\/avatar\/df62f2f515b6857a7626e7d733ea81e452163a8e46d8c1787c083c5dd0ee42df?s=96&d=mm&r=g","caption":"Press"},"url":"https:\/\/www.tourdepologne.pl\/en\/author\/press\/"}]}},"_links":{"self":[{"href":"https:\/\/www.tourdepologne.pl\/en\/wp-json\/wp\/v2\/posts\/31685","targetHints":{"allow":["GET"]}}],"collection":[{"href":"https:\/\/www.tourdepologne.pl\/en\/wp-json\/wp\/v2\/posts"}],"about":[{"href":"https:\/\/www.tourdepologne.pl\/en\/wp-json\/wp\/v2\/types\/post"}],"author":[{"embeddable":true,"href":"https:\/\/www.tourdepologne.pl\/en\/wp-json\/wp\/v2\/users\/6"}],"replies":[{"embeddable":true,"href":"https:\/\/www.tourdepologne.pl\/en\/wp-json\/wp\/v2\/comments?post=31685"}],"version-history":[{"count":2,"href":"https:\/\/www.tourdepologne.pl\/en\/wp-json\/wp\/v2\/posts\/31685\/revisions"}],"predecessor-version":[{"id":31687,"href":"https:\/\/www.tourdepologne.pl\/en\/wp-json\/wp\/v2\/posts\/31685\/revisions\/31687"}],"wp:featuredmedia":[{"embeddable":true,"href":"https:\/\/www.tourdepologne.pl\/en\/wp-json\/wp\/v2\/media\/31585"}],"wp:attachment":[{"href":"https:\/\/www.tourdepologne.pl\/en\/wp-json\/wp\/v2\/media?parent=31685"}],"wp:term":[{"taxonomy":"category","embeddable":true,"href":"https:\/\/www.tourdepologne.pl\/en\/wp-json\/wp\/v2\/categories?post=31685"},{"taxonomy":"post_tag","embeddable":true,"href":"https:\/\/www.tourdepologne.pl\/en\/wp-json\/wp\/v2\/tags?post=31685"}],"curies":[{"name":"wp","href":"https:\/\/api.w.org\/{rel}","templated":true}]}}