{"id":32176,"date":"2023-07-30T22:10:56","date_gmt":"2023-07-30T20:10:56","guid":{"rendered":"https:\/\/www.tourdepologne.pl\/?p=32176"},"modified":"2023-07-31T13:29:51","modified_gmt":"2023-07-31T11:29:51","slug":"matej-mohoric-sprint-to-victory-in-karpacz-almeida-and-kwiatkowski-round-up-a-great-podium","status":"publish","type":"post","link":"https:\/\/www.tourdepologne.pl\/en\/2023\/07\/matej-mohoric-sprint-to-victory-in-karpacz-almeida-and-kwiatkowski-round-up-a-great-podium\/","title":{"rendered":"Matej Mohoric sprint to victory in Karpacz. Almeida and Kwiatkowski round up a great podium\u00a0\u00a0"},"content":{"rendered":"<p><strong>The Tour de Pologne returned to Karpacz after 16 years and Matej Mohori\u010d (Bahrain-Victorious) broke the deadlock with a great action to win the 2nd stage. Jo\u00e3o Almeida (UAE Team Emirates) and Michal Kwiatkowski (INEOS Grenadiers) finished 2nd and 3rd respectively.<\/strong><\/p>\n<p><i><span style=\"font-weight: 400;\">On a challenging finish, as expected, the favourites did not betray expectations and ensured an exciting finale. After catching the breakaway at 20 km remaining, Majka broke away from the peloton with\u00a0 3.2 km to go in Karpacz, followed only by the Lotto Dstny rider Lennert Van Eetvelt who was the only one able to bridge on Majka. The peloton caught up with the two attackers and Mohori\u010d launched a new attack followed by Almeida who finished second followed by Kwiatkowski in third.<\/span><\/i><\/p>\n<p><i><span style=\"font-weight: 400;\">&#8220;It&#8217;s nice to win here,&#8221; said Mohori\u010d at the finish. &#8220;After the Tour de France I immediately felt that I was still in form.\u00a0 Today I managed to win a difficult stage. When Maijka attacked, I wasn\u2019t sure I should follow him, but I kept calm and had Caruso&#8217;s support. It was the right decision. In the last 300 metres I launched my sprint. I thought someone was going to pass me but it didn&#8217;t happen. I pushed as hard as I could and in the end I won. Tomorrow will be another important stage, probably harder than today&#8217;s. The Tour de Pologne is probably the stage race that suits me best. But this year with the ITT in the finale it will be difficult for me. But I will try again in the next days and give my best until the last kilometres.\u201d<\/span><\/i><\/p>\n<p><i><span style=\"font-weight: 400;\">&#8220;It was a hectic final,&#8221; said Almeida. &#8220;Congratulations to Mateij, he rode a great race and I couldn&#8217;t overtake him in the final. In the end I&#8217;m happy with my race. It wasn&#8217;t easy. The pace was high. Tomorrow it will be hard again, so we have to race at the front. I really like this race. Two years ago, when I won, everything was decided in Katowice with the ITT, so I hope to go into the final Time Trial with a good GC classification and give it my all..\u201d<\/span><\/i><\/p>\n<p><i><\/i><i><span style=\"font-weight: 400;\">&#8220;I am happy with the race,&#8221; said Kwiatkowski, the best Polish rider of the race. &#8220;It was a super dynamic finish. I wanted to do my best to win the race, but today I didn&#8217;t have the extra kick to follow the accelerations of Matej and Joao.\u00a0 It is what it is, it&#8217;s only the second stage of the Tour of Poland.\u00a0 I would have liked to win in front of my fans, but I will fight until the end. I had a good feeling today, so I will try to do my best day by day&#8221;.<\/span><\/i><\/p>\n<p><i><span style=\"font-weight: 400;\">The second stage of the Tour de Pologne UCI WorldTour took the peloton from Leszno to Karpacz in the longest stage of the 80th edition of the race. The peloton covered 202.9 kilometres and climbed up to 2364 metres.<\/span><\/i><\/p>\n<p><i><span style=\"font-weight: 400;\">The stage began with an early breakaway, formed by Jacopo Mosca (LTK), Lorenzo Milesi (DSM) and Sam Brand (TNN), which managed to open up a considerable gap of ten minutes on the main group. The race was always controlled by the GC men such as INEOS Grenadiers, Bora-Hansgrohe and UAE Team Emirates.\u00a0\u00a0<\/span><\/i><\/p>\n<p><i><span style=\"font-weight: 400;\">Jacopo Mosca (LTK) won the special prize: 95 years of the Tour de Pologne, Soudal, placed in \u015awierzawa at 129.7 kilometres from the start, as well as the Prze\u0142\u0119cz pod \u015arednic\u0105 KOM, while the second KOM &#8211; in Sosn\u00f3wka &#8211; went to Lucas HAMILTON.<\/span><\/i><\/p>\n<p><i><span style=\"font-weight: 400;\">In the final hour, only Jacopo Mosca and Lorenzo Milesi kept the lead while Sam Brand was dropped and then caught by the fast peloton.<\/span><\/i><\/p>\n<p><span style=\"font-weight: 400;\">The Tauron Arena will host tomorrow&#8217;s stage from Wa\u0142brzych to Duszniki Zdr\u00f3j (163km). The stage will feature three GPM category 2 climbs of 3km at 7%, 8km at 5% and the final 8km at 4% with 12km to go. The last kilometre features a section of about 500 metres with gradients up to 18,8% with a final flat 500 m<\/span><\/p>\n<p>&nbsp;<\/p>\n","protected":false},"excerpt":{"rendered":"<p>The Tour de Pologne returned to Karpacz after 16 years and Matej Mohori\u010d (Bahrain-Victorious) broke the deadlock with a great &hellip; <\/p>\n","protected":false},"author":6,"featured_media":32173,"comment_status":"closed","ping_status":"closed","sticky":false,"template":"","format":"standard","meta":{"_acf_changed":false,"footnotes":""},"categories":[95],"tags":[],"class_list":["post-32176","post","type-post","status-publish","format-standard","has-post-thumbnail","hentry","category-news-en"],"acf":[],"yoast_head":"<!-- This site is optimized with the Yoast SEO plugin v27.2 - https:\/\/yoast.com\/product\/yoast-seo-wordpress\/ -->\n<title>Matej Mohoric sprint to victory in Karpacz. Almeida and Kwiatkowski round up a great podium\u00a0\u00a0 - Tour de Pologne<\/title>\n<meta name=\"robots\" content=\"index, follow, max-snippet:-1, max-image-preview:large, max-video-preview:-1\" \/>\n<link rel=\"canonical\" href=\"https:\/\/www.tourdepologne.pl\/en\/2023\/07\/matej-mohoric-sprint-to-victory-in-karpacz-almeida-and-kwiatkowski-round-up-a-great-podium\/\" \/>\n<meta property=\"og:locale\" content=\"en_US\" \/>\n<meta property=\"og:type\" content=\"article\" \/>\n<meta property=\"og:title\" content=\"Matej Mohoric sprint to victory in Karpacz. Almeida and Kwiatkowski round up a great podium\u00a0\u00a0 - Tour de Pologne\" \/>\n<meta property=\"og:description\" content=\"The Tour de Pologne returned to Karpacz after 16 years and Matej Mohori\u010d (Bahrain-Victorious) broke the deadlock with a great &hellip;\" \/>\n<meta property=\"og:url\" content=\"https:\/\/www.tourdepologne.pl\/en\/2023\/07\/matej-mohoric-sprint-to-victory-in-karpacz-almeida-and-kwiatkowski-round-up-a-great-podium\/\" \/>\n<meta property=\"og:site_name\" content=\"Tour de Pologne\" \/>\n<meta property=\"article:publisher\" content=\"https:\/\/www.facebook.com\/tourdepologne\" \/>\n<meta property=\"article:published_time\" content=\"2023-07-30T20:10:56+00:00\" \/>\n<meta property=\"article:modified_time\" content=\"2023-07-31T11:29:51+00:00\" \/>\n<meta property=\"og:image\" content=\"https:\/\/www.tourdepologne.pl\/wp-content\/uploads\/2023\/07\/2_etap_TdP_fot.-Szymon-Gruchalski-8.jpg\" \/>\n\t<meta property=\"og:image:width\" content=\"1280\" \/>\n\t<meta property=\"og:image:height\" content=\"853\" \/>\n\t<meta property=\"og:image:type\" content=\"image\/jpeg\" \/>\n<meta name=\"author\" content=\"Press\" \/>\n<meta name=\"twitter:card\" content=\"summary_large_image\" \/>\n<meta name=\"twitter:creator\" content=\"@tour_de_pologne\" \/>\n<meta name=\"twitter:site\" content=\"@tour_de_pologne\" \/>\n<meta name=\"twitter:label1\" content=\"Written by\" \/>\n\t<meta name=\"twitter:data1\" content=\"Press\" \/>\n\t<meta name=\"twitter:label2\" content=\"Est. reading time\" \/>\n\t<meta name=\"twitter:data2\" content=\"5 minutes\" \/>\n<script type=\"application\/ld+json\" class=\"yoast-schema-graph\">{\"@context\":\"https:\/\/schema.org\",\"@graph\":[{\"@type\":\"Article\",\"@id\":\"https:\/\/www.tourdepologne.pl\/en\/2023\/07\/matej-mohoric-sprint-to-victory-in-karpacz-almeida-and-kwiatkowski-round-up-a-great-podium\/#article\",\"isPartOf\":{\"@id\":\"https:\/\/www.tourdepologne.pl\/en\/2023\/07\/matej-mohoric-sprint-to-victory-in-karpacz-almeida-and-kwiatkowski-round-up-a-great-podium\/\"},\"author\":{\"name\":\"Press\",\"@id\":\"https:\/\/www.tourdepologne.pl\/#\/schema\/person\/f4fe67774ed888efd15b2ce6e2c8ba8e\"},\"headline\":\"Matej Mohoric sprint to victory in Karpacz. Almeida and Kwiatkowski round up a great podium\u00a0\u00a0\",\"datePublished\":\"2023-07-30T20:10:56+00:00\",\"dateModified\":\"2023-07-31T11:29:51+00:00\",\"mainEntityOfPage\":{\"@id\":\"https:\/\/www.tourdepologne.pl\/en\/2023\/07\/matej-mohoric-sprint-to-victory-in-karpacz-almeida-and-kwiatkowski-round-up-a-great-podium\/\"},\"wordCount\":693,\"publisher\":{\"@id\":\"https:\/\/www.tourdepologne.pl\/#organization\"},\"image\":{\"@id\":\"https:\/\/www.tourdepologne.pl\/en\/2023\/07\/matej-mohoric-sprint-to-victory-in-karpacz-almeida-and-kwiatkowski-round-up-a-great-podium\/#primaryimage\"},\"thumbnailUrl\":\"https:\/\/www.tourdepologne.pl\/wp-content\/uploads\/2023\/07\/2_etap_TdP_fot.-Szymon-Gruchalski-8.jpg\",\"articleSection\":[\"News en\"],\"inLanguage\":\"en-US\"},{\"@type\":\"WebPage\",\"@id\":\"https:\/\/www.tourdepologne.pl\/en\/2023\/07\/matej-mohoric-sprint-to-victory-in-karpacz-almeida-and-kwiatkowski-round-up-a-great-podium\/\",\"url\":\"https:\/\/www.tourdepologne.pl\/en\/2023\/07\/matej-mohoric-sprint-to-victory-in-karpacz-almeida-and-kwiatkowski-round-up-a-great-podium\/\",\"name\":\"Matej Mohoric sprint to victory in Karpacz. Almeida and Kwiatkowski round up a great podium\u00a0\u00a0 - Tour de Pologne\",\"isPartOf\":{\"@id\":\"https:\/\/www.tourdepologne.pl\/#website\"},\"primaryImageOfPage\":{\"@id\":\"https:\/\/www.tourdepologne.pl\/en\/2023\/07\/matej-mohoric-sprint-to-victory-in-karpacz-almeida-and-kwiatkowski-round-up-a-great-podium\/#primaryimage\"},\"image\":{\"@id\":\"https:\/\/www.tourdepologne.pl\/en\/2023\/07\/matej-mohoric-sprint-to-victory-in-karpacz-almeida-and-kwiatkowski-round-up-a-great-podium\/#primaryimage\"},\"thumbnailUrl\":\"https:\/\/www.tourdepologne.pl\/wp-content\/uploads\/2023\/07\/2_etap_TdP_fot.-Szymon-Gruchalski-8.jpg\",\"datePublished\":\"2023-07-30T20:10:56+00:00\",\"dateModified\":\"2023-07-31T11:29:51+00:00\",\"breadcrumb\":{\"@id\":\"https:\/\/www.tourdepologne.pl\/en\/2023\/07\/matej-mohoric-sprint-to-victory-in-karpacz-almeida-and-kwiatkowski-round-up-a-great-podium\/#breadcrumb\"},\"inLanguage\":\"en-US\",\"potentialAction\":[{\"@type\":\"ReadAction\",\"target\":[\"https:\/\/www.tourdepologne.pl\/en\/2023\/07\/matej-mohoric-sprint-to-victory-in-karpacz-almeida-and-kwiatkowski-round-up-a-great-podium\/\"]}]},{\"@type\":\"ImageObject\",\"inLanguage\":\"en-US\",\"@id\":\"https:\/\/www.tourdepologne.pl\/en\/2023\/07\/matej-mohoric-sprint-to-victory-in-karpacz-almeida-and-kwiatkowski-round-up-a-great-podium\/#primaryimage\",\"url\":\"https:\/\/www.tourdepologne.pl\/wp-content\/uploads\/2023\/07\/2_etap_TdP_fot.-Szymon-Gruchalski-8.jpg\",\"contentUrl\":\"https:\/\/www.tourdepologne.pl\/wp-content\/uploads\/2023\/07\/2_etap_TdP_fot.-Szymon-Gruchalski-8.jpg\",\"width\":1280,\"height\":853},{\"@type\":\"BreadcrumbList\",\"@id\":\"https:\/\/www.tourdepologne.pl\/en\/2023\/07\/matej-mohoric-sprint-to-victory-in-karpacz-almeida-and-kwiatkowski-round-up-a-great-podium\/#breadcrumb\",\"itemListElement\":[{\"@type\":\"ListItem\",\"position\":1,\"name\":\"Strona g\u0142\u00f3wna\",\"item\":\"https:\/\/www.tourdepologne.pl\/en\/\"},{\"@type\":\"ListItem\",\"position\":2,\"name\":\"Matej Mohoric sprint to victory in Karpacz. Almeida and Kwiatkowski round up a great podium\u00a0\u00a0\"}]},{\"@type\":\"WebSite\",\"@id\":\"https:\/\/www.tourdepologne.pl\/#website\",\"url\":\"https:\/\/www.tourdepologne.pl\/\",\"name\":\"Tour de Pologne\",\"description\":\"\",\"publisher\":{\"@id\":\"https:\/\/www.tourdepologne.pl\/#organization\"},\"potentialAction\":[{\"@type\":\"SearchAction\",\"target\":{\"@type\":\"EntryPoint\",\"urlTemplate\":\"https:\/\/www.tourdepologne.pl\/?s={search_term_string}\"},\"query-input\":{\"@type\":\"PropertyValueSpecification\",\"valueRequired\":true,\"valueName\":\"search_term_string\"}}],\"inLanguage\":\"en-US\"},{\"@type\":\"Organization\",\"@id\":\"https:\/\/www.tourdepologne.pl\/#organization\",\"name\":\"Wy\u015bcig kolarski Tour de Pologne\",\"url\":\"https:\/\/www.tourdepologne.pl\/\",\"logo\":{\"@type\":\"ImageObject\",\"inLanguage\":\"en-US\",\"@id\":\"https:\/\/www.tourdepologne.pl\/#\/schema\/logo\/image\/\",\"url\":\"https:\/\/www.tourdepologne.pl\/wp-content\/uploads\/2019\/06\/logo-tdp.png\",\"contentUrl\":\"https:\/\/www.tourdepologne.pl\/wp-content\/uploads\/2019\/06\/logo-tdp.png\",\"width\":450,\"height\":52,\"caption\":\"Wy\u015bcig kolarski Tour de Pologne\"},\"image\":{\"@id\":\"https:\/\/www.tourdepologne.pl\/#\/schema\/logo\/image\/\"},\"sameAs\":[\"https:\/\/www.facebook.com\/tourdepologne\",\"https:\/\/x.com\/tour_de_pologne\",\"https:\/\/www.instagram.com\/tourdepologne\/\",\"https:\/\/www.youtube.com\/@TourdePologne2011\"]},{\"@type\":\"Person\",\"@id\":\"https:\/\/www.tourdepologne.pl\/#\/schema\/person\/f4fe67774ed888efd15b2ce6e2c8ba8e\",\"name\":\"Press\",\"image\":{\"@type\":\"ImageObject\",\"inLanguage\":\"en-US\",\"@id\":\"https:\/\/secure.gravatar.com\/avatar\/df62f2f515b6857a7626e7d733ea81e452163a8e46d8c1787c083c5dd0ee42df?s=96&d=mm&r=g\",\"url\":\"https:\/\/secure.gravatar.com\/avatar\/df62f2f515b6857a7626e7d733ea81e452163a8e46d8c1787c083c5dd0ee42df?s=96&d=mm&r=g\",\"contentUrl\":\"https:\/\/secure.gravatar.com\/avatar\/df62f2f515b6857a7626e7d733ea81e452163a8e46d8c1787c083c5dd0ee42df?s=96&d=mm&r=g\",\"caption\":\"Press\"},\"url\":\"https:\/\/www.tourdepologne.pl\/en\/author\/press\/\"}]}<\/script>\n<!-- \/ Yoast SEO plugin. -->","yoast_head_json":{"title":"Matej Mohoric sprint to victory in Karpacz. Almeida and Kwiatkowski round up a great podium\u00a0\u00a0 - Tour de Pologne","robots":{"index":"index","follow":"follow","max-snippet":"max-snippet:-1","max-image-preview":"max-image-preview:large","max-video-preview":"max-video-preview:-1"},"canonical":"https:\/\/www.tourdepologne.pl\/en\/2023\/07\/matej-mohoric-sprint-to-victory-in-karpacz-almeida-and-kwiatkowski-round-up-a-great-podium\/","og_locale":"en_US","og_type":"article","og_title":"Matej Mohoric sprint to victory in Karpacz. Almeida and Kwiatkowski round up a great podium\u00a0\u00a0 - Tour de Pologne","og_description":"The Tour de Pologne returned to Karpacz after 16 years and Matej Mohori\u010d (Bahrain-Victorious) broke the deadlock with a great &hellip;","og_url":"https:\/\/www.tourdepologne.pl\/en\/2023\/07\/matej-mohoric-sprint-to-victory-in-karpacz-almeida-and-kwiatkowski-round-up-a-great-podium\/","og_site_name":"Tour de Pologne","article_publisher":"https:\/\/www.facebook.com\/tourdepologne","article_published_time":"2023-07-30T20:10:56+00:00","article_modified_time":"2023-07-31T11:29:51+00:00","og_image":[{"width":1280,"height":853,"url":"https:\/\/www.tourdepologne.pl\/wp-content\/uploads\/2023\/07\/2_etap_TdP_fot.-Szymon-Gruchalski-8.jpg","type":"image\/jpeg"}],"author":"Press","twitter_card":"summary_large_image","twitter_creator":"@tour_de_pologne","twitter_site":"@tour_de_pologne","twitter_misc":{"Written by":"Press","Est. reading time":"5 minutes"},"schema":{"@context":"https:\/\/schema.org","@graph":[{"@type":"Article","@id":"https:\/\/www.tourdepologne.pl\/en\/2023\/07\/matej-mohoric-sprint-to-victory-in-karpacz-almeida-and-kwiatkowski-round-up-a-great-podium\/#article","isPartOf":{"@id":"https:\/\/www.tourdepologne.pl\/en\/2023\/07\/matej-mohoric-sprint-to-victory-in-karpacz-almeida-and-kwiatkowski-round-up-a-great-podium\/"},"author":{"name":"Press","@id":"https:\/\/www.tourdepologne.pl\/#\/schema\/person\/f4fe67774ed888efd15b2ce6e2c8ba8e"},"headline":"Matej Mohoric sprint to victory in Karpacz. Almeida and Kwiatkowski round up a great podium\u00a0\u00a0","datePublished":"2023-07-30T20:10:56+00:00","dateModified":"2023-07-31T11:29:51+00:00","mainEntityOfPage":{"@id":"https:\/\/www.tourdepologne.pl\/en\/2023\/07\/matej-mohoric-sprint-to-victory-in-karpacz-almeida-and-kwiatkowski-round-up-a-great-podium\/"},"wordCount":693,"publisher":{"@id":"https:\/\/www.tourdepologne.pl\/#organization"},"image":{"@id":"https:\/\/www.tourdepologne.pl\/en\/2023\/07\/matej-mohoric-sprint-to-victory-in-karpacz-almeida-and-kwiatkowski-round-up-a-great-podium\/#primaryimage"},"thumbnailUrl":"https:\/\/www.tourdepologne.pl\/wp-content\/uploads\/2023\/07\/2_etap_TdP_fot.-Szymon-Gruchalski-8.jpg","articleSection":["News en"],"inLanguage":"en-US"},{"@type":"WebPage","@id":"https:\/\/www.tourdepologne.pl\/en\/2023\/07\/matej-mohoric-sprint-to-victory-in-karpacz-almeida-and-kwiatkowski-round-up-a-great-podium\/","url":"https:\/\/www.tourdepologne.pl\/en\/2023\/07\/matej-mohoric-sprint-to-victory-in-karpacz-almeida-and-kwiatkowski-round-up-a-great-podium\/","name":"Matej Mohoric sprint to victory in Karpacz. Almeida and Kwiatkowski round up a great podium\u00a0\u00a0 - Tour de Pologne","isPartOf":{"@id":"https:\/\/www.tourdepologne.pl\/#website"},"primaryImageOfPage":{"@id":"https:\/\/www.tourdepologne.pl\/en\/2023\/07\/matej-mohoric-sprint-to-victory-in-karpacz-almeida-and-kwiatkowski-round-up-a-great-podium\/#primaryimage"},"image":{"@id":"https:\/\/www.tourdepologne.pl\/en\/2023\/07\/matej-mohoric-sprint-to-victory-in-karpacz-almeida-and-kwiatkowski-round-up-a-great-podium\/#primaryimage"},"thumbnailUrl":"https:\/\/www.tourdepologne.pl\/wp-content\/uploads\/2023\/07\/2_etap_TdP_fot.-Szymon-Gruchalski-8.jpg","datePublished":"2023-07-30T20:10:56+00:00","dateModified":"2023-07-31T11:29:51+00:00","breadcrumb":{"@id":"https:\/\/www.tourdepologne.pl\/en\/2023\/07\/matej-mohoric-sprint-to-victory-in-karpacz-almeida-and-kwiatkowski-round-up-a-great-podium\/#breadcrumb"},"inLanguage":"en-US","potentialAction":[{"@type":"ReadAction","target":["https:\/\/www.tourdepologne.pl\/en\/2023\/07\/matej-mohoric-sprint-to-victory-in-karpacz-almeida-and-kwiatkowski-round-up-a-great-podium\/"]}]},{"@type":"ImageObject","inLanguage":"en-US","@id":"https:\/\/www.tourdepologne.pl\/en\/2023\/07\/matej-mohoric-sprint-to-victory-in-karpacz-almeida-and-kwiatkowski-round-up-a-great-podium\/#primaryimage","url":"https:\/\/www.tourdepologne.pl\/wp-content\/uploads\/2023\/07\/2_etap_TdP_fot.-Szymon-Gruchalski-8.jpg","contentUrl":"https:\/\/www.tourdepologne.pl\/wp-content\/uploads\/2023\/07\/2_etap_TdP_fot.-Szymon-Gruchalski-8.jpg","width":1280,"height":853},{"@type":"BreadcrumbList","@id":"https:\/\/www.tourdepologne.pl\/en\/2023\/07\/matej-mohoric-sprint-to-victory-in-karpacz-almeida-and-kwiatkowski-round-up-a-great-podium\/#breadcrumb","itemListElement":[{"@type":"ListItem","position":1,"name":"Strona g\u0142\u00f3wna","item":"https:\/\/www.tourdepologne.pl\/en\/"},{"@type":"ListItem","position":2,"name":"Matej Mohoric sprint to victory in Karpacz. Almeida and Kwiatkowski round up a great podium\u00a0\u00a0"}]},{"@type":"WebSite","@id":"https:\/\/www.tourdepologne.pl\/#website","url":"https:\/\/www.tourdepologne.pl\/","name":"Tour de Pologne","description":"","publisher":{"@id":"https:\/\/www.tourdepologne.pl\/#organization"},"potentialAction":[{"@type":"SearchAction","target":{"@type":"EntryPoint","urlTemplate":"https:\/\/www.tourdepologne.pl\/?s={search_term_string}"},"query-input":{"@type":"PropertyValueSpecification","valueRequired":true,"valueName":"search_term_string"}}],"inLanguage":"en-US"},{"@type":"Organization","@id":"https:\/\/www.tourdepologne.pl\/#organization","name":"Wy\u015bcig kolarski Tour de Pologne","url":"https:\/\/www.tourdepologne.pl\/","logo":{"@type":"ImageObject","inLanguage":"en-US","@id":"https:\/\/www.tourdepologne.pl\/#\/schema\/logo\/image\/","url":"https:\/\/www.tourdepologne.pl\/wp-content\/uploads\/2019\/06\/logo-tdp.png","contentUrl":"https:\/\/www.tourdepologne.pl\/wp-content\/uploads\/2019\/06\/logo-tdp.png","width":450,"height":52,"caption":"Wy\u015bcig kolarski Tour de Pologne"},"image":{"@id":"https:\/\/www.tourdepologne.pl\/#\/schema\/logo\/image\/"},"sameAs":["https:\/\/www.facebook.com\/tourdepologne","https:\/\/x.com\/tour_de_pologne","https:\/\/www.instagram.com\/tourdepologne\/","https:\/\/www.youtube.com\/@TourdePologne2011"]},{"@type":"Person","@id":"https:\/\/www.tourdepologne.pl\/#\/schema\/person\/f4fe67774ed888efd15b2ce6e2c8ba8e","name":"Press","image":{"@type":"ImageObject","inLanguage":"en-US","@id":"https:\/\/secure.gravatar.com\/avatar\/df62f2f515b6857a7626e7d733ea81e452163a8e46d8c1787c083c5dd0ee42df?s=96&d=mm&r=g","url":"https:\/\/secure.gravatar.com\/avatar\/df62f2f515b6857a7626e7d733ea81e452163a8e46d8c1787c083c5dd0ee42df?s=96&d=mm&r=g","contentUrl":"https:\/\/secure.gravatar.com\/avatar\/df62f2f515b6857a7626e7d733ea81e452163a8e46d8c1787c083c5dd0ee42df?s=96&d=mm&r=g","caption":"Press"},"url":"https:\/\/www.tourdepologne.pl\/en\/author\/press\/"}]}},"_links":{"self":[{"href":"https:\/\/www.tourdepologne.pl\/en\/wp-json\/wp\/v2\/posts\/32176","targetHints":{"allow":["GET"]}}],"collection":[{"href":"https:\/\/www.tourdepologne.pl\/en\/wp-json\/wp\/v2\/posts"}],"about":[{"href":"https:\/\/www.tourdepologne.pl\/en\/wp-json\/wp\/v2\/types\/post"}],"author":[{"embeddable":true,"href":"https:\/\/www.tourdepologne.pl\/en\/wp-json\/wp\/v2\/users\/6"}],"replies":[{"embeddable":true,"href":"https:\/\/www.tourdepologne.pl\/en\/wp-json\/wp\/v2\/comments?post=32176"}],"version-history":[{"count":3,"href":"https:\/\/www.tourdepologne.pl\/en\/wp-json\/wp\/v2\/posts\/32176\/revisions"}],"predecessor-version":[{"id":32179,"href":"https:\/\/www.tourdepologne.pl\/en\/wp-json\/wp\/v2\/posts\/32176\/revisions\/32179"}],"wp:featuredmedia":[{"embeddable":true,"href":"https:\/\/www.tourdepologne.pl\/en\/wp-json\/wp\/v2\/media\/32173"}],"wp:attachment":[{"href":"https:\/\/www.tourdepologne.pl\/en\/wp-json\/wp\/v2\/media?parent=32176"}],"wp:term":[{"taxonomy":"category","embeddable":true,"href":"https:\/\/www.tourdepologne.pl\/en\/wp-json\/wp\/v2\/categories?post=32176"},{"taxonomy":"post_tag","embeddable":true,"href":"https:\/\/www.tourdepologne.pl\/en\/wp-json\/wp\/v2\/tags?post=32176"}],"curies":[{"name":"wp","href":"https:\/\/api.w.org\/{rel}","templated":true}]}}