{"id":35164,"date":"2024-07-17T12:41:32","date_gmt":"2024-07-17T10:41:32","guid":{"rendered":"https:\/\/www.tourdepologne.pl\/?p=35164"},"modified":"2024-07-18T16:19:46","modified_gmt":"2024-07-18T14:19:46","slug":"81st-edition-of-the-tour-de-pologne-uci-world-tour-wroclaw-krakow","status":"publish","type":"post","link":"https:\/\/www.tourdepologne.pl\/en\/2024\/07\/81st-edition-of-the-tour-de-pologne-uci-world-tour-wroclaw-krakow\/","title":{"rendered":"81st Edition of the Tour de Pologne UCI World Tour: Wroc\u0142aw \u2013 Krak\u00f3w"},"content":{"rendered":"<p><strong>On Wednesday, July 17, TVP Sport unveiled the route for the 81st edition of the Tour de Pologne UCI World Tour. The largest cycling race in this part of Europe will commence on August 12 from the Centennial Hall in Wroc\u0142aw and will traditionally end a week later in Krak\u00f3w. The elite of world cycling will visit Poland, ensuring sporting excitement while riding through the beautiful corners of our country.<\/strong><\/p>\n<p>On August 12, Poland will become the capital of the cycling world as the 81st edition of the Tour de Pologne UCI World Tour begins. This is the only event in this part of Europe that is part of the UCI World Tour, the &#8220;Champions League of cycling.&#8221; The day before, the official presentation of the cycling teams will take place at the Centennial Hall in Wroc\u0142aw.<\/p>\n<p><strong>Lower Silesian Trio<\/strong><\/p>\n<p>The first three stages of this year&#8217;s race will take place in Lower Silesia, with two finishes at the Orlinek climb in Karpacz. The opener will see cyclists start from the Centennial Hall, followed by a 15-kilometer time trial from Mys\u0142akowice the next day. The last stage in this province will be on the Wa\u0142brzych \u2014 Duszniki-Zdr\u00f3j route, where Rafa\u0142 Majka triumphed last year. Matej Mahori\u010d came in second, and Micha\u0142 Kwiatkowski third.<\/p>\n<p>&#8220;I am very pleased that Wroc\u0142aw is part of the race route, especially since it is a cycling city. Many cyclists come from here, and the Dolmel club, founded by Mieczys\u0142aw \u017belaznowski, was located here, with riders such as Ryszard Szurkowski, Henryk Charucki, Jan Faltyn, and Jan Brze\u017any \u2013 many champions. The second stage is a &#8216;cronoscalata&#8217; (from Italian: &#8216;climbing time trial&#8217;). Remember, this is where multiple Tour de France, Giro d&#8217;Italia, and Vuelta a Espa\u00f1a winner Alberto Contador began his career by winning an individual time trial,&#8221; said the race&#8217;s general director, Czes\u0142aw Lang.<\/p>\n<p><strong>Sprinters in Szozda\u2019s City<\/strong><\/p>\n<p>The middle part of the 81st edition of the Tour de Pologne UCI World Tour will be a chance for the fastest riders in the peloton to compete for victory. The fourth stage of this year&#8217;s race will start in Kudowa-Zdr\u00f3j and finish in Prudnik, the hometown of the legendary Polish cyclist Stanis\u0142aw Szozda. During his career, the legendary Szozda became a two-time Olympic silver medalist, won five world championship medals, and triumphed in the Peace Race and the Tour de Pologne.<\/p>\n<p>&#8220;The fourth stage will be dedicated to a great cyclist and my dear friend Stasiu Szozda. We start from Kudowa-Zdr\u00f3j, over 200 kilometers \u2013 I think it will be a more sprint stage, and the whole peloton will arrive together,&#8221; said Czes\u0142aw Lang.<\/p>\n<p>The fifth stage will start and end in Katowice, with most of the route leading the peloton along the &#8220;Trail of the Eagles&#8217; Nests.&#8221; Remember that the Tour de Pologne UCI World Tour also promotes Polish regions, and this one has a lot to offer. Along the way, riders will pass through Jura Krakowsko-Cz\u0119stochowska, Mys\u0142owice, Jaworzno, Rabsztyn, Pieskowa Ska\u0142a, and Ojc\u00f3w.<\/p>\n<p><strong>Ma\u0142opolska Finish<\/strong><\/p>\n<p>The final two stages of this year&#8217;s competition will take place in Ma\u0142opolska. On Wednesday, August 16, cyclists will start from Wadowice and race to the finish line at the BUKOVINA Resort.<\/p>\n<p>&#8220;The start in Wadowice \u2013 we want to remind people of the city where the great Pole John Paul II was born, hence the idea to start from Wadowice. We pass through the Krowiarki Pass, Szaflary, and enter a lap that cycling enthusiasts know very well. The finish will be at the BUKOVINA Resort, but before that, cyclists will twice tackle the climb at Gliczar\u00f3w to the BUKOVINA wall. They will also face the HARNA\u015a wall, and the finish will be in the same place where Rafa\u0142 Majka and Remco Evenepoel have won. This stage will be dedicated to those who may not be completely satisfied with the general classification. It will be a royal stage that can change everything,&#8221; said Czes\u0142aw Lang.<\/p>\n<p>The final stage of the 81st edition of the Tour de Pologne UCI World Tour will start at the \u201eWieliczka\u201d Salt Mine and will traditionally end at the B\u0142onia Park in Krak\u00f3w, where we will meet the winners of the individual classifications and the overall ORLEN classification winner. Partners of this stage are long-time friends of the Tour de Pologne UCI World Tour \u2013 the \u201eWieliczka\u201d Salt Mine and the city of Krak\u00f3w.<\/p>\n<p>&#8220;We say that Krak\u00f3w is to the Tour de Pologne what Paris is to the Tour de France, and we want to maintain this tradition,&#8221; said Czes\u0142aw Lang.<\/p>\n<p><iframe loading=\"lazy\" title=\"ANIMACJA TRASY WSZYSTKIE ETAPY TdP2024\" width=\"980\" height=\"551\" src=\"https:\/\/www.youtube.com\/embed\/0yo3j1zkusM?feature=oembed\" frameborder=\"0\" allow=\"accelerometer; autoplay; clipboard-write; encrypted-media; gyroscope; picture-in-picture; web-share\" referrerpolicy=\"strict-origin-when-cross-origin\" allowfullscreen><\/iframe><\/p>\n<p><strong>81st Tour de Pologne UCI World Tour 12-18.08.2024<\/strong><\/p>\n<p>Stage 1: 12.08 (Monday) WROC\u0141AW \u2013 KARPACZ<\/p>\n<p>Stage 2: 13.08 (Tuesday) MYS\u0141AKOWICE \u2013 KARPACZ (individual time trial)<\/p>\n<p>Stage 3: 14.08 (Wednesday) WA\u0141BRZYCH \u2013 DUSZNIKI-ZDR\u00d3J, COS<\/p>\n<p>Stage 4: 15.08 (Thursday) KUDOWA-ZDR\u00d3J \u2013 PRUDNIK<\/p>\n<p>Stage 5: 16.08 (Friday) KATOWICE \u2013 KATOWICE<\/p>\n<p>Stage 6: 17.08 (Saturday) WADOWICE \u2013 BUKOVINA RESORT<\/p>\n<p>Stage 7: 18.08 (Sunday) \u201eWIELICZKA\u201d SALT MINE \u2013 KRAK\u00d3W<\/p>\n<p><img loading=\"lazy\" decoding=\"async\" class=\"aligncenter size-full wp-image-35161\" src=\"https:\/\/www.tourdepologne.pl\/wp-content\/uploads\/2024\/07\/TdP_2024.jpg\" alt=\"\" width=\"1049\" height=\"1280\" srcset=\"https:\/\/www.tourdepologne.pl\/wp-content\/uploads\/2024\/07\/TdP_2024.jpg 1049w, https:\/\/www.tourdepologne.pl\/wp-content\/uploads\/2024\/07\/TdP_2024-246x300.jpg 246w, https:\/\/www.tourdepologne.pl\/wp-content\/uploads\/2024\/07\/TdP_2024-492x600.jpg 492w, https:\/\/www.tourdepologne.pl\/wp-content\/uploads\/2024\/07\/TdP_2024-123x150.jpg 123w, https:\/\/www.tourdepologne.pl\/wp-content\/uploads\/2024\/07\/TdP_2024-500x610.jpg 500w\" sizes=\"auto, (max-width: 1049px) 100vw, 1049px\" \/><\/p>\n","protected":false},"excerpt":{"rendered":"<p>On Wednesday, July 17, TVP Sport unveiled the route for the 81st edition of the Tour de Pologne UCI World &hellip; <\/p>\n","protected":false},"author":6,"featured_media":35160,"comment_status":"closed","ping_status":"closed","sticky":false,"template":"","format":"standard","meta":{"_acf_changed":false,"footnotes":""},"categories":[95],"tags":[],"class_list":["post-35164","post","type-post","status-publish","format-standard","has-post-thumbnail","hentry","category-news-en"],"acf":[],"yoast_head":"<!-- This site is optimized with the Yoast SEO plugin v27.2 - https:\/\/yoast.com\/product\/yoast-seo-wordpress\/ -->\n<title>81st Edition of the Tour de Pologne UCI World Tour: Wroc\u0142aw \u2013 Krak\u00f3w - Tour de Pologne<\/title>\n<meta name=\"robots\" content=\"index, follow, max-snippet:-1, max-image-preview:large, max-video-preview:-1\" \/>\n<link rel=\"canonical\" href=\"https:\/\/www.tourdepologne.pl\/en\/2024\/07\/81st-edition-of-the-tour-de-pologne-uci-world-tour-wroclaw-krakow\/\" \/>\n<meta property=\"og:locale\" content=\"en_US\" \/>\n<meta property=\"og:type\" content=\"article\" \/>\n<meta property=\"og:title\" content=\"81st Edition of the Tour de Pologne UCI World Tour: Wroc\u0142aw \u2013 Krak\u00f3w - Tour de Pologne\" \/>\n<meta property=\"og:description\" content=\"On Wednesday, July 17, TVP Sport unveiled the route for the 81st edition of the Tour de Pologne UCI World &hellip;\" \/>\n<meta property=\"og:url\" content=\"https:\/\/www.tourdepologne.pl\/en\/2024\/07\/81st-edition-of-the-tour-de-pologne-uci-world-tour-wroclaw-krakow\/\" \/>\n<meta property=\"og:site_name\" content=\"Tour de Pologne\" \/>\n<meta property=\"article:publisher\" content=\"https:\/\/www.facebook.com\/tourdepologne\" \/>\n<meta property=\"article:published_time\" content=\"2024-07-17T10:41:32+00:00\" \/>\n<meta property=\"article:modified_time\" content=\"2024-07-18T14:19:46+00:00\" \/>\n<meta property=\"og:image\" content=\"https:\/\/www.tourdepologne.pl\/wp-content\/uploads\/2024\/07\/TdP-2023-Etap-7-fot.SzymonGruchalski-31.jpg\" \/>\n\t<meta property=\"og:image:width\" content=\"1280\" \/>\n\t<meta property=\"og:image:height\" content=\"853\" \/>\n\t<meta property=\"og:image:type\" content=\"image\/jpeg\" \/>\n<meta name=\"author\" content=\"Press\" \/>\n<meta name=\"twitter:card\" content=\"summary_large_image\" \/>\n<meta name=\"twitter:creator\" content=\"@tour_de_pologne\" \/>\n<meta name=\"twitter:site\" content=\"@tour_de_pologne\" \/>\n<meta name=\"twitter:label1\" content=\"Written by\" \/>\n\t<meta name=\"twitter:data1\" content=\"Press\" \/>\n\t<meta name=\"twitter:label2\" content=\"Est. reading time\" \/>\n\t<meta name=\"twitter:data2\" content=\"6 minutes\" \/>\n<script type=\"application\/ld+json\" class=\"yoast-schema-graph\">{\"@context\":\"https:\/\/schema.org\",\"@graph\":[{\"@type\":\"Article\",\"@id\":\"https:\/\/www.tourdepologne.pl\/en\/2024\/07\/81st-edition-of-the-tour-de-pologne-uci-world-tour-wroclaw-krakow\/#article\",\"isPartOf\":{\"@id\":\"https:\/\/www.tourdepologne.pl\/en\/2024\/07\/81st-edition-of-the-tour-de-pologne-uci-world-tour-wroclaw-krakow\/\"},\"author\":{\"name\":\"Press\",\"@id\":\"https:\/\/www.tourdepologne.pl\/#\/schema\/person\/f4fe67774ed888efd15b2ce6e2c8ba8e\"},\"headline\":\"81st Edition of the Tour de Pologne UCI World Tour: Wroc\u0142aw \u2013 Krak\u00f3w\",\"datePublished\":\"2024-07-17T10:41:32+00:00\",\"dateModified\":\"2024-07-18T14:19:46+00:00\",\"mainEntityOfPage\":{\"@id\":\"https:\/\/www.tourdepologne.pl\/en\/2024\/07\/81st-edition-of-the-tour-de-pologne-uci-world-tour-wroclaw-krakow\/\"},\"wordCount\":852,\"publisher\":{\"@id\":\"https:\/\/www.tourdepologne.pl\/#organization\"},\"image\":{\"@id\":\"https:\/\/www.tourdepologne.pl\/en\/2024\/07\/81st-edition-of-the-tour-de-pologne-uci-world-tour-wroclaw-krakow\/#primaryimage\"},\"thumbnailUrl\":\"https:\/\/www.tourdepologne.pl\/wp-content\/uploads\/2024\/07\/TdP-2023-Etap-7-fot.SzymonGruchalski-31.jpg\",\"articleSection\":[\"News en\"],\"inLanguage\":\"en-US\"},{\"@type\":\"WebPage\",\"@id\":\"https:\/\/www.tourdepologne.pl\/en\/2024\/07\/81st-edition-of-the-tour-de-pologne-uci-world-tour-wroclaw-krakow\/\",\"url\":\"https:\/\/www.tourdepologne.pl\/en\/2024\/07\/81st-edition-of-the-tour-de-pologne-uci-world-tour-wroclaw-krakow\/\",\"name\":\"81st Edition of the Tour de Pologne UCI World Tour: Wroc\u0142aw \u2013 Krak\u00f3w - Tour de Pologne\",\"isPartOf\":{\"@id\":\"https:\/\/www.tourdepologne.pl\/#website\"},\"primaryImageOfPage\":{\"@id\":\"https:\/\/www.tourdepologne.pl\/en\/2024\/07\/81st-edition-of-the-tour-de-pologne-uci-world-tour-wroclaw-krakow\/#primaryimage\"},\"image\":{\"@id\":\"https:\/\/www.tourdepologne.pl\/en\/2024\/07\/81st-edition-of-the-tour-de-pologne-uci-world-tour-wroclaw-krakow\/#primaryimage\"},\"thumbnailUrl\":\"https:\/\/www.tourdepologne.pl\/wp-content\/uploads\/2024\/07\/TdP-2023-Etap-7-fot.SzymonGruchalski-31.jpg\",\"datePublished\":\"2024-07-17T10:41:32+00:00\",\"dateModified\":\"2024-07-18T14:19:46+00:00\",\"breadcrumb\":{\"@id\":\"https:\/\/www.tourdepologne.pl\/en\/2024\/07\/81st-edition-of-the-tour-de-pologne-uci-world-tour-wroclaw-krakow\/#breadcrumb\"},\"inLanguage\":\"en-US\",\"potentialAction\":[{\"@type\":\"ReadAction\",\"target\":[\"https:\/\/www.tourdepologne.pl\/en\/2024\/07\/81st-edition-of-the-tour-de-pologne-uci-world-tour-wroclaw-krakow\/\"]}]},{\"@type\":\"ImageObject\",\"inLanguage\":\"en-US\",\"@id\":\"https:\/\/www.tourdepologne.pl\/en\/2024\/07\/81st-edition-of-the-tour-de-pologne-uci-world-tour-wroclaw-krakow\/#primaryimage\",\"url\":\"https:\/\/www.tourdepologne.pl\/wp-content\/uploads\/2024\/07\/TdP-2023-Etap-7-fot.SzymonGruchalski-31.jpg\",\"contentUrl\":\"https:\/\/www.tourdepologne.pl\/wp-content\/uploads\/2024\/07\/TdP-2023-Etap-7-fot.SzymonGruchalski-31.jpg\",\"width\":1280,\"height\":853},{\"@type\":\"BreadcrumbList\",\"@id\":\"https:\/\/www.tourdepologne.pl\/en\/2024\/07\/81st-edition-of-the-tour-de-pologne-uci-world-tour-wroclaw-krakow\/#breadcrumb\",\"itemListElement\":[{\"@type\":\"ListItem\",\"position\":1,\"name\":\"Strona g\u0142\u00f3wna\",\"item\":\"https:\/\/www.tourdepologne.pl\/en\/\"},{\"@type\":\"ListItem\",\"position\":2,\"name\":\"81st Edition of the Tour de Pologne UCI World Tour: Wroc\u0142aw \u2013 Krak\u00f3w\"}]},{\"@type\":\"WebSite\",\"@id\":\"https:\/\/www.tourdepologne.pl\/#website\",\"url\":\"https:\/\/www.tourdepologne.pl\/\",\"name\":\"Tour de Pologne\",\"description\":\"\",\"publisher\":{\"@id\":\"https:\/\/www.tourdepologne.pl\/#organization\"},\"potentialAction\":[{\"@type\":\"SearchAction\",\"target\":{\"@type\":\"EntryPoint\",\"urlTemplate\":\"https:\/\/www.tourdepologne.pl\/?s={search_term_string}\"},\"query-input\":{\"@type\":\"PropertyValueSpecification\",\"valueRequired\":true,\"valueName\":\"search_term_string\"}}],\"inLanguage\":\"en-US\"},{\"@type\":\"Organization\",\"@id\":\"https:\/\/www.tourdepologne.pl\/#organization\",\"name\":\"Wy\u015bcig kolarski Tour de Pologne\",\"url\":\"https:\/\/www.tourdepologne.pl\/\",\"logo\":{\"@type\":\"ImageObject\",\"inLanguage\":\"en-US\",\"@id\":\"https:\/\/www.tourdepologne.pl\/#\/schema\/logo\/image\/\",\"url\":\"https:\/\/www.tourdepologne.pl\/wp-content\/uploads\/2019\/06\/logo-tdp.png\",\"contentUrl\":\"https:\/\/www.tourdepologne.pl\/wp-content\/uploads\/2019\/06\/logo-tdp.png\",\"width\":450,\"height\":52,\"caption\":\"Wy\u015bcig kolarski Tour de Pologne\"},\"image\":{\"@id\":\"https:\/\/www.tourdepologne.pl\/#\/schema\/logo\/image\/\"},\"sameAs\":[\"https:\/\/www.facebook.com\/tourdepologne\",\"https:\/\/x.com\/tour_de_pologne\",\"https:\/\/www.instagram.com\/tourdepologne\/\",\"https:\/\/www.youtube.com\/@TourdePologne2011\"]},{\"@type\":\"Person\",\"@id\":\"https:\/\/www.tourdepologne.pl\/#\/schema\/person\/f4fe67774ed888efd15b2ce6e2c8ba8e\",\"name\":\"Press\",\"image\":{\"@type\":\"ImageObject\",\"inLanguage\":\"en-US\",\"@id\":\"https:\/\/secure.gravatar.com\/avatar\/df62f2f515b6857a7626e7d733ea81e452163a8e46d8c1787c083c5dd0ee42df?s=96&d=mm&r=g\",\"url\":\"https:\/\/secure.gravatar.com\/avatar\/df62f2f515b6857a7626e7d733ea81e452163a8e46d8c1787c083c5dd0ee42df?s=96&d=mm&r=g\",\"contentUrl\":\"https:\/\/secure.gravatar.com\/avatar\/df62f2f515b6857a7626e7d733ea81e452163a8e46d8c1787c083c5dd0ee42df?s=96&d=mm&r=g\",\"caption\":\"Press\"},\"url\":\"https:\/\/www.tourdepologne.pl\/en\/author\/press\/\"}]}<\/script>\n<!-- \/ Yoast SEO plugin. -->","yoast_head_json":{"title":"81st Edition of the Tour de Pologne UCI World Tour: Wroc\u0142aw \u2013 Krak\u00f3w - Tour de Pologne","robots":{"index":"index","follow":"follow","max-snippet":"max-snippet:-1","max-image-preview":"max-image-preview:large","max-video-preview":"max-video-preview:-1"},"canonical":"https:\/\/www.tourdepologne.pl\/en\/2024\/07\/81st-edition-of-the-tour-de-pologne-uci-world-tour-wroclaw-krakow\/","og_locale":"en_US","og_type":"article","og_title":"81st Edition of the Tour de Pologne UCI World Tour: Wroc\u0142aw \u2013 Krak\u00f3w - Tour de Pologne","og_description":"On Wednesday, July 17, TVP Sport unveiled the route for the 81st edition of the Tour de Pologne UCI World &hellip;","og_url":"https:\/\/www.tourdepologne.pl\/en\/2024\/07\/81st-edition-of-the-tour-de-pologne-uci-world-tour-wroclaw-krakow\/","og_site_name":"Tour de Pologne","article_publisher":"https:\/\/www.facebook.com\/tourdepologne","article_published_time":"2024-07-17T10:41:32+00:00","article_modified_time":"2024-07-18T14:19:46+00:00","og_image":[{"width":1280,"height":853,"url":"https:\/\/www.tourdepologne.pl\/wp-content\/uploads\/2024\/07\/TdP-2023-Etap-7-fot.SzymonGruchalski-31.jpg","type":"image\/jpeg"}],"author":"Press","twitter_card":"summary_large_image","twitter_creator":"@tour_de_pologne","twitter_site":"@tour_de_pologne","twitter_misc":{"Written by":"Press","Est. reading time":"6 minutes"},"schema":{"@context":"https:\/\/schema.org","@graph":[{"@type":"Article","@id":"https:\/\/www.tourdepologne.pl\/en\/2024\/07\/81st-edition-of-the-tour-de-pologne-uci-world-tour-wroclaw-krakow\/#article","isPartOf":{"@id":"https:\/\/www.tourdepologne.pl\/en\/2024\/07\/81st-edition-of-the-tour-de-pologne-uci-world-tour-wroclaw-krakow\/"},"author":{"name":"Press","@id":"https:\/\/www.tourdepologne.pl\/#\/schema\/person\/f4fe67774ed888efd15b2ce6e2c8ba8e"},"headline":"81st Edition of the Tour de Pologne UCI World Tour: Wroc\u0142aw \u2013 Krak\u00f3w","datePublished":"2024-07-17T10:41:32+00:00","dateModified":"2024-07-18T14:19:46+00:00","mainEntityOfPage":{"@id":"https:\/\/www.tourdepologne.pl\/en\/2024\/07\/81st-edition-of-the-tour-de-pologne-uci-world-tour-wroclaw-krakow\/"},"wordCount":852,"publisher":{"@id":"https:\/\/www.tourdepologne.pl\/#organization"},"image":{"@id":"https:\/\/www.tourdepologne.pl\/en\/2024\/07\/81st-edition-of-the-tour-de-pologne-uci-world-tour-wroclaw-krakow\/#primaryimage"},"thumbnailUrl":"https:\/\/www.tourdepologne.pl\/wp-content\/uploads\/2024\/07\/TdP-2023-Etap-7-fot.SzymonGruchalski-31.jpg","articleSection":["News en"],"inLanguage":"en-US"},{"@type":"WebPage","@id":"https:\/\/www.tourdepologne.pl\/en\/2024\/07\/81st-edition-of-the-tour-de-pologne-uci-world-tour-wroclaw-krakow\/","url":"https:\/\/www.tourdepologne.pl\/en\/2024\/07\/81st-edition-of-the-tour-de-pologne-uci-world-tour-wroclaw-krakow\/","name":"81st Edition of the Tour de Pologne UCI World Tour: Wroc\u0142aw \u2013 Krak\u00f3w - Tour de Pologne","isPartOf":{"@id":"https:\/\/www.tourdepologne.pl\/#website"},"primaryImageOfPage":{"@id":"https:\/\/www.tourdepologne.pl\/en\/2024\/07\/81st-edition-of-the-tour-de-pologne-uci-world-tour-wroclaw-krakow\/#primaryimage"},"image":{"@id":"https:\/\/www.tourdepologne.pl\/en\/2024\/07\/81st-edition-of-the-tour-de-pologne-uci-world-tour-wroclaw-krakow\/#primaryimage"},"thumbnailUrl":"https:\/\/www.tourdepologne.pl\/wp-content\/uploads\/2024\/07\/TdP-2023-Etap-7-fot.SzymonGruchalski-31.jpg","datePublished":"2024-07-17T10:41:32+00:00","dateModified":"2024-07-18T14:19:46+00:00","breadcrumb":{"@id":"https:\/\/www.tourdepologne.pl\/en\/2024\/07\/81st-edition-of-the-tour-de-pologne-uci-world-tour-wroclaw-krakow\/#breadcrumb"},"inLanguage":"en-US","potentialAction":[{"@type":"ReadAction","target":["https:\/\/www.tourdepologne.pl\/en\/2024\/07\/81st-edition-of-the-tour-de-pologne-uci-world-tour-wroclaw-krakow\/"]}]},{"@type":"ImageObject","inLanguage":"en-US","@id":"https:\/\/www.tourdepologne.pl\/en\/2024\/07\/81st-edition-of-the-tour-de-pologne-uci-world-tour-wroclaw-krakow\/#primaryimage","url":"https:\/\/www.tourdepologne.pl\/wp-content\/uploads\/2024\/07\/TdP-2023-Etap-7-fot.SzymonGruchalski-31.jpg","contentUrl":"https:\/\/www.tourdepologne.pl\/wp-content\/uploads\/2024\/07\/TdP-2023-Etap-7-fot.SzymonGruchalski-31.jpg","width":1280,"height":853},{"@type":"BreadcrumbList","@id":"https:\/\/www.tourdepologne.pl\/en\/2024\/07\/81st-edition-of-the-tour-de-pologne-uci-world-tour-wroclaw-krakow\/#breadcrumb","itemListElement":[{"@type":"ListItem","position":1,"name":"Strona g\u0142\u00f3wna","item":"https:\/\/www.tourdepologne.pl\/en\/"},{"@type":"ListItem","position":2,"name":"81st Edition of the Tour de Pologne UCI World Tour: Wroc\u0142aw \u2013 Krak\u00f3w"}]},{"@type":"WebSite","@id":"https:\/\/www.tourdepologne.pl\/#website","url":"https:\/\/www.tourdepologne.pl\/","name":"Tour de Pologne","description":"","publisher":{"@id":"https:\/\/www.tourdepologne.pl\/#organization"},"potentialAction":[{"@type":"SearchAction","target":{"@type":"EntryPoint","urlTemplate":"https:\/\/www.tourdepologne.pl\/?s={search_term_string}"},"query-input":{"@type":"PropertyValueSpecification","valueRequired":true,"valueName":"search_term_string"}}],"inLanguage":"en-US"},{"@type":"Organization","@id":"https:\/\/www.tourdepologne.pl\/#organization","name":"Wy\u015bcig kolarski Tour de Pologne","url":"https:\/\/www.tourdepologne.pl\/","logo":{"@type":"ImageObject","inLanguage":"en-US","@id":"https:\/\/www.tourdepologne.pl\/#\/schema\/logo\/image\/","url":"https:\/\/www.tourdepologne.pl\/wp-content\/uploads\/2019\/06\/logo-tdp.png","contentUrl":"https:\/\/www.tourdepologne.pl\/wp-content\/uploads\/2019\/06\/logo-tdp.png","width":450,"height":52,"caption":"Wy\u015bcig kolarski Tour de Pologne"},"image":{"@id":"https:\/\/www.tourdepologne.pl\/#\/schema\/logo\/image\/"},"sameAs":["https:\/\/www.facebook.com\/tourdepologne","https:\/\/x.com\/tour_de_pologne","https:\/\/www.instagram.com\/tourdepologne\/","https:\/\/www.youtube.com\/@TourdePologne2011"]},{"@type":"Person","@id":"https:\/\/www.tourdepologne.pl\/#\/schema\/person\/f4fe67774ed888efd15b2ce6e2c8ba8e","name":"Press","image":{"@type":"ImageObject","inLanguage":"en-US","@id":"https:\/\/secure.gravatar.com\/avatar\/df62f2f515b6857a7626e7d733ea81e452163a8e46d8c1787c083c5dd0ee42df?s=96&d=mm&r=g","url":"https:\/\/secure.gravatar.com\/avatar\/df62f2f515b6857a7626e7d733ea81e452163a8e46d8c1787c083c5dd0ee42df?s=96&d=mm&r=g","contentUrl":"https:\/\/secure.gravatar.com\/avatar\/df62f2f515b6857a7626e7d733ea81e452163a8e46d8c1787c083c5dd0ee42df?s=96&d=mm&r=g","caption":"Press"},"url":"https:\/\/www.tourdepologne.pl\/en\/author\/press\/"}]}},"_links":{"self":[{"href":"https:\/\/www.tourdepologne.pl\/en\/wp-json\/wp\/v2\/posts\/35164","targetHints":{"allow":["GET"]}}],"collection":[{"href":"https:\/\/www.tourdepologne.pl\/en\/wp-json\/wp\/v2\/posts"}],"about":[{"href":"https:\/\/www.tourdepologne.pl\/en\/wp-json\/wp\/v2\/types\/post"}],"author":[{"embeddable":true,"href":"https:\/\/www.tourdepologne.pl\/en\/wp-json\/wp\/v2\/users\/6"}],"replies":[{"embeddable":true,"href":"https:\/\/www.tourdepologne.pl\/en\/wp-json\/wp\/v2\/comments?post=35164"}],"version-history":[{"count":4,"href":"https:\/\/www.tourdepologne.pl\/en\/wp-json\/wp\/v2\/posts\/35164\/revisions"}],"predecessor-version":[{"id":35302,"href":"https:\/\/www.tourdepologne.pl\/en\/wp-json\/wp\/v2\/posts\/35164\/revisions\/35302"}],"wp:featuredmedia":[{"embeddable":true,"href":"https:\/\/www.tourdepologne.pl\/en\/wp-json\/wp\/v2\/media\/35160"}],"wp:attachment":[{"href":"https:\/\/www.tourdepologne.pl\/en\/wp-json\/wp\/v2\/media?parent=35164"}],"wp:term":[{"taxonomy":"category","embeddable":true,"href":"https:\/\/www.tourdepologne.pl\/en\/wp-json\/wp\/v2\/categories?post=35164"},{"taxonomy":"post_tag","embeddable":true,"href":"https:\/\/www.tourdepologne.pl\/en\/wp-json\/wp\/v2\/tags?post=35164"}],"curies":[{"name":"wp","href":"https:\/\/api.w.org\/{rel}","templated":true}]}}