{"id":38351,"date":"2025-05-13T10:06:15","date_gmt":"2025-05-13T08:06:15","guid":{"rendered":"https:\/\/www.tourdepologne.pl\/?p=38351"},"modified":"2025-05-15T11:41:07","modified_gmt":"2025-05-15T09:41:07","slug":"rising-stars-to-battle-in-the-mountains-the-orlen-nations-grand-prix-ahead","status":"publish","type":"post","link":"https:\/\/www.tourdepologne.pl\/en\/2025\/05\/rising-stars-to-battle-in-the-mountains-the-orlen-nations-grand-prix-ahead\/","title":{"rendered":"Rising stars to battle in the mountains. The ORLEN Nations Grand Prix ahead"},"content":{"rendered":"<p><strong>The ORLEN Nations Grand Prix will start tomorrow<\/strong><strong>, the first round of the prestigious UCI Nations\u2019 Cup for cyclists under the age of 23. The roads of the Podkarpacie region will be the battleground for the best riders from 22 countries, including Poland. It will be a true feast for cycling fans!<\/strong><\/p>\n<p>The ORLEN Nations Grand Prix has become a permanent fixture in the international calendar and has earned a reputation as one of the most important events for young riders. This is where future champions are born. The start lists of all previous editions were full of outstanding talent and riders who triumphed on the race routes soon joined World Tour teams.<\/p>\n<p>The race is also a great opportunity for Polish cyclists \u2013 in addition to top national teams like Belgium, France, Denmark, Great Britain, and Slovenia, the competition will feature Poland\u2019s national team and riders from three local clubs. This year, those clubs are GKS Cartusia, KK Tarnovia, and Mostostal Pu\u0142awy.<\/p>\n<p><em>&#8220;The ORLEN Nations Grand Prix is more than just racing \u2013 it&#8217;s a chance for young riders to show themselves to the world, gain experience, and take the path to the World Tour. I\u2019m glad we can host top national teams in Poland and show them the beauty of the Podkarpacie region. The route this year will be demanding, but also spectacular, and the finish at Hotel Ar\u0142am\u00f3w always delivers a lot of excitement&#8221;<\/em> said Lang Team General Director, Czes\u0142aw Lang.<\/p>\n<p><strong>Climbs in Bieszczady Take Center Stage<\/strong><\/p>\n<p>The cycling celebration in Podkarpacie will begin on Wednesday, May 14 and will last for four days. Riders will face an extremely demanding mountainous route, promising great excitement. This year\u2019s ORLEN Nations Grand Prix will start in \u0141a\u0144cut, from where the riders will head via a mountain route to Jas\u0142o, climbing through Izdebki and B\u0142a\u017cowa, where a special sprint bonus will be placed. The city of Jas\u0142o will host a stage finish for the second year in a row.<\/p>\n<p>On the second day, the peloton will depart from Jaros\u0142aw and climb the rising roads into the Bieszczady Mountains. The stage will conclude with a tough sequence of ascents and a well-known finish at Hotel Ar\u0142am\u00f3w, where the final two stages will also end. The stages starting in Ustrzyki Dolne and Lesko will be cycling in its purest form \u2013 beautiful scenery, high-quality roads, and steep, difficult climbs. Riders will climb, among others, Gruszowa and Fredropol, where on the final day, they will fight for a special bonus. The third stage will also feature a bonus sprint in Lesko.<\/p>\n<p><strong><img loading=\"lazy\" decoding=\"async\" class=\"aligncenter wp-image-38349 size-full\" src=\"https:\/\/www.tourdepologne.pl\/wp-content\/uploads\/2025\/05\/D4A_5305.jpg\" alt=\"\" width=\"1280\" height=\"852\" srcset=\"https:\/\/www.tourdepologne.pl\/wp-content\/uploads\/2025\/05\/D4A_5305.jpg 1280w, https:\/\/www.tourdepologne.pl\/wp-content\/uploads\/2025\/05\/D4A_5305-300x200.jpg 300w, https:\/\/www.tourdepologne.pl\/wp-content\/uploads\/2025\/05\/D4A_5305-600x399.jpg 600w, https:\/\/www.tourdepologne.pl\/wp-content\/uploads\/2025\/05\/D4A_5305-150x100.jpg 150w, https:\/\/www.tourdepologne.pl\/wp-content\/uploads\/2025\/05\/D4A_5305-500x333.jpg 500w\" sizes=\"auto, (max-width: 1280px) 100vw, 1280px\" \/><\/strong><\/p>\n<p><strong>Future Stars Compete for the Valuable ORLEN White Jersey<\/strong><\/p>\n<p>The demanding and scenic course will challenge the most talented U23 riders. There are many contenders for the white jersey awarded to the winner of the general classification, sponsored by ORLEN, the Title Sponsor of the ORLEN Nations Grand Prix. Leading favorites include Belgium\u2019s Dockx, Denmark\u2019s Frydkjaer and Clemmensen, Germany\u2019s Jochum, France\u2019s Houcou, and Luxembourg\u2019s Kockelmann and Wallenborn, who performed brilliantly on last year\u2019s tough route. Polish riders, led by the talented Patryk Goszczurny and last year\u2019s 12th-place finisher Filip Gruszczy\u0144ski, also have a strong chance.<\/p>\n<p><em>\u201cI\u2019m very happy we have a partner like ORLEN, with whom we\u2019ve been organizing this race since 2019. Thanks to this cooperation, we\u2019ve been able to host an event that was previously missing not only in Poland but across Europe\u201d<\/em> said Czes\u0142aw Lang.<\/p>\n<p>The ORLEN Nations Grand Prix is not just a celebration of cycling but also of Poland. Thanks to highlights broadcast on TVP and Eurosport, the event will reach thousands of fans in the country and around the world.<\/p>\n<p><strong>ORLEN Nations Grand Prix 2025 Route:<\/strong><\/p>\n<ol>\n<li>Stage: 14.05.2025 \u0141A\u0143CUT \u2013 JAS\u0141O, 155.8 km<\/li>\n<li>Stage: 15.05.2025 JAROS\u0141AW \u2013 HOTEL AR\u0141AM\u00d3W, 143.3 km<\/li>\n<li>Stage: 16.05.2025 USTRZYKI DOLNE \u2013 HOTEL AR\u0141AM\u00d3W, 138.6 km<\/li>\n<li>Stage: 17.05.2025 LESKO, LESKO COUNTY \u2013 HOTEL AR\u0141AM\u00d3W, 146.9 km<\/li>\n<\/ol>\n","protected":false},"excerpt":{"rendered":"<p>The ORLEN Nations Grand Prix will start tomorrow, the first round of the prestigious UCI Nations\u2019 Cup for cyclists under &hellip; <\/p>\n","protected":false},"author":6,"featured_media":38348,"comment_status":"closed","ping_status":"closed","sticky":false,"template":"","format":"standard","meta":{"_acf_changed":false,"footnotes":""},"categories":[95],"tags":[],"class_list":["post-38351","post","type-post","status-publish","format-standard","has-post-thumbnail","hentry","category-news-en"],"acf":[],"yoast_head":"<!-- This site is optimized with the Yoast SEO plugin v27.2 - https:\/\/yoast.com\/product\/yoast-seo-wordpress\/ -->\n<title>Rising stars to battle in the mountains. The ORLEN Nations Grand Prix ahead - Tour de Pologne<\/title>\n<meta name=\"robots\" content=\"index, follow, max-snippet:-1, max-image-preview:large, max-video-preview:-1\" \/>\n<link rel=\"canonical\" href=\"https:\/\/www.tourdepologne.pl\/en\/2025\/05\/rising-stars-to-battle-in-the-mountains-the-orlen-nations-grand-prix-ahead\/\" \/>\n<meta property=\"og:locale\" content=\"en_US\" \/>\n<meta property=\"og:type\" content=\"article\" \/>\n<meta property=\"og:title\" content=\"Rising stars to battle in the mountains. The ORLEN Nations Grand Prix ahead - Tour de Pologne\" \/>\n<meta property=\"og:description\" content=\"The ORLEN Nations Grand Prix will start tomorrow, the first round of the prestigious UCI Nations\u2019 Cup for cyclists under &hellip;\" \/>\n<meta property=\"og:url\" content=\"https:\/\/www.tourdepologne.pl\/en\/2025\/05\/rising-stars-to-battle-in-the-mountains-the-orlen-nations-grand-prix-ahead\/\" \/>\n<meta property=\"og:site_name\" content=\"Tour de Pologne\" \/>\n<meta property=\"article:publisher\" content=\"https:\/\/www.facebook.com\/tourdepologne\" \/>\n<meta property=\"article:published_time\" content=\"2025-05-13T08:06:15+00:00\" \/>\n<meta property=\"article:modified_time\" content=\"2025-05-15T09:41:07+00:00\" \/>\n<meta property=\"og:image\" content=\"https:\/\/www.tourdepologne.pl\/wp-content\/uploads\/2025\/05\/D4A_5797.jpg\" \/>\n\t<meta property=\"og:image:width\" content=\"1280\" \/>\n\t<meta property=\"og:image:height\" content=\"852\" \/>\n\t<meta property=\"og:image:type\" content=\"image\/jpeg\" \/>\n<meta name=\"author\" content=\"Press\" \/>\n<meta name=\"twitter:card\" content=\"summary_large_image\" \/>\n<meta name=\"twitter:creator\" content=\"@tour_de_pologne\" \/>\n<meta name=\"twitter:site\" content=\"@tour_de_pologne\" \/>\n<meta name=\"twitter:label1\" content=\"Written by\" \/>\n\t<meta name=\"twitter:data1\" content=\"Press\" \/>\n\t<meta name=\"twitter:label2\" content=\"Est. reading time\" \/>\n\t<meta name=\"twitter:data2\" content=\"5 minutes\" \/>\n<script type=\"application\/ld+json\" class=\"yoast-schema-graph\">{\"@context\":\"https:\/\/schema.org\",\"@graph\":[{\"@type\":\"Article\",\"@id\":\"https:\/\/www.tourdepologne.pl\/en\/2025\/05\/rising-stars-to-battle-in-the-mountains-the-orlen-nations-grand-prix-ahead\/#article\",\"isPartOf\":{\"@id\":\"https:\/\/www.tourdepologne.pl\/en\/2025\/05\/rising-stars-to-battle-in-the-mountains-the-orlen-nations-grand-prix-ahead\/\"},\"author\":{\"name\":\"Press\",\"@id\":\"https:\/\/www.tourdepologne.pl\/#\/schema\/person\/f4fe67774ed888efd15b2ce6e2c8ba8e\"},\"headline\":\"Rising stars to battle in the mountains. The ORLEN Nations Grand Prix ahead\",\"datePublished\":\"2025-05-13T08:06:15+00:00\",\"dateModified\":\"2025-05-15T09:41:07+00:00\",\"mainEntityOfPage\":{\"@id\":\"https:\/\/www.tourdepologne.pl\/en\/2025\/05\/rising-stars-to-battle-in-the-mountains-the-orlen-nations-grand-prix-ahead\/\"},\"wordCount\":674,\"publisher\":{\"@id\":\"https:\/\/www.tourdepologne.pl\/#organization\"},\"image\":{\"@id\":\"https:\/\/www.tourdepologne.pl\/en\/2025\/05\/rising-stars-to-battle-in-the-mountains-the-orlen-nations-grand-prix-ahead\/#primaryimage\"},\"thumbnailUrl\":\"https:\/\/www.tourdepologne.pl\/wp-content\/uploads\/2025\/05\/D4A_5797.jpg\",\"articleSection\":[\"News en\"],\"inLanguage\":\"en-US\"},{\"@type\":\"WebPage\",\"@id\":\"https:\/\/www.tourdepologne.pl\/en\/2025\/05\/rising-stars-to-battle-in-the-mountains-the-orlen-nations-grand-prix-ahead\/\",\"url\":\"https:\/\/www.tourdepologne.pl\/en\/2025\/05\/rising-stars-to-battle-in-the-mountains-the-orlen-nations-grand-prix-ahead\/\",\"name\":\"Rising stars to battle in the mountains. The ORLEN Nations Grand Prix ahead - Tour de Pologne\",\"isPartOf\":{\"@id\":\"https:\/\/www.tourdepologne.pl\/#website\"},\"primaryImageOfPage\":{\"@id\":\"https:\/\/www.tourdepologne.pl\/en\/2025\/05\/rising-stars-to-battle-in-the-mountains-the-orlen-nations-grand-prix-ahead\/#primaryimage\"},\"image\":{\"@id\":\"https:\/\/www.tourdepologne.pl\/en\/2025\/05\/rising-stars-to-battle-in-the-mountains-the-orlen-nations-grand-prix-ahead\/#primaryimage\"},\"thumbnailUrl\":\"https:\/\/www.tourdepologne.pl\/wp-content\/uploads\/2025\/05\/D4A_5797.jpg\",\"datePublished\":\"2025-05-13T08:06:15+00:00\",\"dateModified\":\"2025-05-15T09:41:07+00:00\",\"breadcrumb\":{\"@id\":\"https:\/\/www.tourdepologne.pl\/en\/2025\/05\/rising-stars-to-battle-in-the-mountains-the-orlen-nations-grand-prix-ahead\/#breadcrumb\"},\"inLanguage\":\"en-US\",\"potentialAction\":[{\"@type\":\"ReadAction\",\"target\":[\"https:\/\/www.tourdepologne.pl\/en\/2025\/05\/rising-stars-to-battle-in-the-mountains-the-orlen-nations-grand-prix-ahead\/\"]}]},{\"@type\":\"ImageObject\",\"inLanguage\":\"en-US\",\"@id\":\"https:\/\/www.tourdepologne.pl\/en\/2025\/05\/rising-stars-to-battle-in-the-mountains-the-orlen-nations-grand-prix-ahead\/#primaryimage\",\"url\":\"https:\/\/www.tourdepologne.pl\/wp-content\/uploads\/2025\/05\/D4A_5797.jpg\",\"contentUrl\":\"https:\/\/www.tourdepologne.pl\/wp-content\/uploads\/2025\/05\/D4A_5797.jpg\",\"width\":1280,\"height\":852},{\"@type\":\"BreadcrumbList\",\"@id\":\"https:\/\/www.tourdepologne.pl\/en\/2025\/05\/rising-stars-to-battle-in-the-mountains-the-orlen-nations-grand-prix-ahead\/#breadcrumb\",\"itemListElement\":[{\"@type\":\"ListItem\",\"position\":1,\"name\":\"Strona g\u0142\u00f3wna\",\"item\":\"https:\/\/www.tourdepologne.pl\/en\/\"},{\"@type\":\"ListItem\",\"position\":2,\"name\":\"Rising stars to battle in the mountains. The ORLEN Nations Grand Prix ahead\"}]},{\"@type\":\"WebSite\",\"@id\":\"https:\/\/www.tourdepologne.pl\/#website\",\"url\":\"https:\/\/www.tourdepologne.pl\/\",\"name\":\"Tour de Pologne\",\"description\":\"\",\"publisher\":{\"@id\":\"https:\/\/www.tourdepologne.pl\/#organization\"},\"potentialAction\":[{\"@type\":\"SearchAction\",\"target\":{\"@type\":\"EntryPoint\",\"urlTemplate\":\"https:\/\/www.tourdepologne.pl\/?s={search_term_string}\"},\"query-input\":{\"@type\":\"PropertyValueSpecification\",\"valueRequired\":true,\"valueName\":\"search_term_string\"}}],\"inLanguage\":\"en-US\"},{\"@type\":\"Organization\",\"@id\":\"https:\/\/www.tourdepologne.pl\/#organization\",\"name\":\"Wy\u015bcig kolarski Tour de Pologne\",\"url\":\"https:\/\/www.tourdepologne.pl\/\",\"logo\":{\"@type\":\"ImageObject\",\"inLanguage\":\"en-US\",\"@id\":\"https:\/\/www.tourdepologne.pl\/#\/schema\/logo\/image\/\",\"url\":\"https:\/\/www.tourdepologne.pl\/wp-content\/uploads\/2019\/06\/logo-tdp.png\",\"contentUrl\":\"https:\/\/www.tourdepologne.pl\/wp-content\/uploads\/2019\/06\/logo-tdp.png\",\"width\":450,\"height\":52,\"caption\":\"Wy\u015bcig kolarski Tour de Pologne\"},\"image\":{\"@id\":\"https:\/\/www.tourdepologne.pl\/#\/schema\/logo\/image\/\"},\"sameAs\":[\"https:\/\/www.facebook.com\/tourdepologne\",\"https:\/\/x.com\/tour_de_pologne\",\"https:\/\/www.instagram.com\/tourdepologne\/\",\"https:\/\/www.youtube.com\/@TourdePologne2011\"]},{\"@type\":\"Person\",\"@id\":\"https:\/\/www.tourdepologne.pl\/#\/schema\/person\/f4fe67774ed888efd15b2ce6e2c8ba8e\",\"name\":\"Press\",\"image\":{\"@type\":\"ImageObject\",\"inLanguage\":\"en-US\",\"@id\":\"https:\/\/secure.gravatar.com\/avatar\/df62f2f515b6857a7626e7d733ea81e452163a8e46d8c1787c083c5dd0ee42df?s=96&d=mm&r=g\",\"url\":\"https:\/\/secure.gravatar.com\/avatar\/df62f2f515b6857a7626e7d733ea81e452163a8e46d8c1787c083c5dd0ee42df?s=96&d=mm&r=g\",\"contentUrl\":\"https:\/\/secure.gravatar.com\/avatar\/df62f2f515b6857a7626e7d733ea81e452163a8e46d8c1787c083c5dd0ee42df?s=96&d=mm&r=g\",\"caption\":\"Press\"},\"url\":\"https:\/\/www.tourdepologne.pl\/en\/author\/press\/\"}]}<\/script>\n<!-- \/ Yoast SEO plugin. -->","yoast_head_json":{"title":"Rising stars to battle in the mountains. The ORLEN Nations Grand Prix ahead - Tour de Pologne","robots":{"index":"index","follow":"follow","max-snippet":"max-snippet:-1","max-image-preview":"max-image-preview:large","max-video-preview":"max-video-preview:-1"},"canonical":"https:\/\/www.tourdepologne.pl\/en\/2025\/05\/rising-stars-to-battle-in-the-mountains-the-orlen-nations-grand-prix-ahead\/","og_locale":"en_US","og_type":"article","og_title":"Rising stars to battle in the mountains. The ORLEN Nations Grand Prix ahead - Tour de Pologne","og_description":"The ORLEN Nations Grand Prix will start tomorrow, the first round of the prestigious UCI Nations\u2019 Cup for cyclists under &hellip;","og_url":"https:\/\/www.tourdepologne.pl\/en\/2025\/05\/rising-stars-to-battle-in-the-mountains-the-orlen-nations-grand-prix-ahead\/","og_site_name":"Tour de Pologne","article_publisher":"https:\/\/www.facebook.com\/tourdepologne","article_published_time":"2025-05-13T08:06:15+00:00","article_modified_time":"2025-05-15T09:41:07+00:00","og_image":[{"width":1280,"height":852,"url":"https:\/\/www.tourdepologne.pl\/wp-content\/uploads\/2025\/05\/D4A_5797.jpg","type":"image\/jpeg"}],"author":"Press","twitter_card":"summary_large_image","twitter_creator":"@tour_de_pologne","twitter_site":"@tour_de_pologne","twitter_misc":{"Written by":"Press","Est. reading time":"5 minutes"},"schema":{"@context":"https:\/\/schema.org","@graph":[{"@type":"Article","@id":"https:\/\/www.tourdepologne.pl\/en\/2025\/05\/rising-stars-to-battle-in-the-mountains-the-orlen-nations-grand-prix-ahead\/#article","isPartOf":{"@id":"https:\/\/www.tourdepologne.pl\/en\/2025\/05\/rising-stars-to-battle-in-the-mountains-the-orlen-nations-grand-prix-ahead\/"},"author":{"name":"Press","@id":"https:\/\/www.tourdepologne.pl\/#\/schema\/person\/f4fe67774ed888efd15b2ce6e2c8ba8e"},"headline":"Rising stars to battle in the mountains. The ORLEN Nations Grand Prix ahead","datePublished":"2025-05-13T08:06:15+00:00","dateModified":"2025-05-15T09:41:07+00:00","mainEntityOfPage":{"@id":"https:\/\/www.tourdepologne.pl\/en\/2025\/05\/rising-stars-to-battle-in-the-mountains-the-orlen-nations-grand-prix-ahead\/"},"wordCount":674,"publisher":{"@id":"https:\/\/www.tourdepologne.pl\/#organization"},"image":{"@id":"https:\/\/www.tourdepologne.pl\/en\/2025\/05\/rising-stars-to-battle-in-the-mountains-the-orlen-nations-grand-prix-ahead\/#primaryimage"},"thumbnailUrl":"https:\/\/www.tourdepologne.pl\/wp-content\/uploads\/2025\/05\/D4A_5797.jpg","articleSection":["News en"],"inLanguage":"en-US"},{"@type":"WebPage","@id":"https:\/\/www.tourdepologne.pl\/en\/2025\/05\/rising-stars-to-battle-in-the-mountains-the-orlen-nations-grand-prix-ahead\/","url":"https:\/\/www.tourdepologne.pl\/en\/2025\/05\/rising-stars-to-battle-in-the-mountains-the-orlen-nations-grand-prix-ahead\/","name":"Rising stars to battle in the mountains. The ORLEN Nations Grand Prix ahead - Tour de Pologne","isPartOf":{"@id":"https:\/\/www.tourdepologne.pl\/#website"},"primaryImageOfPage":{"@id":"https:\/\/www.tourdepologne.pl\/en\/2025\/05\/rising-stars-to-battle-in-the-mountains-the-orlen-nations-grand-prix-ahead\/#primaryimage"},"image":{"@id":"https:\/\/www.tourdepologne.pl\/en\/2025\/05\/rising-stars-to-battle-in-the-mountains-the-orlen-nations-grand-prix-ahead\/#primaryimage"},"thumbnailUrl":"https:\/\/www.tourdepologne.pl\/wp-content\/uploads\/2025\/05\/D4A_5797.jpg","datePublished":"2025-05-13T08:06:15+00:00","dateModified":"2025-05-15T09:41:07+00:00","breadcrumb":{"@id":"https:\/\/www.tourdepologne.pl\/en\/2025\/05\/rising-stars-to-battle-in-the-mountains-the-orlen-nations-grand-prix-ahead\/#breadcrumb"},"inLanguage":"en-US","potentialAction":[{"@type":"ReadAction","target":["https:\/\/www.tourdepologne.pl\/en\/2025\/05\/rising-stars-to-battle-in-the-mountains-the-orlen-nations-grand-prix-ahead\/"]}]},{"@type":"ImageObject","inLanguage":"en-US","@id":"https:\/\/www.tourdepologne.pl\/en\/2025\/05\/rising-stars-to-battle-in-the-mountains-the-orlen-nations-grand-prix-ahead\/#primaryimage","url":"https:\/\/www.tourdepologne.pl\/wp-content\/uploads\/2025\/05\/D4A_5797.jpg","contentUrl":"https:\/\/www.tourdepologne.pl\/wp-content\/uploads\/2025\/05\/D4A_5797.jpg","width":1280,"height":852},{"@type":"BreadcrumbList","@id":"https:\/\/www.tourdepologne.pl\/en\/2025\/05\/rising-stars-to-battle-in-the-mountains-the-orlen-nations-grand-prix-ahead\/#breadcrumb","itemListElement":[{"@type":"ListItem","position":1,"name":"Strona g\u0142\u00f3wna","item":"https:\/\/www.tourdepologne.pl\/en\/"},{"@type":"ListItem","position":2,"name":"Rising stars to battle in the mountains. The ORLEN Nations Grand Prix ahead"}]},{"@type":"WebSite","@id":"https:\/\/www.tourdepologne.pl\/#website","url":"https:\/\/www.tourdepologne.pl\/","name":"Tour de Pologne","description":"","publisher":{"@id":"https:\/\/www.tourdepologne.pl\/#organization"},"potentialAction":[{"@type":"SearchAction","target":{"@type":"EntryPoint","urlTemplate":"https:\/\/www.tourdepologne.pl\/?s={search_term_string}"},"query-input":{"@type":"PropertyValueSpecification","valueRequired":true,"valueName":"search_term_string"}}],"inLanguage":"en-US"},{"@type":"Organization","@id":"https:\/\/www.tourdepologne.pl\/#organization","name":"Wy\u015bcig kolarski Tour de Pologne","url":"https:\/\/www.tourdepologne.pl\/","logo":{"@type":"ImageObject","inLanguage":"en-US","@id":"https:\/\/www.tourdepologne.pl\/#\/schema\/logo\/image\/","url":"https:\/\/www.tourdepologne.pl\/wp-content\/uploads\/2019\/06\/logo-tdp.png","contentUrl":"https:\/\/www.tourdepologne.pl\/wp-content\/uploads\/2019\/06\/logo-tdp.png","width":450,"height":52,"caption":"Wy\u015bcig kolarski Tour de Pologne"},"image":{"@id":"https:\/\/www.tourdepologne.pl\/#\/schema\/logo\/image\/"},"sameAs":["https:\/\/www.facebook.com\/tourdepologne","https:\/\/x.com\/tour_de_pologne","https:\/\/www.instagram.com\/tourdepologne\/","https:\/\/www.youtube.com\/@TourdePologne2011"]},{"@type":"Person","@id":"https:\/\/www.tourdepologne.pl\/#\/schema\/person\/f4fe67774ed888efd15b2ce6e2c8ba8e","name":"Press","image":{"@type":"ImageObject","inLanguage":"en-US","@id":"https:\/\/secure.gravatar.com\/avatar\/df62f2f515b6857a7626e7d733ea81e452163a8e46d8c1787c083c5dd0ee42df?s=96&d=mm&r=g","url":"https:\/\/secure.gravatar.com\/avatar\/df62f2f515b6857a7626e7d733ea81e452163a8e46d8c1787c083c5dd0ee42df?s=96&d=mm&r=g","contentUrl":"https:\/\/secure.gravatar.com\/avatar\/df62f2f515b6857a7626e7d733ea81e452163a8e46d8c1787c083c5dd0ee42df?s=96&d=mm&r=g","caption":"Press"},"url":"https:\/\/www.tourdepologne.pl\/en\/author\/press\/"}]}},"_links":{"self":[{"href":"https:\/\/www.tourdepologne.pl\/en\/wp-json\/wp\/v2\/posts\/38351","targetHints":{"allow":["GET"]}}],"collection":[{"href":"https:\/\/www.tourdepologne.pl\/en\/wp-json\/wp\/v2\/posts"}],"about":[{"href":"https:\/\/www.tourdepologne.pl\/en\/wp-json\/wp\/v2\/types\/post"}],"author":[{"embeddable":true,"href":"https:\/\/www.tourdepologne.pl\/en\/wp-json\/wp\/v2\/users\/6"}],"replies":[{"embeddable":true,"href":"https:\/\/www.tourdepologne.pl\/en\/wp-json\/wp\/v2\/comments?post=38351"}],"version-history":[{"count":1,"href":"https:\/\/www.tourdepologne.pl\/en\/wp-json\/wp\/v2\/posts\/38351\/revisions"}],"predecessor-version":[{"id":38352,"href":"https:\/\/www.tourdepologne.pl\/en\/wp-json\/wp\/v2\/posts\/38351\/revisions\/38352"}],"wp:featuredmedia":[{"embeddable":true,"href":"https:\/\/www.tourdepologne.pl\/en\/wp-json\/wp\/v2\/media\/38348"}],"wp:attachment":[{"href":"https:\/\/www.tourdepologne.pl\/en\/wp-json\/wp\/v2\/media?parent=38351"}],"wp:term":[{"taxonomy":"category","embeddable":true,"href":"https:\/\/www.tourdepologne.pl\/en\/wp-json\/wp\/v2\/categories?post=38351"},{"taxonomy":"post_tag","embeddable":true,"href":"https:\/\/www.tourdepologne.pl\/en\/wp-json\/wp\/v2\/tags?post=38351"}],"curies":[{"name":"wp","href":"https:\/\/api.w.org\/{rel}","templated":true}]}}