{"id":38630,"date":"2025-06-30T15:40:18","date_gmt":"2025-06-30T13:40:18","guid":{"rendered":"https:\/\/www.tourdepologne.pl\/?p=38630"},"modified":"2025-07-01T13:04:06","modified_gmt":"2025-07-01T11:04:06","slug":"hotel-golebiewski-karpacz-to-host-the-start-of-stage-two-of-the-82nd-tdp","status":"publish","type":"post","link":"https:\/\/www.tourdepologne.pl\/en\/2025\/06\/hotel-golebiewski-karpacz-to-host-the-start-of-stage-two-of-the-82nd-tdp\/","title":{"rendered":"Hotel Go\u0142\u0119biewski Karpacz to host the start of stage two of the 82nd TdP"},"content":{"rendered":"<p><strong>Located in the picturesque Karkonosze Mountains, Hotel Go\u0142\u0119biewski Karpacz will once again partner with the 82nd Tour de Pologne. The hotel will be the starting point for Stage Two of the race, which will take riders through the demanding local climbs and finish at the iconic Orlinek in Karpacz. \u2013 <\/strong><em><strong>It is a great honor for us and a sign of long-standing trust in our services,<\/strong><\/em><strong> says Dorota Lachowicz, Director of Hotel Go\u0142\u0119biewski in Karpacz.<\/strong><\/p>\n<p>The Tour de Pologne UCI WorldTour is a major international event that requires top-class infrastructure, including hotel facilities. The organizers rely on renowned venues like Hotel Go\u0142\u0119biewski Karpacz, which is once again a proud partner of the race. The hotel will also host the start of stage two on August 5. From there, riders will tackle the mountainous terrain of the Karkonosze region before finishing on the steep climb to Orlinek.<\/p>\n<p>During the 82nd edition of the race, Hotel Go\u0142\u0119biewski Karpacz will also accommodate riders and organizers, offering them a chance to rest and recharge in a scenic setting during a demanding race week.<\/p>\n<p>\u201e<em>This partnership is especially meaningful to us because we are part of an event that promotes sport, healthy living, and the beauty of Poland \u2013 values we strongly identify with. We are pleased to welcome both organizers and athletes, providing them with a comfortable space for recovery and preparation. Tour de Pologne is an inspiring event that we are proud to be associated with\u201d <\/em>adds Dorota Lachowicz.<\/p>\n<p>\u201e<em>Hotel Go\u0142\u0119biewski Karpacz has been our partner for several years. We have an excellent relationship, and we are happy that it continues. In previous years, the hotel also hosted the start of the ORLEN Tour de Pologne Amateurs, the Ryszard Szurkowski Memorial. It is certainly a venue we recommend to foreign teams and guests as an ideal location for training in the mountain\u201d,<\/em> says Czes\u0142aw Lang, General Director of the Tour de Pologne.<\/p>\n<p>The hotel, located in the heart of the Karkonosze Mountains, offers a wide range of services, including a large water park with slides, jacuzzis, sauna, a gym, and a saltwater graduation tower. Guests can also enjoy wellness treatments, a year-round toboggan run, a bowling alley, a games room, and a playground. The hotel\u2019s culinary offer is also extensive, and the surrounding region provides numerous opportunities for active outdoor leisure.<\/p>\n<p>From Hotel Go\u0142\u0119biewski, guests can enjoy a breathtaking view of \u015anie\u017cka \u2013 the highest peak in the Karkonosze Mountains. Numerous hiking and cycling trails are located nearby, making it a perfect destination for outdoor enthusiasts. This is also reflected in the Tour de Pologne itself, which frequently takes place in Lower Silesia, including Karpacz and its surroundings. Riders and organizers have had the pleasure of staying at Hotel Go\u0142\u0119biewski in Karpacz on multiple occasions.<\/p>\n<p><img loading=\"lazy\" decoding=\"async\" class=\"aligncenter wp-image-38627 size-full\" src=\"https:\/\/www.tourdepologne.pl\/wp-content\/uploads\/2025\/06\/Karpacz_fot.-Hotel-Golebiewski-8.jpg\" alt=\"\" width=\"1280\" height=\"853\" srcset=\"https:\/\/www.tourdepologne.pl\/wp-content\/uploads\/2025\/06\/Karpacz_fot.-Hotel-Golebiewski-8.jpg 1280w, https:\/\/www.tourdepologne.pl\/wp-content\/uploads\/2025\/06\/Karpacz_fot.-Hotel-Golebiewski-8-300x200.jpg 300w, https:\/\/www.tourdepologne.pl\/wp-content\/uploads\/2025\/06\/Karpacz_fot.-Hotel-Golebiewski-8-600x400.jpg 600w, https:\/\/www.tourdepologne.pl\/wp-content\/uploads\/2025\/06\/Karpacz_fot.-Hotel-Golebiewski-8-150x100.jpg 150w, https:\/\/www.tourdepologne.pl\/wp-content\/uploads\/2025\/06\/Karpacz_fot.-Hotel-Golebiewski-8-500x333.jpg 500w\" sizes=\"auto, (max-width: 1280px) 100vw, 1280px\" \/><\/p>\n<p>\u201e<em>Providing the logistical and operational support for such a large-scale event as the Tour de Pologne is undoubtedly a challenge \u2013 particularly this year, with the stage starting right at the hotel. However, we have experience, as the hotel has previously hosted the start of the Tour de Pologne Amateurs twice, with over 2,000 participants. As a hotel that regularly hosts major conferences and events, we have developed procedures and a team capable of managing demanding situations. This is part of our everyday work, but \u2013 as with every large event \u2013 we aim for perfection. Our top priority is ensuring comfort and full support for both athletes and organizers. Thanks to the experience, commitment, and flexibility of our staff, we can quickly respond to guests&#8217; needs and create an environment conducive to both relaxation and race preparation. It\u2019s an intense, yet very rewarding and exciting time due to the sporting nature of the event\u201d <\/em>explains Dorota Lachowicz.<\/p>\n<p>The partnership between the Tour de Pologne and Hotel Go\u0142\u0119biewski in Karpacz also plays a promotional and image-building role. As a UCI World Tour event, the Polish race is watched by millions of fans every year. This year, the broadcast will reach audiences in 65 countries.<\/p>\n<p>\u201e<em>Our partnership with the Tour de Pologne significantly strengthens our brand image \u2013 presenting us as a reliable, active, and engaged partner in large-scale national events. It\u2019s also an opportunity for us to reach new guests from Poland and abroad. As a result, Hotel Go\u0142\u0119biewski is perceived not only as a leisure destination but also as a venue suitable for hosting large-scale events, which positively impacts both our brand and business development\u201d<\/em> says Dorota Lachowicz.<\/p>\n<p>The 82nd Tour de Pologne will take place from August 4 to 10, with the Hotel Go\u0142\u0119biewski Karpacz\u2013Karpacz stage scheduled for August 5.<\/p>\n<p><img loading=\"lazy\" decoding=\"async\" class=\"aligncenter size-full wp-image-38628\" src=\"https:\/\/www.tourdepologne.pl\/wp-content\/uploads\/2025\/06\/TdP-2024-Szymon-Gruchalski-131-LR.jpg\" alt=\"\" width=\"1280\" height=\"853\" srcset=\"https:\/\/www.tourdepologne.pl\/wp-content\/uploads\/2025\/06\/TdP-2024-Szymon-Gruchalski-131-LR.jpg 1280w, https:\/\/www.tourdepologne.pl\/wp-content\/uploads\/2025\/06\/TdP-2024-Szymon-Gruchalski-131-LR-300x200.jpg 300w, https:\/\/www.tourdepologne.pl\/wp-content\/uploads\/2025\/06\/TdP-2024-Szymon-Gruchalski-131-LR-600x400.jpg 600w, https:\/\/www.tourdepologne.pl\/wp-content\/uploads\/2025\/06\/TdP-2024-Szymon-Gruchalski-131-LR-150x100.jpg 150w, https:\/\/www.tourdepologne.pl\/wp-content\/uploads\/2025\/06\/TdP-2024-Szymon-Gruchalski-131-LR-500x333.jpg 500w\" sizes=\"auto, (max-width: 1280px) 100vw, 1280px\" \/><\/p>\n","protected":false},"excerpt":{"rendered":"<p>Located in the picturesque Karkonosze Mountains, Hotel Go\u0142\u0119biewski Karpacz will once again partner with the 82nd Tour de Pologne. The &hellip; <\/p>\n","protected":false},"author":6,"featured_media":38626,"comment_status":"closed","ping_status":"closed","sticky":false,"template":"","format":"standard","meta":{"_acf_changed":false,"footnotes":""},"categories":[95],"tags":[],"class_list":["post-38630","post","type-post","status-publish","format-standard","has-post-thumbnail","hentry","category-news-en"],"acf":[],"yoast_head":"<!-- This site is optimized with the Yoast SEO plugin v27.2 - https:\/\/yoast.com\/product\/yoast-seo-wordpress\/ -->\n<title>Hotel Go\u0142\u0119biewski Karpacz to host the start of stage two of the 82nd TdP - Tour de Pologne<\/title>\n<meta name=\"robots\" content=\"index, follow, max-snippet:-1, max-image-preview:large, max-video-preview:-1\" \/>\n<link rel=\"canonical\" href=\"https:\/\/www.tourdepologne.pl\/en\/2025\/06\/hotel-golebiewski-karpacz-to-host-the-start-of-stage-two-of-the-82nd-tdp\/\" \/>\n<meta property=\"og:locale\" content=\"en_US\" \/>\n<meta property=\"og:type\" content=\"article\" \/>\n<meta property=\"og:title\" content=\"Hotel Go\u0142\u0119biewski Karpacz to host the start of stage two of the 82nd TdP - Tour de Pologne\" \/>\n<meta property=\"og:description\" content=\"Located in the picturesque Karkonosze Mountains, Hotel Go\u0142\u0119biewski Karpacz will once again partner with the 82nd Tour de Pologne. The &hellip;\" \/>\n<meta property=\"og:url\" content=\"https:\/\/www.tourdepologne.pl\/en\/2025\/06\/hotel-golebiewski-karpacz-to-host-the-start-of-stage-two-of-the-82nd-tdp\/\" \/>\n<meta property=\"og:site_name\" content=\"Tour de Pologne\" \/>\n<meta property=\"article:publisher\" content=\"https:\/\/www.facebook.com\/tourdepologne\" \/>\n<meta property=\"article:published_time\" content=\"2025-06-30T13:40:18+00:00\" \/>\n<meta property=\"article:modified_time\" content=\"2025-07-01T11:04:06+00:00\" \/>\n<meta property=\"og:image\" content=\"https:\/\/www.tourdepologne.pl\/wp-content\/uploads\/2025\/06\/Karpacz_fot.-Hotel-Golebiewski-1.jpg\" \/>\n\t<meta property=\"og:image:width\" content=\"1280\" \/>\n\t<meta property=\"og:image:height\" content=\"854\" \/>\n\t<meta property=\"og:image:type\" content=\"image\/jpeg\" \/>\n<meta name=\"author\" content=\"Press\" \/>\n<meta name=\"twitter:card\" content=\"summary_large_image\" \/>\n<meta name=\"twitter:creator\" content=\"@tour_de_pologne\" \/>\n<meta name=\"twitter:site\" content=\"@tour_de_pologne\" \/>\n<meta name=\"twitter:label1\" content=\"Written by\" \/>\n\t<meta name=\"twitter:data1\" content=\"Press\" \/>\n\t<meta name=\"twitter:label2\" content=\"Est. reading time\" \/>\n\t<meta name=\"twitter:data2\" content=\"6 minutes\" \/>\n<script type=\"application\/ld+json\" class=\"yoast-schema-graph\">{\"@context\":\"https:\/\/schema.org\",\"@graph\":[{\"@type\":\"Article\",\"@id\":\"https:\/\/www.tourdepologne.pl\/en\/2025\/06\/hotel-golebiewski-karpacz-to-host-the-start-of-stage-two-of-the-82nd-tdp\/#article\",\"isPartOf\":{\"@id\":\"https:\/\/www.tourdepologne.pl\/en\/2025\/06\/hotel-golebiewski-karpacz-to-host-the-start-of-stage-two-of-the-82nd-tdp\/\"},\"author\":{\"name\":\"Press\",\"@id\":\"https:\/\/www.tourdepologne.pl\/#\/schema\/person\/f4fe67774ed888efd15b2ce6e2c8ba8e\"},\"headline\":\"Hotel Go\u0142\u0119biewski Karpacz to host the start of stage two of the 82nd TdP\",\"datePublished\":\"2025-06-30T13:40:18+00:00\",\"dateModified\":\"2025-07-01T11:04:06+00:00\",\"mainEntityOfPage\":{\"@id\":\"https:\/\/www.tourdepologne.pl\/en\/2025\/06\/hotel-golebiewski-karpacz-to-host-the-start-of-stage-two-of-the-82nd-tdp\/\"},\"wordCount\":782,\"publisher\":{\"@id\":\"https:\/\/www.tourdepologne.pl\/#organization\"},\"image\":{\"@id\":\"https:\/\/www.tourdepologne.pl\/en\/2025\/06\/hotel-golebiewski-karpacz-to-host-the-start-of-stage-two-of-the-82nd-tdp\/#primaryimage\"},\"thumbnailUrl\":\"https:\/\/www.tourdepologne.pl\/wp-content\/uploads\/2025\/06\/Karpacz_fot.-Hotel-Golebiewski-1.jpg\",\"articleSection\":[\"News en\"],\"inLanguage\":\"en-US\"},{\"@type\":\"WebPage\",\"@id\":\"https:\/\/www.tourdepologne.pl\/en\/2025\/06\/hotel-golebiewski-karpacz-to-host-the-start-of-stage-two-of-the-82nd-tdp\/\",\"url\":\"https:\/\/www.tourdepologne.pl\/en\/2025\/06\/hotel-golebiewski-karpacz-to-host-the-start-of-stage-two-of-the-82nd-tdp\/\",\"name\":\"Hotel Go\u0142\u0119biewski Karpacz to host the start of stage two of the 82nd TdP - Tour de Pologne\",\"isPartOf\":{\"@id\":\"https:\/\/www.tourdepologne.pl\/#website\"},\"primaryImageOfPage\":{\"@id\":\"https:\/\/www.tourdepologne.pl\/en\/2025\/06\/hotel-golebiewski-karpacz-to-host-the-start-of-stage-two-of-the-82nd-tdp\/#primaryimage\"},\"image\":{\"@id\":\"https:\/\/www.tourdepologne.pl\/en\/2025\/06\/hotel-golebiewski-karpacz-to-host-the-start-of-stage-two-of-the-82nd-tdp\/#primaryimage\"},\"thumbnailUrl\":\"https:\/\/www.tourdepologne.pl\/wp-content\/uploads\/2025\/06\/Karpacz_fot.-Hotel-Golebiewski-1.jpg\",\"datePublished\":\"2025-06-30T13:40:18+00:00\",\"dateModified\":\"2025-07-01T11:04:06+00:00\",\"breadcrumb\":{\"@id\":\"https:\/\/www.tourdepologne.pl\/en\/2025\/06\/hotel-golebiewski-karpacz-to-host-the-start-of-stage-two-of-the-82nd-tdp\/#breadcrumb\"},\"inLanguage\":\"en-US\",\"potentialAction\":[{\"@type\":\"ReadAction\",\"target\":[\"https:\/\/www.tourdepologne.pl\/en\/2025\/06\/hotel-golebiewski-karpacz-to-host-the-start-of-stage-two-of-the-82nd-tdp\/\"]}]},{\"@type\":\"ImageObject\",\"inLanguage\":\"en-US\",\"@id\":\"https:\/\/www.tourdepologne.pl\/en\/2025\/06\/hotel-golebiewski-karpacz-to-host-the-start-of-stage-two-of-the-82nd-tdp\/#primaryimage\",\"url\":\"https:\/\/www.tourdepologne.pl\/wp-content\/uploads\/2025\/06\/Karpacz_fot.-Hotel-Golebiewski-1.jpg\",\"contentUrl\":\"https:\/\/www.tourdepologne.pl\/wp-content\/uploads\/2025\/06\/Karpacz_fot.-Hotel-Golebiewski-1.jpg\",\"width\":1280,\"height\":854},{\"@type\":\"BreadcrumbList\",\"@id\":\"https:\/\/www.tourdepologne.pl\/en\/2025\/06\/hotel-golebiewski-karpacz-to-host-the-start-of-stage-two-of-the-82nd-tdp\/#breadcrumb\",\"itemListElement\":[{\"@type\":\"ListItem\",\"position\":1,\"name\":\"Strona g\u0142\u00f3wna\",\"item\":\"https:\/\/www.tourdepologne.pl\/en\/\"},{\"@type\":\"ListItem\",\"position\":2,\"name\":\"Hotel Go\u0142\u0119biewski Karpacz to host the start of stage two of the 82nd TdP\"}]},{\"@type\":\"WebSite\",\"@id\":\"https:\/\/www.tourdepologne.pl\/#website\",\"url\":\"https:\/\/www.tourdepologne.pl\/\",\"name\":\"Tour de Pologne\",\"description\":\"\",\"publisher\":{\"@id\":\"https:\/\/www.tourdepologne.pl\/#organization\"},\"potentialAction\":[{\"@type\":\"SearchAction\",\"target\":{\"@type\":\"EntryPoint\",\"urlTemplate\":\"https:\/\/www.tourdepologne.pl\/?s={search_term_string}\"},\"query-input\":{\"@type\":\"PropertyValueSpecification\",\"valueRequired\":true,\"valueName\":\"search_term_string\"}}],\"inLanguage\":\"en-US\"},{\"@type\":\"Organization\",\"@id\":\"https:\/\/www.tourdepologne.pl\/#organization\",\"name\":\"Wy\u015bcig kolarski Tour de Pologne\",\"url\":\"https:\/\/www.tourdepologne.pl\/\",\"logo\":{\"@type\":\"ImageObject\",\"inLanguage\":\"en-US\",\"@id\":\"https:\/\/www.tourdepologne.pl\/#\/schema\/logo\/image\/\",\"url\":\"https:\/\/www.tourdepologne.pl\/wp-content\/uploads\/2019\/06\/logo-tdp.png\",\"contentUrl\":\"https:\/\/www.tourdepologne.pl\/wp-content\/uploads\/2019\/06\/logo-tdp.png\",\"width\":450,\"height\":52,\"caption\":\"Wy\u015bcig kolarski Tour de Pologne\"},\"image\":{\"@id\":\"https:\/\/www.tourdepologne.pl\/#\/schema\/logo\/image\/\"},\"sameAs\":[\"https:\/\/www.facebook.com\/tourdepologne\",\"https:\/\/x.com\/tour_de_pologne\",\"https:\/\/www.instagram.com\/tourdepologne\/\",\"https:\/\/www.youtube.com\/@TourdePologne2011\"]},{\"@type\":\"Person\",\"@id\":\"https:\/\/www.tourdepologne.pl\/#\/schema\/person\/f4fe67774ed888efd15b2ce6e2c8ba8e\",\"name\":\"Press\",\"image\":{\"@type\":\"ImageObject\",\"inLanguage\":\"en-US\",\"@id\":\"https:\/\/secure.gravatar.com\/avatar\/df62f2f515b6857a7626e7d733ea81e452163a8e46d8c1787c083c5dd0ee42df?s=96&d=mm&r=g\",\"url\":\"https:\/\/secure.gravatar.com\/avatar\/df62f2f515b6857a7626e7d733ea81e452163a8e46d8c1787c083c5dd0ee42df?s=96&d=mm&r=g\",\"contentUrl\":\"https:\/\/secure.gravatar.com\/avatar\/df62f2f515b6857a7626e7d733ea81e452163a8e46d8c1787c083c5dd0ee42df?s=96&d=mm&r=g\",\"caption\":\"Press\"},\"url\":\"https:\/\/www.tourdepologne.pl\/en\/author\/press\/\"}]}<\/script>\n<!-- \/ Yoast SEO plugin. -->","yoast_head_json":{"title":"Hotel Go\u0142\u0119biewski Karpacz to host the start of stage two of the 82nd TdP - Tour de Pologne","robots":{"index":"index","follow":"follow","max-snippet":"max-snippet:-1","max-image-preview":"max-image-preview:large","max-video-preview":"max-video-preview:-1"},"canonical":"https:\/\/www.tourdepologne.pl\/en\/2025\/06\/hotel-golebiewski-karpacz-to-host-the-start-of-stage-two-of-the-82nd-tdp\/","og_locale":"en_US","og_type":"article","og_title":"Hotel Go\u0142\u0119biewski Karpacz to host the start of stage two of the 82nd TdP - Tour de Pologne","og_description":"Located in the picturesque Karkonosze Mountains, Hotel Go\u0142\u0119biewski Karpacz will once again partner with the 82nd Tour de Pologne. The &hellip;","og_url":"https:\/\/www.tourdepologne.pl\/en\/2025\/06\/hotel-golebiewski-karpacz-to-host-the-start-of-stage-two-of-the-82nd-tdp\/","og_site_name":"Tour de Pologne","article_publisher":"https:\/\/www.facebook.com\/tourdepologne","article_published_time":"2025-06-30T13:40:18+00:00","article_modified_time":"2025-07-01T11:04:06+00:00","og_image":[{"width":1280,"height":854,"url":"https:\/\/www.tourdepologne.pl\/wp-content\/uploads\/2025\/06\/Karpacz_fot.-Hotel-Golebiewski-1.jpg","type":"image\/jpeg"}],"author":"Press","twitter_card":"summary_large_image","twitter_creator":"@tour_de_pologne","twitter_site":"@tour_de_pologne","twitter_misc":{"Written by":"Press","Est. reading time":"6 minutes"},"schema":{"@context":"https:\/\/schema.org","@graph":[{"@type":"Article","@id":"https:\/\/www.tourdepologne.pl\/en\/2025\/06\/hotel-golebiewski-karpacz-to-host-the-start-of-stage-two-of-the-82nd-tdp\/#article","isPartOf":{"@id":"https:\/\/www.tourdepologne.pl\/en\/2025\/06\/hotel-golebiewski-karpacz-to-host-the-start-of-stage-two-of-the-82nd-tdp\/"},"author":{"name":"Press","@id":"https:\/\/www.tourdepologne.pl\/#\/schema\/person\/f4fe67774ed888efd15b2ce6e2c8ba8e"},"headline":"Hotel Go\u0142\u0119biewski Karpacz to host the start of stage two of the 82nd TdP","datePublished":"2025-06-30T13:40:18+00:00","dateModified":"2025-07-01T11:04:06+00:00","mainEntityOfPage":{"@id":"https:\/\/www.tourdepologne.pl\/en\/2025\/06\/hotel-golebiewski-karpacz-to-host-the-start-of-stage-two-of-the-82nd-tdp\/"},"wordCount":782,"publisher":{"@id":"https:\/\/www.tourdepologne.pl\/#organization"},"image":{"@id":"https:\/\/www.tourdepologne.pl\/en\/2025\/06\/hotel-golebiewski-karpacz-to-host-the-start-of-stage-two-of-the-82nd-tdp\/#primaryimage"},"thumbnailUrl":"https:\/\/www.tourdepologne.pl\/wp-content\/uploads\/2025\/06\/Karpacz_fot.-Hotel-Golebiewski-1.jpg","articleSection":["News en"],"inLanguage":"en-US"},{"@type":"WebPage","@id":"https:\/\/www.tourdepologne.pl\/en\/2025\/06\/hotel-golebiewski-karpacz-to-host-the-start-of-stage-two-of-the-82nd-tdp\/","url":"https:\/\/www.tourdepologne.pl\/en\/2025\/06\/hotel-golebiewski-karpacz-to-host-the-start-of-stage-two-of-the-82nd-tdp\/","name":"Hotel Go\u0142\u0119biewski Karpacz to host the start of stage two of the 82nd TdP - Tour de Pologne","isPartOf":{"@id":"https:\/\/www.tourdepologne.pl\/#website"},"primaryImageOfPage":{"@id":"https:\/\/www.tourdepologne.pl\/en\/2025\/06\/hotel-golebiewski-karpacz-to-host-the-start-of-stage-two-of-the-82nd-tdp\/#primaryimage"},"image":{"@id":"https:\/\/www.tourdepologne.pl\/en\/2025\/06\/hotel-golebiewski-karpacz-to-host-the-start-of-stage-two-of-the-82nd-tdp\/#primaryimage"},"thumbnailUrl":"https:\/\/www.tourdepologne.pl\/wp-content\/uploads\/2025\/06\/Karpacz_fot.-Hotel-Golebiewski-1.jpg","datePublished":"2025-06-30T13:40:18+00:00","dateModified":"2025-07-01T11:04:06+00:00","breadcrumb":{"@id":"https:\/\/www.tourdepologne.pl\/en\/2025\/06\/hotel-golebiewski-karpacz-to-host-the-start-of-stage-two-of-the-82nd-tdp\/#breadcrumb"},"inLanguage":"en-US","potentialAction":[{"@type":"ReadAction","target":["https:\/\/www.tourdepologne.pl\/en\/2025\/06\/hotel-golebiewski-karpacz-to-host-the-start-of-stage-two-of-the-82nd-tdp\/"]}]},{"@type":"ImageObject","inLanguage":"en-US","@id":"https:\/\/www.tourdepologne.pl\/en\/2025\/06\/hotel-golebiewski-karpacz-to-host-the-start-of-stage-two-of-the-82nd-tdp\/#primaryimage","url":"https:\/\/www.tourdepologne.pl\/wp-content\/uploads\/2025\/06\/Karpacz_fot.-Hotel-Golebiewski-1.jpg","contentUrl":"https:\/\/www.tourdepologne.pl\/wp-content\/uploads\/2025\/06\/Karpacz_fot.-Hotel-Golebiewski-1.jpg","width":1280,"height":854},{"@type":"BreadcrumbList","@id":"https:\/\/www.tourdepologne.pl\/en\/2025\/06\/hotel-golebiewski-karpacz-to-host-the-start-of-stage-two-of-the-82nd-tdp\/#breadcrumb","itemListElement":[{"@type":"ListItem","position":1,"name":"Strona g\u0142\u00f3wna","item":"https:\/\/www.tourdepologne.pl\/en\/"},{"@type":"ListItem","position":2,"name":"Hotel Go\u0142\u0119biewski Karpacz to host the start of stage two of the 82nd TdP"}]},{"@type":"WebSite","@id":"https:\/\/www.tourdepologne.pl\/#website","url":"https:\/\/www.tourdepologne.pl\/","name":"Tour de Pologne","description":"","publisher":{"@id":"https:\/\/www.tourdepologne.pl\/#organization"},"potentialAction":[{"@type":"SearchAction","target":{"@type":"EntryPoint","urlTemplate":"https:\/\/www.tourdepologne.pl\/?s={search_term_string}"},"query-input":{"@type":"PropertyValueSpecification","valueRequired":true,"valueName":"search_term_string"}}],"inLanguage":"en-US"},{"@type":"Organization","@id":"https:\/\/www.tourdepologne.pl\/#organization","name":"Wy\u015bcig kolarski Tour de Pologne","url":"https:\/\/www.tourdepologne.pl\/","logo":{"@type":"ImageObject","inLanguage":"en-US","@id":"https:\/\/www.tourdepologne.pl\/#\/schema\/logo\/image\/","url":"https:\/\/www.tourdepologne.pl\/wp-content\/uploads\/2019\/06\/logo-tdp.png","contentUrl":"https:\/\/www.tourdepologne.pl\/wp-content\/uploads\/2019\/06\/logo-tdp.png","width":450,"height":52,"caption":"Wy\u015bcig kolarski Tour de Pologne"},"image":{"@id":"https:\/\/www.tourdepologne.pl\/#\/schema\/logo\/image\/"},"sameAs":["https:\/\/www.facebook.com\/tourdepologne","https:\/\/x.com\/tour_de_pologne","https:\/\/www.instagram.com\/tourdepologne\/","https:\/\/www.youtube.com\/@TourdePologne2011"]},{"@type":"Person","@id":"https:\/\/www.tourdepologne.pl\/#\/schema\/person\/f4fe67774ed888efd15b2ce6e2c8ba8e","name":"Press","image":{"@type":"ImageObject","inLanguage":"en-US","@id":"https:\/\/secure.gravatar.com\/avatar\/df62f2f515b6857a7626e7d733ea81e452163a8e46d8c1787c083c5dd0ee42df?s=96&d=mm&r=g","url":"https:\/\/secure.gravatar.com\/avatar\/df62f2f515b6857a7626e7d733ea81e452163a8e46d8c1787c083c5dd0ee42df?s=96&d=mm&r=g","contentUrl":"https:\/\/secure.gravatar.com\/avatar\/df62f2f515b6857a7626e7d733ea81e452163a8e46d8c1787c083c5dd0ee42df?s=96&d=mm&r=g","caption":"Press"},"url":"https:\/\/www.tourdepologne.pl\/en\/author\/press\/"}]}},"_links":{"self":[{"href":"https:\/\/www.tourdepologne.pl\/en\/wp-json\/wp\/v2\/posts\/38630","targetHints":{"allow":["GET"]}}],"collection":[{"href":"https:\/\/www.tourdepologne.pl\/en\/wp-json\/wp\/v2\/posts"}],"about":[{"href":"https:\/\/www.tourdepologne.pl\/en\/wp-json\/wp\/v2\/types\/post"}],"author":[{"embeddable":true,"href":"https:\/\/www.tourdepologne.pl\/en\/wp-json\/wp\/v2\/users\/6"}],"replies":[{"embeddable":true,"href":"https:\/\/www.tourdepologne.pl\/en\/wp-json\/wp\/v2\/comments?post=38630"}],"version-history":[{"count":1,"href":"https:\/\/www.tourdepologne.pl\/en\/wp-json\/wp\/v2\/posts\/38630\/revisions"}],"predecessor-version":[{"id":38631,"href":"https:\/\/www.tourdepologne.pl\/en\/wp-json\/wp\/v2\/posts\/38630\/revisions\/38631"}],"wp:featuredmedia":[{"embeddable":true,"href":"https:\/\/www.tourdepologne.pl\/en\/wp-json\/wp\/v2\/media\/38626"}],"wp:attachment":[{"href":"https:\/\/www.tourdepologne.pl\/en\/wp-json\/wp\/v2\/media?parent=38630"}],"wp:term":[{"taxonomy":"category","embeddable":true,"href":"https:\/\/www.tourdepologne.pl\/en\/wp-json\/wp\/v2\/categories?post=38630"},{"taxonomy":"post_tag","embeddable":true,"href":"https:\/\/www.tourdepologne.pl\/en\/wp-json\/wp\/v2\/tags?post=38630"}],"curies":[{"name":"wp","href":"https:\/\/api.w.org\/{rel}","templated":true}]}}