{"id":38947,"date":"2025-07-24T14:59:27","date_gmt":"2025-07-24T12:59:27","guid":{"rendered":"https:\/\/www.tourdepologne.pl\/?p=38947"},"modified":"2025-07-24T18:33:45","modified_gmt":"2025-07-24T16:33:45","slug":"3-stages-of-the-82nd-tour-de-pologne-uci-worldtour-in-the-lower-silesian-voivodeship","status":"publish","type":"post","link":"https:\/\/www.tourdepologne.pl\/en\/2025\/07\/3-stages-of-the-82nd-tour-de-pologne-uci-worldtour-in-the-lower-silesian-voivodeship\/","title":{"rendered":"3 stages of the 82nd Tour de Pologne UCI WorldTour in the Lower Silesian Voivodeship"},"content":{"rendered":"<p><strong>A press conference was held today at Centennial Hall in Wroc\u0142aw with the participation of Czes\u0142aw Lang, General Director of the Tour de Pologne UCI WorldTour, and Wojciech Bochnak, Deputy Marshal of the Lower Silesian Voivodeship. On August 3, the team presentation will take place at the same location, and the 82nd Tour de Pologne UCI WorldTour will start there the next day.<\/strong><\/p>\n<p>There are now less than two weeks left until the 82nd Tour de Pologne UCI WorldTour begins. The first three stages will be held on the scenic roads of the Lower Silesian Voivodeship, with the entire race kicking off on August 4 at Centennial Hall in Wroc\u0142aw. A day earlier, at the same spot, a ceremonial team presentation will be held with all riders participating in the 82nd Tour de Pologne.<\/p>\n<p>The first stage will lead from Wroc\u0142aw to Legnica. Along the way, the riders will compete in LOTTO Sprints Primes in K\u0105ty Wroc\u0142awskie, \u015aroda \u015al\u0105ska, and Polkowice, as well as a PZU Mountain Prime in Prochowice. The following day features a challenging stage from Hotel Go\u0142\u0119biewski in Karpacz to the climb up Orlinek, also in Karpacz, a legendary finish where great cycling champions have triumphed.<\/p>\n<p>On the route, riders will face two PZU Mountain Primes at the Kowarska Pass and \u015arednica Pass, as well as LOTTO Sprints Primes in Kamienna G\u00f3ra and Czarny B\u00f3r, and a Decathlon Special Prime in Lubawka. Just a few kilometers before the finish line, the final Special Prime will be located at Hotel Seidorf, a partner of the second stage of the Tour de Pologne UCI WorldTour.<\/p>\n<p>The third stage will start and finish in Wa\u0142brzych, in Wa\u0142brzych County. It will be one of the most demanding stages of this year\u2019s Tour de Pologne, with three climbs to the Walimska Pass and Nied\u017awiedzica Pass, as well as one ascent to Rzeczka \u2013 all classified as PZU Mountain Primes. Riders will also compete for the LOTTO Sprint Prime in Walim and the DPD Special Prime in Jedlina-Zdr\u00f3j. The Lower Silesian stages of the 82nd Tour de Pologne promise world-class racing excitement!<\/p>\n<p><em><img loading=\"lazy\" decoding=\"async\" class=\"aligncenter size-full wp-image-38945\" src=\"https:\/\/www.tourdepologne.pl\/wp-content\/uploads\/2025\/07\/IMG-20250724-WA0000.jpg\" alt=\"\" width=\"1280\" height=\"720\" srcset=\"https:\/\/www.tourdepologne.pl\/wp-content\/uploads\/2025\/07\/IMG-20250724-WA0000.jpg 1280w, https:\/\/www.tourdepologne.pl\/wp-content\/uploads\/2025\/07\/IMG-20250724-WA0000-300x169.jpg 300w, https:\/\/www.tourdepologne.pl\/wp-content\/uploads\/2025\/07\/IMG-20250724-WA0000-600x338.jpg 600w, https:\/\/www.tourdepologne.pl\/wp-content\/uploads\/2025\/07\/IMG-20250724-WA0000-150x84.jpg 150w, https:\/\/www.tourdepologne.pl\/wp-content\/uploads\/2025\/07\/IMG-20250724-WA0000-500x281.jpg 500w\" sizes=\"auto, (max-width: 1280px) 100vw, 1280px\" \/><\/em><\/p>\n<p><em>\u201cWe\u2019re starting the 82nd Tour de Pologne UCI WorldTour in Wroc\u0142aw. First, there will be a beautiful team presentation at Centennial Hall, and we invite everyone to join. The next day we depart from the same place, ride calmly through Wroc\u0142aw, and then head to Legnica. I\u2019m happy that during the Tour de Pologne we can promote the beautiful city of Wroc\u0142aw. Three stages will take place in Lower Silesia, including visits to Karpacz and Wa\u0142brzych. All stages will be very interesting and will showcase the beauty of this region. I want to thank everyone involved in organizing these stages, especially Marshal Pawe\u0142 Gancarz, Deputy Marshal Wojciech Bochnak, and all the mayors and hosts of the stage towns and primes. Together we\u2019ll prepare a great cycling celebration and promote Lower Silesia along the way\u201d<\/em> said Czes\u0142aw Lang, General Director of the Tour de Pologne.<\/p>\n<p><em>\u201cThis is the second year that the Lower Silesian Voivodeship has been cooperating with Lang Team. The collaboration is going wonderfully, and I\u2019m very grateful that once again the best cyclists in the world will come to Lower Silesia. Thanks to the Tour de Pologne, we are promoting our region and showing that it\u2019s a place worth visiting\u201d<\/em> said Wojciech Bochnak, Deputy Marshal of the Lower Silesian Voivodeship.<\/p>\n<p>The Tour de Pologne is part of the prestigious UCI WorldTour, attracting top cycling teams to Poland and capturing the attention of cycling fans worldwide. The race will be broadcast on TVP, Eurosport, and the streaming platform MAX, reaching fans in 65 countries. Thus, the 82nd Tour de Pologne UCI WorldTour serves as excellent promotion for Poland \u2013 including the Lower Silesian region.<\/p>\n<p>&nbsp;<\/p>\n","protected":false},"excerpt":{"rendered":"<p>A press conference was held today at Centennial Hall in Wroc\u0142aw with the participation of Czes\u0142aw Lang, General Director of &hellip; <\/p>\n","protected":false},"author":6,"featured_media":38944,"comment_status":"closed","ping_status":"closed","sticky":false,"template":"","format":"standard","meta":{"_acf_changed":false,"footnotes":""},"categories":[95],"tags":[],"class_list":["post-38947","post","type-post","status-publish","format-standard","has-post-thumbnail","hentry","category-news-en"],"acf":[],"yoast_head":"<!-- This site is optimized with the Yoast SEO plugin v27.2 - https:\/\/yoast.com\/product\/yoast-seo-wordpress\/ -->\n<title>3 stages of the 82nd Tour de Pologne UCI WorldTour in the Lower Silesian Voivodeship - Tour de Pologne<\/title>\n<meta name=\"robots\" content=\"index, follow, max-snippet:-1, max-image-preview:large, max-video-preview:-1\" \/>\n<link rel=\"canonical\" href=\"https:\/\/www.tourdepologne.pl\/en\/2025\/07\/3-stages-of-the-82nd-tour-de-pologne-uci-worldtour-in-the-lower-silesian-voivodeship\/\" \/>\n<meta property=\"og:locale\" content=\"en_US\" \/>\n<meta property=\"og:type\" content=\"article\" \/>\n<meta property=\"og:title\" content=\"3 stages of the 82nd Tour de Pologne UCI WorldTour in the Lower Silesian Voivodeship - Tour de Pologne\" \/>\n<meta property=\"og:description\" content=\"A press conference was held today at Centennial Hall in Wroc\u0142aw with the participation of Czes\u0142aw Lang, General Director of &hellip;\" \/>\n<meta property=\"og:url\" content=\"https:\/\/www.tourdepologne.pl\/en\/2025\/07\/3-stages-of-the-82nd-tour-de-pologne-uci-worldtour-in-the-lower-silesian-voivodeship\/\" \/>\n<meta property=\"og:site_name\" content=\"Tour de Pologne\" \/>\n<meta property=\"article:publisher\" content=\"https:\/\/www.facebook.com\/tourdepologne\" \/>\n<meta property=\"article:published_time\" content=\"2025-07-24T12:59:27+00:00\" \/>\n<meta property=\"article:modified_time\" content=\"2025-07-24T16:33:45+00:00\" \/>\n<meta property=\"og:image\" content=\"https:\/\/www.tourdepologne.pl\/wp-content\/uploads\/2025\/07\/Z9A_7403.jpg\" \/>\n\t<meta property=\"og:image:width\" content=\"1280\" \/>\n\t<meta property=\"og:image:height\" content=\"853\" \/>\n\t<meta property=\"og:image:type\" content=\"image\/jpeg\" \/>\n<meta name=\"author\" content=\"Press\" \/>\n<meta name=\"twitter:card\" content=\"summary_large_image\" \/>\n<meta name=\"twitter:creator\" content=\"@tour_de_pologne\" \/>\n<meta name=\"twitter:site\" content=\"@tour_de_pologne\" \/>\n<meta name=\"twitter:label1\" content=\"Written by\" \/>\n\t<meta name=\"twitter:data1\" content=\"Press\" \/>\n\t<meta name=\"twitter:label2\" content=\"Est. reading time\" \/>\n\t<meta name=\"twitter:data2\" content=\"5 minutes\" \/>\n<script type=\"application\/ld+json\" class=\"yoast-schema-graph\">{\"@context\":\"https:\/\/schema.org\",\"@graph\":[{\"@type\":\"Article\",\"@id\":\"https:\/\/www.tourdepologne.pl\/en\/2025\/07\/3-stages-of-the-82nd-tour-de-pologne-uci-worldtour-in-the-lower-silesian-voivodeship\/#article\",\"isPartOf\":{\"@id\":\"https:\/\/www.tourdepologne.pl\/en\/2025\/07\/3-stages-of-the-82nd-tour-de-pologne-uci-worldtour-in-the-lower-silesian-voivodeship\/\"},\"author\":{\"name\":\"Press\",\"@id\":\"https:\/\/www.tourdepologne.pl\/#\/schema\/person\/f4fe67774ed888efd15b2ce6e2c8ba8e\"},\"headline\":\"3 stages of the 82nd Tour de Pologne UCI WorldTour in the Lower Silesian Voivodeship\",\"datePublished\":\"2025-07-24T12:59:27+00:00\",\"dateModified\":\"2025-07-24T16:33:45+00:00\",\"mainEntityOfPage\":{\"@id\":\"https:\/\/www.tourdepologne.pl\/en\/2025\/07\/3-stages-of-the-82nd-tour-de-pologne-uci-worldtour-in-the-lower-silesian-voivodeship\/\"},\"wordCount\":659,\"publisher\":{\"@id\":\"https:\/\/www.tourdepologne.pl\/#organization\"},\"image\":{\"@id\":\"https:\/\/www.tourdepologne.pl\/en\/2025\/07\/3-stages-of-the-82nd-tour-de-pologne-uci-worldtour-in-the-lower-silesian-voivodeship\/#primaryimage\"},\"thumbnailUrl\":\"https:\/\/www.tourdepologne.pl\/wp-content\/uploads\/2025\/07\/Z9A_7403.jpg\",\"articleSection\":[\"News en\"],\"inLanguage\":\"en-US\"},{\"@type\":\"WebPage\",\"@id\":\"https:\/\/www.tourdepologne.pl\/en\/2025\/07\/3-stages-of-the-82nd-tour-de-pologne-uci-worldtour-in-the-lower-silesian-voivodeship\/\",\"url\":\"https:\/\/www.tourdepologne.pl\/en\/2025\/07\/3-stages-of-the-82nd-tour-de-pologne-uci-worldtour-in-the-lower-silesian-voivodeship\/\",\"name\":\"3 stages of the 82nd Tour de Pologne UCI WorldTour in the Lower Silesian Voivodeship - Tour de Pologne\",\"isPartOf\":{\"@id\":\"https:\/\/www.tourdepologne.pl\/#website\"},\"primaryImageOfPage\":{\"@id\":\"https:\/\/www.tourdepologne.pl\/en\/2025\/07\/3-stages-of-the-82nd-tour-de-pologne-uci-worldtour-in-the-lower-silesian-voivodeship\/#primaryimage\"},\"image\":{\"@id\":\"https:\/\/www.tourdepologne.pl\/en\/2025\/07\/3-stages-of-the-82nd-tour-de-pologne-uci-worldtour-in-the-lower-silesian-voivodeship\/#primaryimage\"},\"thumbnailUrl\":\"https:\/\/www.tourdepologne.pl\/wp-content\/uploads\/2025\/07\/Z9A_7403.jpg\",\"datePublished\":\"2025-07-24T12:59:27+00:00\",\"dateModified\":\"2025-07-24T16:33:45+00:00\",\"breadcrumb\":{\"@id\":\"https:\/\/www.tourdepologne.pl\/en\/2025\/07\/3-stages-of-the-82nd-tour-de-pologne-uci-worldtour-in-the-lower-silesian-voivodeship\/#breadcrumb\"},\"inLanguage\":\"en-US\",\"potentialAction\":[{\"@type\":\"ReadAction\",\"target\":[\"https:\/\/www.tourdepologne.pl\/en\/2025\/07\/3-stages-of-the-82nd-tour-de-pologne-uci-worldtour-in-the-lower-silesian-voivodeship\/\"]}]},{\"@type\":\"ImageObject\",\"inLanguage\":\"en-US\",\"@id\":\"https:\/\/www.tourdepologne.pl\/en\/2025\/07\/3-stages-of-the-82nd-tour-de-pologne-uci-worldtour-in-the-lower-silesian-voivodeship\/#primaryimage\",\"url\":\"https:\/\/www.tourdepologne.pl\/wp-content\/uploads\/2025\/07\/Z9A_7403.jpg\",\"contentUrl\":\"https:\/\/www.tourdepologne.pl\/wp-content\/uploads\/2025\/07\/Z9A_7403.jpg\",\"width\":1280,\"height\":853},{\"@type\":\"BreadcrumbList\",\"@id\":\"https:\/\/www.tourdepologne.pl\/en\/2025\/07\/3-stages-of-the-82nd-tour-de-pologne-uci-worldtour-in-the-lower-silesian-voivodeship\/#breadcrumb\",\"itemListElement\":[{\"@type\":\"ListItem\",\"position\":1,\"name\":\"Strona g\u0142\u00f3wna\",\"item\":\"https:\/\/www.tourdepologne.pl\/en\/\"},{\"@type\":\"ListItem\",\"position\":2,\"name\":\"3 stages of the 82nd Tour de Pologne UCI WorldTour in the Lower Silesian Voivodeship\"}]},{\"@type\":\"WebSite\",\"@id\":\"https:\/\/www.tourdepologne.pl\/#website\",\"url\":\"https:\/\/www.tourdepologne.pl\/\",\"name\":\"Tour de Pologne\",\"description\":\"\",\"publisher\":{\"@id\":\"https:\/\/www.tourdepologne.pl\/#organization\"},\"potentialAction\":[{\"@type\":\"SearchAction\",\"target\":{\"@type\":\"EntryPoint\",\"urlTemplate\":\"https:\/\/www.tourdepologne.pl\/?s={search_term_string}\"},\"query-input\":{\"@type\":\"PropertyValueSpecification\",\"valueRequired\":true,\"valueName\":\"search_term_string\"}}],\"inLanguage\":\"en-US\"},{\"@type\":\"Organization\",\"@id\":\"https:\/\/www.tourdepologne.pl\/#organization\",\"name\":\"Wy\u015bcig kolarski Tour de Pologne\",\"url\":\"https:\/\/www.tourdepologne.pl\/\",\"logo\":{\"@type\":\"ImageObject\",\"inLanguage\":\"en-US\",\"@id\":\"https:\/\/www.tourdepologne.pl\/#\/schema\/logo\/image\/\",\"url\":\"https:\/\/www.tourdepologne.pl\/wp-content\/uploads\/2019\/06\/logo-tdp.png\",\"contentUrl\":\"https:\/\/www.tourdepologne.pl\/wp-content\/uploads\/2019\/06\/logo-tdp.png\",\"width\":450,\"height\":52,\"caption\":\"Wy\u015bcig kolarski Tour de Pologne\"},\"image\":{\"@id\":\"https:\/\/www.tourdepologne.pl\/#\/schema\/logo\/image\/\"},\"sameAs\":[\"https:\/\/www.facebook.com\/tourdepologne\",\"https:\/\/x.com\/tour_de_pologne\",\"https:\/\/www.instagram.com\/tourdepologne\/\",\"https:\/\/www.youtube.com\/@TourdePologne2011\"]},{\"@type\":\"Person\",\"@id\":\"https:\/\/www.tourdepologne.pl\/#\/schema\/person\/f4fe67774ed888efd15b2ce6e2c8ba8e\",\"name\":\"Press\",\"image\":{\"@type\":\"ImageObject\",\"inLanguage\":\"en-US\",\"@id\":\"https:\/\/secure.gravatar.com\/avatar\/df62f2f515b6857a7626e7d733ea81e452163a8e46d8c1787c083c5dd0ee42df?s=96&d=mm&r=g\",\"url\":\"https:\/\/secure.gravatar.com\/avatar\/df62f2f515b6857a7626e7d733ea81e452163a8e46d8c1787c083c5dd0ee42df?s=96&d=mm&r=g\",\"contentUrl\":\"https:\/\/secure.gravatar.com\/avatar\/df62f2f515b6857a7626e7d733ea81e452163a8e46d8c1787c083c5dd0ee42df?s=96&d=mm&r=g\",\"caption\":\"Press\"},\"url\":\"https:\/\/www.tourdepologne.pl\/en\/author\/press\/\"}]}<\/script>\n<!-- \/ Yoast SEO plugin. -->","yoast_head_json":{"title":"3 stages of the 82nd Tour de Pologne UCI WorldTour in the Lower Silesian Voivodeship - Tour de Pologne","robots":{"index":"index","follow":"follow","max-snippet":"max-snippet:-1","max-image-preview":"max-image-preview:large","max-video-preview":"max-video-preview:-1"},"canonical":"https:\/\/www.tourdepologne.pl\/en\/2025\/07\/3-stages-of-the-82nd-tour-de-pologne-uci-worldtour-in-the-lower-silesian-voivodeship\/","og_locale":"en_US","og_type":"article","og_title":"3 stages of the 82nd Tour de Pologne UCI WorldTour in the Lower Silesian Voivodeship - Tour de Pologne","og_description":"A press conference was held today at Centennial Hall in Wroc\u0142aw with the participation of Czes\u0142aw Lang, General Director of &hellip;","og_url":"https:\/\/www.tourdepologne.pl\/en\/2025\/07\/3-stages-of-the-82nd-tour-de-pologne-uci-worldtour-in-the-lower-silesian-voivodeship\/","og_site_name":"Tour de Pologne","article_publisher":"https:\/\/www.facebook.com\/tourdepologne","article_published_time":"2025-07-24T12:59:27+00:00","article_modified_time":"2025-07-24T16:33:45+00:00","og_image":[{"width":1280,"height":853,"url":"https:\/\/www.tourdepologne.pl\/wp-content\/uploads\/2025\/07\/Z9A_7403.jpg","type":"image\/jpeg"}],"author":"Press","twitter_card":"summary_large_image","twitter_creator":"@tour_de_pologne","twitter_site":"@tour_de_pologne","twitter_misc":{"Written by":"Press","Est. reading time":"5 minutes"},"schema":{"@context":"https:\/\/schema.org","@graph":[{"@type":"Article","@id":"https:\/\/www.tourdepologne.pl\/en\/2025\/07\/3-stages-of-the-82nd-tour-de-pologne-uci-worldtour-in-the-lower-silesian-voivodeship\/#article","isPartOf":{"@id":"https:\/\/www.tourdepologne.pl\/en\/2025\/07\/3-stages-of-the-82nd-tour-de-pologne-uci-worldtour-in-the-lower-silesian-voivodeship\/"},"author":{"name":"Press","@id":"https:\/\/www.tourdepologne.pl\/#\/schema\/person\/f4fe67774ed888efd15b2ce6e2c8ba8e"},"headline":"3 stages of the 82nd Tour de Pologne UCI WorldTour in the Lower Silesian Voivodeship","datePublished":"2025-07-24T12:59:27+00:00","dateModified":"2025-07-24T16:33:45+00:00","mainEntityOfPage":{"@id":"https:\/\/www.tourdepologne.pl\/en\/2025\/07\/3-stages-of-the-82nd-tour-de-pologne-uci-worldtour-in-the-lower-silesian-voivodeship\/"},"wordCount":659,"publisher":{"@id":"https:\/\/www.tourdepologne.pl\/#organization"},"image":{"@id":"https:\/\/www.tourdepologne.pl\/en\/2025\/07\/3-stages-of-the-82nd-tour-de-pologne-uci-worldtour-in-the-lower-silesian-voivodeship\/#primaryimage"},"thumbnailUrl":"https:\/\/www.tourdepologne.pl\/wp-content\/uploads\/2025\/07\/Z9A_7403.jpg","articleSection":["News en"],"inLanguage":"en-US"},{"@type":"WebPage","@id":"https:\/\/www.tourdepologne.pl\/en\/2025\/07\/3-stages-of-the-82nd-tour-de-pologne-uci-worldtour-in-the-lower-silesian-voivodeship\/","url":"https:\/\/www.tourdepologne.pl\/en\/2025\/07\/3-stages-of-the-82nd-tour-de-pologne-uci-worldtour-in-the-lower-silesian-voivodeship\/","name":"3 stages of the 82nd Tour de Pologne UCI WorldTour in the Lower Silesian Voivodeship - Tour de Pologne","isPartOf":{"@id":"https:\/\/www.tourdepologne.pl\/#website"},"primaryImageOfPage":{"@id":"https:\/\/www.tourdepologne.pl\/en\/2025\/07\/3-stages-of-the-82nd-tour-de-pologne-uci-worldtour-in-the-lower-silesian-voivodeship\/#primaryimage"},"image":{"@id":"https:\/\/www.tourdepologne.pl\/en\/2025\/07\/3-stages-of-the-82nd-tour-de-pologne-uci-worldtour-in-the-lower-silesian-voivodeship\/#primaryimage"},"thumbnailUrl":"https:\/\/www.tourdepologne.pl\/wp-content\/uploads\/2025\/07\/Z9A_7403.jpg","datePublished":"2025-07-24T12:59:27+00:00","dateModified":"2025-07-24T16:33:45+00:00","breadcrumb":{"@id":"https:\/\/www.tourdepologne.pl\/en\/2025\/07\/3-stages-of-the-82nd-tour-de-pologne-uci-worldtour-in-the-lower-silesian-voivodeship\/#breadcrumb"},"inLanguage":"en-US","potentialAction":[{"@type":"ReadAction","target":["https:\/\/www.tourdepologne.pl\/en\/2025\/07\/3-stages-of-the-82nd-tour-de-pologne-uci-worldtour-in-the-lower-silesian-voivodeship\/"]}]},{"@type":"ImageObject","inLanguage":"en-US","@id":"https:\/\/www.tourdepologne.pl\/en\/2025\/07\/3-stages-of-the-82nd-tour-de-pologne-uci-worldtour-in-the-lower-silesian-voivodeship\/#primaryimage","url":"https:\/\/www.tourdepologne.pl\/wp-content\/uploads\/2025\/07\/Z9A_7403.jpg","contentUrl":"https:\/\/www.tourdepologne.pl\/wp-content\/uploads\/2025\/07\/Z9A_7403.jpg","width":1280,"height":853},{"@type":"BreadcrumbList","@id":"https:\/\/www.tourdepologne.pl\/en\/2025\/07\/3-stages-of-the-82nd-tour-de-pologne-uci-worldtour-in-the-lower-silesian-voivodeship\/#breadcrumb","itemListElement":[{"@type":"ListItem","position":1,"name":"Strona g\u0142\u00f3wna","item":"https:\/\/www.tourdepologne.pl\/en\/"},{"@type":"ListItem","position":2,"name":"3 stages of the 82nd Tour de Pologne UCI WorldTour in the Lower Silesian Voivodeship"}]},{"@type":"WebSite","@id":"https:\/\/www.tourdepologne.pl\/#website","url":"https:\/\/www.tourdepologne.pl\/","name":"Tour de Pologne","description":"","publisher":{"@id":"https:\/\/www.tourdepologne.pl\/#organization"},"potentialAction":[{"@type":"SearchAction","target":{"@type":"EntryPoint","urlTemplate":"https:\/\/www.tourdepologne.pl\/?s={search_term_string}"},"query-input":{"@type":"PropertyValueSpecification","valueRequired":true,"valueName":"search_term_string"}}],"inLanguage":"en-US"},{"@type":"Organization","@id":"https:\/\/www.tourdepologne.pl\/#organization","name":"Wy\u015bcig kolarski Tour de Pologne","url":"https:\/\/www.tourdepologne.pl\/","logo":{"@type":"ImageObject","inLanguage":"en-US","@id":"https:\/\/www.tourdepologne.pl\/#\/schema\/logo\/image\/","url":"https:\/\/www.tourdepologne.pl\/wp-content\/uploads\/2019\/06\/logo-tdp.png","contentUrl":"https:\/\/www.tourdepologne.pl\/wp-content\/uploads\/2019\/06\/logo-tdp.png","width":450,"height":52,"caption":"Wy\u015bcig kolarski Tour de Pologne"},"image":{"@id":"https:\/\/www.tourdepologne.pl\/#\/schema\/logo\/image\/"},"sameAs":["https:\/\/www.facebook.com\/tourdepologne","https:\/\/x.com\/tour_de_pologne","https:\/\/www.instagram.com\/tourdepologne\/","https:\/\/www.youtube.com\/@TourdePologne2011"]},{"@type":"Person","@id":"https:\/\/www.tourdepologne.pl\/#\/schema\/person\/f4fe67774ed888efd15b2ce6e2c8ba8e","name":"Press","image":{"@type":"ImageObject","inLanguage":"en-US","@id":"https:\/\/secure.gravatar.com\/avatar\/df62f2f515b6857a7626e7d733ea81e452163a8e46d8c1787c083c5dd0ee42df?s=96&d=mm&r=g","url":"https:\/\/secure.gravatar.com\/avatar\/df62f2f515b6857a7626e7d733ea81e452163a8e46d8c1787c083c5dd0ee42df?s=96&d=mm&r=g","contentUrl":"https:\/\/secure.gravatar.com\/avatar\/df62f2f515b6857a7626e7d733ea81e452163a8e46d8c1787c083c5dd0ee42df?s=96&d=mm&r=g","caption":"Press"},"url":"https:\/\/www.tourdepologne.pl\/en\/author\/press\/"}]}},"_links":{"self":[{"href":"https:\/\/www.tourdepologne.pl\/en\/wp-json\/wp\/v2\/posts\/38947","targetHints":{"allow":["GET"]}}],"collection":[{"href":"https:\/\/www.tourdepologne.pl\/en\/wp-json\/wp\/v2\/posts"}],"about":[{"href":"https:\/\/www.tourdepologne.pl\/en\/wp-json\/wp\/v2\/types\/post"}],"author":[{"embeddable":true,"href":"https:\/\/www.tourdepologne.pl\/en\/wp-json\/wp\/v2\/users\/6"}],"replies":[{"embeddable":true,"href":"https:\/\/www.tourdepologne.pl\/en\/wp-json\/wp\/v2\/comments?post=38947"}],"version-history":[{"count":3,"href":"https:\/\/www.tourdepologne.pl\/en\/wp-json\/wp\/v2\/posts\/38947\/revisions"}],"predecessor-version":[{"id":38950,"href":"https:\/\/www.tourdepologne.pl\/en\/wp-json\/wp\/v2\/posts\/38947\/revisions\/38950"}],"wp:featuredmedia":[{"embeddable":true,"href":"https:\/\/www.tourdepologne.pl\/en\/wp-json\/wp\/v2\/media\/38944"}],"wp:attachment":[{"href":"https:\/\/www.tourdepologne.pl\/en\/wp-json\/wp\/v2\/media?parent=38947"}],"wp:term":[{"taxonomy":"category","embeddable":true,"href":"https:\/\/www.tourdepologne.pl\/en\/wp-json\/wp\/v2\/categories?post=38947"},{"taxonomy":"post_tag","embeddable":true,"href":"https:\/\/www.tourdepologne.pl\/en\/wp-json\/wp\/v2\/tags?post=38947"}],"curies":[{"name":"wp","href":"https:\/\/api.w.org\/{rel}","templated":true}]}}