{"id":39479,"date":"2025-08-04T18:07:30","date_gmt":"2025-08-04T16:07:30","guid":{"rendered":"https:\/\/www.tourdepologne.pl\/?p=39479"},"modified":"2025-08-05T10:31:30","modified_gmt":"2025-08-05T08:31:30","slug":"olav-kooij-wins-the-opener-and-takes-the-orlen-general-classification-lead","status":"publish","type":"post","link":"https:\/\/www.tourdepologne.pl\/en\/2025\/08\/olav-kooij-wins-the-opener-and-takes-the-orlen-general-classification-lead\/","title":{"rendered":"Olav Kooij wins the opener and takes the ORLEN General Classification lead!"},"content":{"rendered":"<p><strong>An exciting sprint finish in Legnica wrapped up the first stage of the 82nd Tour de Pologne UCI WorldTour. The winner \u2013 and first leader of the ORLEN General Classification \u2013 was Olav Kooij from Team Visma | Lease a Bike, who claimed his fifth career stage win at the Tour de Pologne.<\/strong><\/p>\n<p>The 82nd edition of the Tour de Pologne UCI WorldTour began in front of the Centennial Hall in Wroc\u0142aw. The peloton set off from the capital of Lower Silesia, and after just a few kilometers, the racing was underway. A breakaway quickly formed, featuring Patryk Stosz (Polish National Team), Donavan Grondin (Arkea-B&amp;B Hotels), Lars Boven (Alpecin-Deceuninck), and Nadav Raisberg (Israel \u2013 Premier Tech), although Raisberg soon dropped from the front group.<\/p>\n<p>The remaining escapees pushed on, battling for the first LOTTO Intermediate Sprint in K\u0105ty Wroc\u0142awskie, where Frenchman Donavan Grondin \u2013 world and Olympic track cycling medalist \u2013 took the top points. Grondin continued to dominate the LOTTO Intermediate Sprints in \u015aroda \u015al\u0105ska and Polkowice, securing the first lead in the LOTTO Most Active Rider Classification.<\/p>\n<p>The breakaway, however, never gained too much ground, with sprint teams keeping the gap in check. They reeled in the riders from the breakaway just before the PZU Mountain Prime in Prochowice. Bauke Mollema (Lidl-Trek), a former Il Lombardia and Tour de Pologne stage winner, attacked for the points and earned the lead in the PZU Best Climber Classification.<\/p>\n<p>The peloton then surged toward Legnica at high speed. In a thrilling finish, Olav Kooij emerged victorious after a tight battle in the final meters. It was the 23-year-old Dutchman\u2019s fifth stage win at the Tour de Pologne, earning him the ORLEN General Classification yellow leader\u2019s jersey going into stage 2.<\/p>\n<p>\u2013 <em>Racing in Poland always seems to bring me a bit of luck \u2014 it just feels like a special place for me. Today wasn\u2019t an easy race by any means, but somehow I manage to pull off a victory almost every time I\u2019m here. The team did an incredible job \u2014 they were strong all day, controlling the break and making sure we stayed in position. In the final, we lost each other a bit in the chaos, but even so, the effort they put in was outstanding. This win is definitely one we earned together<\/em> \u2013 said Kooij after the stage.<\/p>\n<p><em>\u00a0<\/em><em>\u2013 We know Olav Kooij very well \u2013 he started out at the ORLEN Nations Grand Prix, where he impressed everyone with his victories. This is now his fifth Tour de Pologne stage win. Today\u2019s stage was nervous \u2013 some rain, a bit of wind \u2013 but the sprint teams kept everything under control. It was their only real chance this week, so they took it \u2013 <\/em>said Czes\u0142aw Lang, General Director of Tour de Pologne.<\/p>\n<p>Kooij narrowly edged out Paul Magnier (Soudal\u2013Quick-Step), with Jensen Plowright (Alpecin-Deceuninck) finishing third. Poland\u2019s Stanis\u0142aw Anio\u0142kowski (Cofidis) came in sixth, earning the <em>Best Polish Rider ORLEN VITAY Sprint<\/em> prize. Thanks to time bonuses collected throughout the day, Patryk Stosz (Polish National Team) is now fourth in the general classification.<\/p>\n<p><em>\u2013 I\u2019m really happy with today\u2019s results. Patryk Stosz was active in the breakaway, and Stanis\u0142aw Anio\u0142kowski finished sixth. It\u2019s clear they\u2019ve prepared well for the race \u2013 they\u2019re not afraid to take their chances \u2013<\/em> Lang added.<\/p>\n<p><em>\u2013 It was a fast finish \u2013 the finale went by in a flash. To be honest, I was hoping for more, but that\u2019s sport. There was only one true sprint stage in the race program, so I really wanted to make my mark. Sprints always carry a bit of a lottery element \u2013 in the final meters I got slightly boxed in and felt I could\u2019ve come around and fought for a podium spot. But I\u2019m not giving up \u2013 stage four is still ahead, and I\u2019m very motivated to fight there. Today, the team positioned me perfectly. Fortunately, I avoided all the crashes \u2013 I didn\u2019t even know there had been one until after the race. I reached the final stretch calmly. It\u2019s a bit of a shame because I was really aiming for that podium \u2013 especially since the Tour de Pologne is a special race for me, and stepping onto the podium here means a lot. It didn\u2019t happen today, but I\u2019ll keep fighting \u2013<\/em> said Stanis\u0142aw Anio\u0142kowski.<\/p>\n<p>Tomorrow\u2019s stage takes the riders from Hotel Go\u0142\u0119biewski Karpacz to the summit in Karpacz, finishing atop the iconic Orlinek climb. Expect fireworks and a fierce battle among the ORLEN General Classification contenders. The race will be broadcast on TVP, Eurosport, and HBO Max.<\/p>\n","protected":false},"excerpt":{"rendered":"<p>An exciting sprint finish in Legnica wrapped up the first stage of the 82nd Tour de Pologne UCI WorldTour. The &hellip; <\/p>\n","protected":false},"author":6,"featured_media":39477,"comment_status":"closed","ping_status":"closed","sticky":false,"template":"","format":"standard","meta":{"_acf_changed":false,"footnotes":""},"categories":[95],"tags":[],"class_list":["post-39479","post","type-post","status-publish","format-standard","has-post-thumbnail","hentry","category-news-en"],"acf":[],"yoast_head":"<!-- This site is optimized with the Yoast SEO plugin v27.2 - https:\/\/yoast.com\/product\/yoast-seo-wordpress\/ -->\n<title>Olav Kooij wins the opener and takes the ORLEN General Classification lead! - Tour de Pologne<\/title>\n<meta name=\"robots\" content=\"index, follow, max-snippet:-1, max-image-preview:large, max-video-preview:-1\" \/>\n<link rel=\"canonical\" href=\"https:\/\/www.tourdepologne.pl\/en\/2025\/08\/olav-kooij-wins-the-opener-and-takes-the-orlen-general-classification-lead\/\" \/>\n<meta property=\"og:locale\" content=\"en_US\" \/>\n<meta property=\"og:type\" content=\"article\" \/>\n<meta property=\"og:title\" content=\"Olav Kooij wins the opener and takes the ORLEN General Classification lead! - Tour de Pologne\" \/>\n<meta property=\"og:description\" content=\"An exciting sprint finish in Legnica wrapped up the first stage of the 82nd Tour de Pologne UCI WorldTour. The &hellip;\" \/>\n<meta property=\"og:url\" content=\"https:\/\/www.tourdepologne.pl\/en\/2025\/08\/olav-kooij-wins-the-opener-and-takes-the-orlen-general-classification-lead\/\" \/>\n<meta property=\"og:site_name\" content=\"Tour de Pologne\" \/>\n<meta property=\"article:publisher\" content=\"https:\/\/www.facebook.com\/tourdepologne\" \/>\n<meta property=\"article:published_time\" content=\"2025-08-04T16:07:30+00:00\" \/>\n<meta property=\"article:modified_time\" content=\"2025-08-05T08:31:30+00:00\" \/>\n<meta property=\"og:image\" content=\"https:\/\/www.tourdepologne.pl\/wp-content\/uploads\/2025\/08\/1241d423-fd9f-4a34-bb60-b26259005553.jpeg\" \/>\n\t<meta property=\"og:image:width\" content=\"1280\" \/>\n\t<meta property=\"og:image:height\" content=\"853\" \/>\n\t<meta property=\"og:image:type\" content=\"image\/jpeg\" \/>\n<meta name=\"author\" content=\"Press\" \/>\n<meta name=\"twitter:card\" content=\"summary_large_image\" \/>\n<meta name=\"twitter:creator\" content=\"@tour_de_pologne\" \/>\n<meta name=\"twitter:site\" content=\"@tour_de_pologne\" \/>\n<meta name=\"twitter:label1\" content=\"Written by\" \/>\n\t<meta name=\"twitter:data1\" content=\"Press\" \/>\n\t<meta name=\"twitter:label2\" content=\"Est. reading time\" \/>\n\t<meta name=\"twitter:data2\" content=\"5 minutes\" \/>\n<script type=\"application\/ld+json\" class=\"yoast-schema-graph\">{\"@context\":\"https:\/\/schema.org\",\"@graph\":[{\"@type\":\"Article\",\"@id\":\"https:\/\/www.tourdepologne.pl\/en\/2025\/08\/olav-kooij-wins-the-opener-and-takes-the-orlen-general-classification-lead\/#article\",\"isPartOf\":{\"@id\":\"https:\/\/www.tourdepologne.pl\/en\/2025\/08\/olav-kooij-wins-the-opener-and-takes-the-orlen-general-classification-lead\/\"},\"author\":{\"name\":\"Press\",\"@id\":\"https:\/\/www.tourdepologne.pl\/#\/schema\/person\/f4fe67774ed888efd15b2ce6e2c8ba8e\"},\"headline\":\"Olav Kooij wins the opener and takes the ORLEN General Classification lead!\",\"datePublished\":\"2025-08-04T16:07:30+00:00\",\"dateModified\":\"2025-08-05T08:31:30+00:00\",\"mainEntityOfPage\":{\"@id\":\"https:\/\/www.tourdepologne.pl\/en\/2025\/08\/olav-kooij-wins-the-opener-and-takes-the-orlen-general-classification-lead\/\"},\"wordCount\":791,\"publisher\":{\"@id\":\"https:\/\/www.tourdepologne.pl\/#organization\"},\"image\":{\"@id\":\"https:\/\/www.tourdepologne.pl\/en\/2025\/08\/olav-kooij-wins-the-opener-and-takes-the-orlen-general-classification-lead\/#primaryimage\"},\"thumbnailUrl\":\"https:\/\/www.tourdepologne.pl\/wp-content\/uploads\/2025\/08\/1241d423-fd9f-4a34-bb60-b26259005553.jpeg\",\"articleSection\":[\"News en\"],\"inLanguage\":\"en-US\"},{\"@type\":\"WebPage\",\"@id\":\"https:\/\/www.tourdepologne.pl\/en\/2025\/08\/olav-kooij-wins-the-opener-and-takes-the-orlen-general-classification-lead\/\",\"url\":\"https:\/\/www.tourdepologne.pl\/en\/2025\/08\/olav-kooij-wins-the-opener-and-takes-the-orlen-general-classification-lead\/\",\"name\":\"Olav Kooij wins the opener and takes the ORLEN General Classification lead! - Tour de Pologne\",\"isPartOf\":{\"@id\":\"https:\/\/www.tourdepologne.pl\/#website\"},\"primaryImageOfPage\":{\"@id\":\"https:\/\/www.tourdepologne.pl\/en\/2025\/08\/olav-kooij-wins-the-opener-and-takes-the-orlen-general-classification-lead\/#primaryimage\"},\"image\":{\"@id\":\"https:\/\/www.tourdepologne.pl\/en\/2025\/08\/olav-kooij-wins-the-opener-and-takes-the-orlen-general-classification-lead\/#primaryimage\"},\"thumbnailUrl\":\"https:\/\/www.tourdepologne.pl\/wp-content\/uploads\/2025\/08\/1241d423-fd9f-4a34-bb60-b26259005553.jpeg\",\"datePublished\":\"2025-08-04T16:07:30+00:00\",\"dateModified\":\"2025-08-05T08:31:30+00:00\",\"breadcrumb\":{\"@id\":\"https:\/\/www.tourdepologne.pl\/en\/2025\/08\/olav-kooij-wins-the-opener-and-takes-the-orlen-general-classification-lead\/#breadcrumb\"},\"inLanguage\":\"en-US\",\"potentialAction\":[{\"@type\":\"ReadAction\",\"target\":[\"https:\/\/www.tourdepologne.pl\/en\/2025\/08\/olav-kooij-wins-the-opener-and-takes-the-orlen-general-classification-lead\/\"]}]},{\"@type\":\"ImageObject\",\"inLanguage\":\"en-US\",\"@id\":\"https:\/\/www.tourdepologne.pl\/en\/2025\/08\/olav-kooij-wins-the-opener-and-takes-the-orlen-general-classification-lead\/#primaryimage\",\"url\":\"https:\/\/www.tourdepologne.pl\/wp-content\/uploads\/2025\/08\/1241d423-fd9f-4a34-bb60-b26259005553.jpeg\",\"contentUrl\":\"https:\/\/www.tourdepologne.pl\/wp-content\/uploads\/2025\/08\/1241d423-fd9f-4a34-bb60-b26259005553.jpeg\",\"width\":1280,\"height\":853},{\"@type\":\"BreadcrumbList\",\"@id\":\"https:\/\/www.tourdepologne.pl\/en\/2025\/08\/olav-kooij-wins-the-opener-and-takes-the-orlen-general-classification-lead\/#breadcrumb\",\"itemListElement\":[{\"@type\":\"ListItem\",\"position\":1,\"name\":\"Strona g\u0142\u00f3wna\",\"item\":\"https:\/\/www.tourdepologne.pl\/en\/\"},{\"@type\":\"ListItem\",\"position\":2,\"name\":\"Olav Kooij wins the opener and takes the ORLEN General Classification lead!\"}]},{\"@type\":\"WebSite\",\"@id\":\"https:\/\/www.tourdepologne.pl\/#website\",\"url\":\"https:\/\/www.tourdepologne.pl\/\",\"name\":\"Tour de Pologne\",\"description\":\"\",\"publisher\":{\"@id\":\"https:\/\/www.tourdepologne.pl\/#organization\"},\"potentialAction\":[{\"@type\":\"SearchAction\",\"target\":{\"@type\":\"EntryPoint\",\"urlTemplate\":\"https:\/\/www.tourdepologne.pl\/?s={search_term_string}\"},\"query-input\":{\"@type\":\"PropertyValueSpecification\",\"valueRequired\":true,\"valueName\":\"search_term_string\"}}],\"inLanguage\":\"en-US\"},{\"@type\":\"Organization\",\"@id\":\"https:\/\/www.tourdepologne.pl\/#organization\",\"name\":\"Wy\u015bcig kolarski Tour de Pologne\",\"url\":\"https:\/\/www.tourdepologne.pl\/\",\"logo\":{\"@type\":\"ImageObject\",\"inLanguage\":\"en-US\",\"@id\":\"https:\/\/www.tourdepologne.pl\/#\/schema\/logo\/image\/\",\"url\":\"https:\/\/www.tourdepologne.pl\/wp-content\/uploads\/2019\/06\/logo-tdp.png\",\"contentUrl\":\"https:\/\/www.tourdepologne.pl\/wp-content\/uploads\/2019\/06\/logo-tdp.png\",\"width\":450,\"height\":52,\"caption\":\"Wy\u015bcig kolarski Tour de Pologne\"},\"image\":{\"@id\":\"https:\/\/www.tourdepologne.pl\/#\/schema\/logo\/image\/\"},\"sameAs\":[\"https:\/\/www.facebook.com\/tourdepologne\",\"https:\/\/x.com\/tour_de_pologne\",\"https:\/\/www.instagram.com\/tourdepologne\/\",\"https:\/\/www.youtube.com\/@TourdePologne2011\"]},{\"@type\":\"Person\",\"@id\":\"https:\/\/www.tourdepologne.pl\/#\/schema\/person\/f4fe67774ed888efd15b2ce6e2c8ba8e\",\"name\":\"Press\",\"image\":{\"@type\":\"ImageObject\",\"inLanguage\":\"en-US\",\"@id\":\"https:\/\/secure.gravatar.com\/avatar\/df62f2f515b6857a7626e7d733ea81e452163a8e46d8c1787c083c5dd0ee42df?s=96&d=mm&r=g\",\"url\":\"https:\/\/secure.gravatar.com\/avatar\/df62f2f515b6857a7626e7d733ea81e452163a8e46d8c1787c083c5dd0ee42df?s=96&d=mm&r=g\",\"contentUrl\":\"https:\/\/secure.gravatar.com\/avatar\/df62f2f515b6857a7626e7d733ea81e452163a8e46d8c1787c083c5dd0ee42df?s=96&d=mm&r=g\",\"caption\":\"Press\"},\"url\":\"https:\/\/www.tourdepologne.pl\/en\/author\/press\/\"}]}<\/script>\n<!-- \/ Yoast SEO plugin. -->","yoast_head_json":{"title":"Olav Kooij wins the opener and takes the ORLEN General Classification lead! - Tour de Pologne","robots":{"index":"index","follow":"follow","max-snippet":"max-snippet:-1","max-image-preview":"max-image-preview:large","max-video-preview":"max-video-preview:-1"},"canonical":"https:\/\/www.tourdepologne.pl\/en\/2025\/08\/olav-kooij-wins-the-opener-and-takes-the-orlen-general-classification-lead\/","og_locale":"en_US","og_type":"article","og_title":"Olav Kooij wins the opener and takes the ORLEN General Classification lead! - Tour de Pologne","og_description":"An exciting sprint finish in Legnica wrapped up the first stage of the 82nd Tour de Pologne UCI WorldTour. The &hellip;","og_url":"https:\/\/www.tourdepologne.pl\/en\/2025\/08\/olav-kooij-wins-the-opener-and-takes-the-orlen-general-classification-lead\/","og_site_name":"Tour de Pologne","article_publisher":"https:\/\/www.facebook.com\/tourdepologne","article_published_time":"2025-08-04T16:07:30+00:00","article_modified_time":"2025-08-05T08:31:30+00:00","og_image":[{"width":1280,"height":853,"url":"https:\/\/www.tourdepologne.pl\/wp-content\/uploads\/2025\/08\/1241d423-fd9f-4a34-bb60-b26259005553.jpeg","type":"image\/jpeg"}],"author":"Press","twitter_card":"summary_large_image","twitter_creator":"@tour_de_pologne","twitter_site":"@tour_de_pologne","twitter_misc":{"Written by":"Press","Est. reading time":"5 minutes"},"schema":{"@context":"https:\/\/schema.org","@graph":[{"@type":"Article","@id":"https:\/\/www.tourdepologne.pl\/en\/2025\/08\/olav-kooij-wins-the-opener-and-takes-the-orlen-general-classification-lead\/#article","isPartOf":{"@id":"https:\/\/www.tourdepologne.pl\/en\/2025\/08\/olav-kooij-wins-the-opener-and-takes-the-orlen-general-classification-lead\/"},"author":{"name":"Press","@id":"https:\/\/www.tourdepologne.pl\/#\/schema\/person\/f4fe67774ed888efd15b2ce6e2c8ba8e"},"headline":"Olav Kooij wins the opener and takes the ORLEN General Classification lead!","datePublished":"2025-08-04T16:07:30+00:00","dateModified":"2025-08-05T08:31:30+00:00","mainEntityOfPage":{"@id":"https:\/\/www.tourdepologne.pl\/en\/2025\/08\/olav-kooij-wins-the-opener-and-takes-the-orlen-general-classification-lead\/"},"wordCount":791,"publisher":{"@id":"https:\/\/www.tourdepologne.pl\/#organization"},"image":{"@id":"https:\/\/www.tourdepologne.pl\/en\/2025\/08\/olav-kooij-wins-the-opener-and-takes-the-orlen-general-classification-lead\/#primaryimage"},"thumbnailUrl":"https:\/\/www.tourdepologne.pl\/wp-content\/uploads\/2025\/08\/1241d423-fd9f-4a34-bb60-b26259005553.jpeg","articleSection":["News en"],"inLanguage":"en-US"},{"@type":"WebPage","@id":"https:\/\/www.tourdepologne.pl\/en\/2025\/08\/olav-kooij-wins-the-opener-and-takes-the-orlen-general-classification-lead\/","url":"https:\/\/www.tourdepologne.pl\/en\/2025\/08\/olav-kooij-wins-the-opener-and-takes-the-orlen-general-classification-lead\/","name":"Olav Kooij wins the opener and takes the ORLEN General Classification lead! - Tour de Pologne","isPartOf":{"@id":"https:\/\/www.tourdepologne.pl\/#website"},"primaryImageOfPage":{"@id":"https:\/\/www.tourdepologne.pl\/en\/2025\/08\/olav-kooij-wins-the-opener-and-takes-the-orlen-general-classification-lead\/#primaryimage"},"image":{"@id":"https:\/\/www.tourdepologne.pl\/en\/2025\/08\/olav-kooij-wins-the-opener-and-takes-the-orlen-general-classification-lead\/#primaryimage"},"thumbnailUrl":"https:\/\/www.tourdepologne.pl\/wp-content\/uploads\/2025\/08\/1241d423-fd9f-4a34-bb60-b26259005553.jpeg","datePublished":"2025-08-04T16:07:30+00:00","dateModified":"2025-08-05T08:31:30+00:00","breadcrumb":{"@id":"https:\/\/www.tourdepologne.pl\/en\/2025\/08\/olav-kooij-wins-the-opener-and-takes-the-orlen-general-classification-lead\/#breadcrumb"},"inLanguage":"en-US","potentialAction":[{"@type":"ReadAction","target":["https:\/\/www.tourdepologne.pl\/en\/2025\/08\/olav-kooij-wins-the-opener-and-takes-the-orlen-general-classification-lead\/"]}]},{"@type":"ImageObject","inLanguage":"en-US","@id":"https:\/\/www.tourdepologne.pl\/en\/2025\/08\/olav-kooij-wins-the-opener-and-takes-the-orlen-general-classification-lead\/#primaryimage","url":"https:\/\/www.tourdepologne.pl\/wp-content\/uploads\/2025\/08\/1241d423-fd9f-4a34-bb60-b26259005553.jpeg","contentUrl":"https:\/\/www.tourdepologne.pl\/wp-content\/uploads\/2025\/08\/1241d423-fd9f-4a34-bb60-b26259005553.jpeg","width":1280,"height":853},{"@type":"BreadcrumbList","@id":"https:\/\/www.tourdepologne.pl\/en\/2025\/08\/olav-kooij-wins-the-opener-and-takes-the-orlen-general-classification-lead\/#breadcrumb","itemListElement":[{"@type":"ListItem","position":1,"name":"Strona g\u0142\u00f3wna","item":"https:\/\/www.tourdepologne.pl\/en\/"},{"@type":"ListItem","position":2,"name":"Olav Kooij wins the opener and takes the ORLEN General Classification lead!"}]},{"@type":"WebSite","@id":"https:\/\/www.tourdepologne.pl\/#website","url":"https:\/\/www.tourdepologne.pl\/","name":"Tour de Pologne","description":"","publisher":{"@id":"https:\/\/www.tourdepologne.pl\/#organization"},"potentialAction":[{"@type":"SearchAction","target":{"@type":"EntryPoint","urlTemplate":"https:\/\/www.tourdepologne.pl\/?s={search_term_string}"},"query-input":{"@type":"PropertyValueSpecification","valueRequired":true,"valueName":"search_term_string"}}],"inLanguage":"en-US"},{"@type":"Organization","@id":"https:\/\/www.tourdepologne.pl\/#organization","name":"Wy\u015bcig kolarski Tour de Pologne","url":"https:\/\/www.tourdepologne.pl\/","logo":{"@type":"ImageObject","inLanguage":"en-US","@id":"https:\/\/www.tourdepologne.pl\/#\/schema\/logo\/image\/","url":"https:\/\/www.tourdepologne.pl\/wp-content\/uploads\/2019\/06\/logo-tdp.png","contentUrl":"https:\/\/www.tourdepologne.pl\/wp-content\/uploads\/2019\/06\/logo-tdp.png","width":450,"height":52,"caption":"Wy\u015bcig kolarski Tour de Pologne"},"image":{"@id":"https:\/\/www.tourdepologne.pl\/#\/schema\/logo\/image\/"},"sameAs":["https:\/\/www.facebook.com\/tourdepologne","https:\/\/x.com\/tour_de_pologne","https:\/\/www.instagram.com\/tourdepologne\/","https:\/\/www.youtube.com\/@TourdePologne2011"]},{"@type":"Person","@id":"https:\/\/www.tourdepologne.pl\/#\/schema\/person\/f4fe67774ed888efd15b2ce6e2c8ba8e","name":"Press","image":{"@type":"ImageObject","inLanguage":"en-US","@id":"https:\/\/secure.gravatar.com\/avatar\/df62f2f515b6857a7626e7d733ea81e452163a8e46d8c1787c083c5dd0ee42df?s=96&d=mm&r=g","url":"https:\/\/secure.gravatar.com\/avatar\/df62f2f515b6857a7626e7d733ea81e452163a8e46d8c1787c083c5dd0ee42df?s=96&d=mm&r=g","contentUrl":"https:\/\/secure.gravatar.com\/avatar\/df62f2f515b6857a7626e7d733ea81e452163a8e46d8c1787c083c5dd0ee42df?s=96&d=mm&r=g","caption":"Press"},"url":"https:\/\/www.tourdepologne.pl\/en\/author\/press\/"}]}},"_links":{"self":[{"href":"https:\/\/www.tourdepologne.pl\/en\/wp-json\/wp\/v2\/posts\/39479","targetHints":{"allow":["GET"]}}],"collection":[{"href":"https:\/\/www.tourdepologne.pl\/en\/wp-json\/wp\/v2\/posts"}],"about":[{"href":"https:\/\/www.tourdepologne.pl\/en\/wp-json\/wp\/v2\/types\/post"}],"author":[{"embeddable":true,"href":"https:\/\/www.tourdepologne.pl\/en\/wp-json\/wp\/v2\/users\/6"}],"replies":[{"embeddable":true,"href":"https:\/\/www.tourdepologne.pl\/en\/wp-json\/wp\/v2\/comments?post=39479"}],"version-history":[{"count":1,"href":"https:\/\/www.tourdepologne.pl\/en\/wp-json\/wp\/v2\/posts\/39479\/revisions"}],"predecessor-version":[{"id":39480,"href":"https:\/\/www.tourdepologne.pl\/en\/wp-json\/wp\/v2\/posts\/39479\/revisions\/39480"}],"wp:featuredmedia":[{"embeddable":true,"href":"https:\/\/www.tourdepologne.pl\/en\/wp-json\/wp\/v2\/media\/39477"}],"wp:attachment":[{"href":"https:\/\/www.tourdepologne.pl\/en\/wp-json\/wp\/v2\/media?parent=39479"}],"wp:term":[{"taxonomy":"category","embeddable":true,"href":"https:\/\/www.tourdepologne.pl\/en\/wp-json\/wp\/v2\/categories?post=39479"},{"taxonomy":"post_tag","embeddable":true,"href":"https:\/\/www.tourdepologne.pl\/en\/wp-json\/wp\/v2\/tags?post=39479"}],"curies":[{"name":"wp","href":"https:\/\/api.w.org\/{rel}","templated":true}]}}