{"id":39849,"date":"2025-08-05T18:26:59","date_gmt":"2025-08-05T16:26:59","guid":{"rendered":"https:\/\/www.tourdepologne.pl\/?p=39849"},"modified":"2025-08-06T10:04:45","modified_gmt":"2025-08-06T08:04:45","slug":"paul-lapeira-wins-a-thrilling-finish-in-karpacz","status":"publish","type":"post","link":"https:\/\/www.tourdepologne.pl\/en\/2025\/08\/paul-lapeira-wins-a-thrilling-finish-in-karpacz\/","title":{"rendered":"Paul Lapeira wins a thrilling finish in Karpacz!"},"content":{"rendered":"<p><strong>The climb up the famous Orlinek in Karpacz promised drama and a battle among the overall race favourites. The riders delivered a spectacular show, and the win went to Paul Lapeira of Decathlon AG2R La Mondiale, who also became the new leader of the ORLEN General Classification.<\/strong><\/p>\n<p>The flat opening stage of the 82nd Tour de Pologne UCI WorldTour from Wroc\u0142aw to Legnica was the only pure sprinter stage in this year&#8217;s edition. Today, it was time for the contenders for the overall victory to step up. The stage covered just under 150 km, starting at Hotel Go\u0142\u0119biewski Karpacz and finishing atop Orlinek in Karpacz, with plenty of extra attractions along the way.<\/p>\n<p>A breakaway of four riders formed early, including two Poles: Patryk Stosz and Tomasz Budzi\u0144ski. They were joined by Briton Max Walker (EF Education-EasyPost) and Patrick Gamper (Team Jayco AlUla). Tomasz Budzi\u0144ski won the first PZU Mountain Prime at the Kowarska Pass, while Patryk Stosz took both LOTTO Sprint Primes in Kamienna G\u00f3ra and Czarny B\u00f3r. Thanks to this, they temporarily led the PZU Best Climber and LOTTO Most Active Rider classifications.<\/p>\n<p>The break built a gap of about 3 minutes over the peloton, which was led by race leader Olav Kooij\u2019s team \u2013 Team Visma | Lease a Bike. The Decathlon Special Prime was won by Patrick Gamper, while Patryk Stosz was forced to drop out of the break due to a mechanical issue. The remaining three pushed on, reaching the Kowarska and \u015arednica Passes \u2013 more PZU Mountain Primes \u2013 with Budzi\u0144ski first over both climbs.<\/p>\n<p>The peloton picked up the pace and cut the lead to under a minute. Before the final categorised climb at the \u015arednica Pass, Max Walker attacked and went solo. The Briton aimed for a stage win but was caught just a few kilometres from the finish.<\/p>\n<p>With only 4 km to go, at the foot of the Orlinek climb, riders contested the Hotel Seidorf***** Special Prime in Karpacz, won by Filippo Baroncini (UAE Team Emirates-XRG). The luxury venue in Sosn\u00f3wka is hosting four teams in this year\u2019s race: UAE Team Emirates-XRG, Team Visma | Lease a Bike, Soudal \u2013 Quick-Step, and Red Bull-BORA-hansgrohe, and is the partner of Stage 2. Lang Team has long prioritised top-class accommodations for teams, made possible by strong partnerships.<\/p>\n<p>As the riders approached the summit, the peloton thinned out rapidly. INEOS Grenadiers\u2019 Micha\u0142 Kwiatkowski drove the pace, and Jan Christen (UAE Team Emirates-XRG) launched the first sprint. But no one could match Paul Lapeira of Decathlon AG2R La Mondiale, who powered to a spectacular stage win.<\/p>\n<p><em>&#8220;I came in feeling really confident after a great July at home. I felt strong and had good legs the whole time. The team did an incredible job, and I\u2019m happy I could finish it off. Honestly, I only focused on the finish line and giving it my all. I\u2019ll try to win more stages in the coming days \u2014 we&#8217;ll see how it goes. I feel good. But one thing\u2019s for sure: I absolutely want to defend this jersey\u201d <\/em>said Paul Lapeira.<\/p>\n<p>The podium was completed by Mathias Vacek (Lidl-Trek) and Victor Langelotti (INEOS Grenadiers).<\/p>\n<p><em>\u201eThis winter marked a big change for me, as it\u2019s my first year with INEOS. I\u2019m super happy with the team, and everything is going really well so far. This is also the first time I\u2019ve raced so consistently, and I can definitely feel the difference in my rhythm. Having the opportunity to race so much is great because it helps you grow. Step by step, I think the results will come. Today, the plan was to support Sheffield, but the great thing about being on such a strong team is that we have multiple options: Kwiatkowski, Magnus, and me. We aimed to set a hard pace, and it turned out that I had a chance, too. That\u2019s amazing\u201d<\/em> said Victor Langelotti.<\/p>\n<p>The stage winner also became the new leader of both the ORLEN General Classification and Lang Team Points Classification. Tomasz Budzi\u0144ski now leads the PZU Best Climber Classification, while Patryk Stosz tops the LOTTO Most Active Rider Classification.<\/p>\n<p><em>\u201cEven I was surprised at how quickly we pulled away from the peloton, but riding at the front and winning primes wasn\u2019t easy. We worked well together almost until the end, and Patryk and I claimed two jerseys \u2013 we\u2019re really happy. I hope to reach the time trial still wearing the mountains jersey\u201d<\/em> said Tomasz Budzi\u0144ski of the Polish National Team.<\/p>\n<p><em>\u201cMy goal for the Tour de Pologne is the blue jersey. I was already in the break yesterday, contesting the intermediate sprints. Today, I got away with Tomek and managed to win two sprints and take the jersey. Unfortunately, a mechanical took me out of the break, but I\u2019m really glad we\u2019re leading two classifications\u201d<\/em> said Patryk Stosz, the current LOTTO Most Active Rider leader.<\/p>\n<p>The ORLEN VITAY Best Polish Rider Prime was won by Rafa\u0142 Majka (UAE Team Emirates-XRG), who finished 10th on the stage. His team also won the Decathlon Team Classification of today\u2019s stage.<\/p>\n<p><em>\u201cChristen is in great shape, and we have several riders in the top ten, so we have options to play. Tomorrow\u2019s stage will be crucial, and the upcoming ones could bring surprises, especially on the tough mountain routes. I felt good today, kept a steady pace on the climb to save energy for the key moments. I expect a strong pace and many attacks from the start tomorrow. Our young teammate is very strong, but still lacks some composure \u2013 he could\u2019ve won today. We discussed the tactics before the stage\u201d<\/em> commented Rafa\u0142 Majka, referring to Jan Christen\u2019s 5th place.<\/p>\n<p>Tomorrow\u2019s stage will take place on a climb-packed route from Wa\u0142brzych to Wa\u0142brzych, in the Wa\u0142brzych County. It promises to be an exciting mountain showdown. All stages are broadcast on TVP, Eurosport, and HBO Max, reaching fans in 65 countries.<\/p>\n","protected":false},"excerpt":{"rendered":"<p>The climb up the famous Orlinek in Karpacz promised drama and a battle among the overall race favourites. The riders &hellip; <\/p>\n","protected":false},"author":6,"featured_media":40029,"comment_status":"closed","ping_status":"closed","sticky":false,"template":"","format":"standard","meta":{"_acf_changed":false,"footnotes":""},"categories":[95],"tags":[],"class_list":["post-39849","post","type-post","status-publish","format-standard","has-post-thumbnail","hentry","category-news-en"],"acf":[],"yoast_head":"<!-- This site is optimized with the Yoast SEO plugin v27.2 - https:\/\/yoast.com\/product\/yoast-seo-wordpress\/ -->\n<title>Paul Lapeira wins a thrilling finish in Karpacz! - Tour de Pologne<\/title>\n<meta name=\"robots\" content=\"index, follow, max-snippet:-1, max-image-preview:large, max-video-preview:-1\" \/>\n<link rel=\"canonical\" href=\"https:\/\/www.tourdepologne.pl\/en\/2025\/08\/paul-lapeira-wins-a-thrilling-finish-in-karpacz\/\" \/>\n<meta property=\"og:locale\" content=\"en_US\" \/>\n<meta property=\"og:type\" content=\"article\" \/>\n<meta property=\"og:title\" content=\"Paul Lapeira wins a thrilling finish in Karpacz! - Tour de Pologne\" \/>\n<meta property=\"og:description\" content=\"The climb up the famous Orlinek in Karpacz promised drama and a battle among the overall race favourites. The riders &hellip;\" \/>\n<meta property=\"og:url\" content=\"https:\/\/www.tourdepologne.pl\/en\/2025\/08\/paul-lapeira-wins-a-thrilling-finish-in-karpacz\/\" \/>\n<meta property=\"og:site_name\" content=\"Tour de Pologne\" \/>\n<meta property=\"article:publisher\" content=\"https:\/\/www.facebook.com\/tourdepologne\" \/>\n<meta property=\"article:published_time\" content=\"2025-08-05T16:26:59+00:00\" \/>\n<meta property=\"article:modified_time\" content=\"2025-08-06T08:04:45+00:00\" \/>\n<meta property=\"og:image\" content=\"https:\/\/www.tourdepologne.pl\/wp-content\/uploads\/2025\/08\/TDP_25_S2-99.jpg\" \/>\n\t<meta property=\"og:image:width\" content=\"1280\" \/>\n\t<meta property=\"og:image:height\" content=\"853\" \/>\n\t<meta property=\"og:image:type\" content=\"image\/jpeg\" \/>\n<meta name=\"author\" content=\"Press\" \/>\n<meta name=\"twitter:card\" content=\"summary_large_image\" \/>\n<meta name=\"twitter:creator\" content=\"@tour_de_pologne\" \/>\n<meta name=\"twitter:site\" content=\"@tour_de_pologne\" \/>\n<meta name=\"twitter:label1\" content=\"Written by\" \/>\n\t<meta name=\"twitter:data1\" content=\"Press\" \/>\n\t<meta name=\"twitter:label2\" content=\"Est. reading time\" \/>\n\t<meta name=\"twitter:data2\" content=\"7 minutes\" \/>\n<script type=\"application\/ld+json\" class=\"yoast-schema-graph\">{\"@context\":\"https:\/\/schema.org\",\"@graph\":[{\"@type\":\"Article\",\"@id\":\"https:\/\/www.tourdepologne.pl\/en\/2025\/08\/paul-lapeira-wins-a-thrilling-finish-in-karpacz\/#article\",\"isPartOf\":{\"@id\":\"https:\/\/www.tourdepologne.pl\/en\/2025\/08\/paul-lapeira-wins-a-thrilling-finish-in-karpacz\/\"},\"author\":{\"name\":\"Press\",\"@id\":\"https:\/\/www.tourdepologne.pl\/#\/schema\/person\/f4fe67774ed888efd15b2ce6e2c8ba8e\"},\"headline\":\"Paul Lapeira wins a thrilling finish in Karpacz!\",\"datePublished\":\"2025-08-05T16:26:59+00:00\",\"dateModified\":\"2025-08-06T08:04:45+00:00\",\"mainEntityOfPage\":{\"@id\":\"https:\/\/www.tourdepologne.pl\/en\/2025\/08\/paul-lapeira-wins-a-thrilling-finish-in-karpacz\/\"},\"wordCount\":1016,\"publisher\":{\"@id\":\"https:\/\/www.tourdepologne.pl\/#organization\"},\"image\":{\"@id\":\"https:\/\/www.tourdepologne.pl\/en\/2025\/08\/paul-lapeira-wins-a-thrilling-finish-in-karpacz\/#primaryimage\"},\"thumbnailUrl\":\"https:\/\/www.tourdepologne.pl\/wp-content\/uploads\/2025\/08\/TDP_25_S2-99.jpg\",\"articleSection\":[\"News en\"],\"inLanguage\":\"en-US\"},{\"@type\":\"WebPage\",\"@id\":\"https:\/\/www.tourdepologne.pl\/en\/2025\/08\/paul-lapeira-wins-a-thrilling-finish-in-karpacz\/\",\"url\":\"https:\/\/www.tourdepologne.pl\/en\/2025\/08\/paul-lapeira-wins-a-thrilling-finish-in-karpacz\/\",\"name\":\"Paul Lapeira wins a thrilling finish in Karpacz! - Tour de Pologne\",\"isPartOf\":{\"@id\":\"https:\/\/www.tourdepologne.pl\/#website\"},\"primaryImageOfPage\":{\"@id\":\"https:\/\/www.tourdepologne.pl\/en\/2025\/08\/paul-lapeira-wins-a-thrilling-finish-in-karpacz\/#primaryimage\"},\"image\":{\"@id\":\"https:\/\/www.tourdepologne.pl\/en\/2025\/08\/paul-lapeira-wins-a-thrilling-finish-in-karpacz\/#primaryimage\"},\"thumbnailUrl\":\"https:\/\/www.tourdepologne.pl\/wp-content\/uploads\/2025\/08\/TDP_25_S2-99.jpg\",\"datePublished\":\"2025-08-05T16:26:59+00:00\",\"dateModified\":\"2025-08-06T08:04:45+00:00\",\"breadcrumb\":{\"@id\":\"https:\/\/www.tourdepologne.pl\/en\/2025\/08\/paul-lapeira-wins-a-thrilling-finish-in-karpacz\/#breadcrumb\"},\"inLanguage\":\"en-US\",\"potentialAction\":[{\"@type\":\"ReadAction\",\"target\":[\"https:\/\/www.tourdepologne.pl\/en\/2025\/08\/paul-lapeira-wins-a-thrilling-finish-in-karpacz\/\"]}]},{\"@type\":\"ImageObject\",\"inLanguage\":\"en-US\",\"@id\":\"https:\/\/www.tourdepologne.pl\/en\/2025\/08\/paul-lapeira-wins-a-thrilling-finish-in-karpacz\/#primaryimage\",\"url\":\"https:\/\/www.tourdepologne.pl\/wp-content\/uploads\/2025\/08\/TDP_25_S2-99.jpg\",\"contentUrl\":\"https:\/\/www.tourdepologne.pl\/wp-content\/uploads\/2025\/08\/TDP_25_S2-99.jpg\",\"width\":1280,\"height\":853},{\"@type\":\"BreadcrumbList\",\"@id\":\"https:\/\/www.tourdepologne.pl\/en\/2025\/08\/paul-lapeira-wins-a-thrilling-finish-in-karpacz\/#breadcrumb\",\"itemListElement\":[{\"@type\":\"ListItem\",\"position\":1,\"name\":\"Strona g\u0142\u00f3wna\",\"item\":\"https:\/\/www.tourdepologne.pl\/en\/\"},{\"@type\":\"ListItem\",\"position\":2,\"name\":\"Paul Lapeira wins a thrilling finish in Karpacz!\"}]},{\"@type\":\"WebSite\",\"@id\":\"https:\/\/www.tourdepologne.pl\/#website\",\"url\":\"https:\/\/www.tourdepologne.pl\/\",\"name\":\"Tour de Pologne\",\"description\":\"\",\"publisher\":{\"@id\":\"https:\/\/www.tourdepologne.pl\/#organization\"},\"potentialAction\":[{\"@type\":\"SearchAction\",\"target\":{\"@type\":\"EntryPoint\",\"urlTemplate\":\"https:\/\/www.tourdepologne.pl\/?s={search_term_string}\"},\"query-input\":{\"@type\":\"PropertyValueSpecification\",\"valueRequired\":true,\"valueName\":\"search_term_string\"}}],\"inLanguage\":\"en-US\"},{\"@type\":\"Organization\",\"@id\":\"https:\/\/www.tourdepologne.pl\/#organization\",\"name\":\"Wy\u015bcig kolarski Tour de Pologne\",\"url\":\"https:\/\/www.tourdepologne.pl\/\",\"logo\":{\"@type\":\"ImageObject\",\"inLanguage\":\"en-US\",\"@id\":\"https:\/\/www.tourdepologne.pl\/#\/schema\/logo\/image\/\",\"url\":\"https:\/\/www.tourdepologne.pl\/wp-content\/uploads\/2019\/06\/logo-tdp.png\",\"contentUrl\":\"https:\/\/www.tourdepologne.pl\/wp-content\/uploads\/2019\/06\/logo-tdp.png\",\"width\":450,\"height\":52,\"caption\":\"Wy\u015bcig kolarski Tour de Pologne\"},\"image\":{\"@id\":\"https:\/\/www.tourdepologne.pl\/#\/schema\/logo\/image\/\"},\"sameAs\":[\"https:\/\/www.facebook.com\/tourdepologne\",\"https:\/\/x.com\/tour_de_pologne\",\"https:\/\/www.instagram.com\/tourdepologne\/\",\"https:\/\/www.youtube.com\/@TourdePologne2011\"]},{\"@type\":\"Person\",\"@id\":\"https:\/\/www.tourdepologne.pl\/#\/schema\/person\/f4fe67774ed888efd15b2ce6e2c8ba8e\",\"name\":\"Press\",\"image\":{\"@type\":\"ImageObject\",\"inLanguage\":\"en-US\",\"@id\":\"https:\/\/secure.gravatar.com\/avatar\/df62f2f515b6857a7626e7d733ea81e452163a8e46d8c1787c083c5dd0ee42df?s=96&d=mm&r=g\",\"url\":\"https:\/\/secure.gravatar.com\/avatar\/df62f2f515b6857a7626e7d733ea81e452163a8e46d8c1787c083c5dd0ee42df?s=96&d=mm&r=g\",\"contentUrl\":\"https:\/\/secure.gravatar.com\/avatar\/df62f2f515b6857a7626e7d733ea81e452163a8e46d8c1787c083c5dd0ee42df?s=96&d=mm&r=g\",\"caption\":\"Press\"},\"url\":\"https:\/\/www.tourdepologne.pl\/en\/author\/press\/\"}]}<\/script>\n<!-- \/ Yoast SEO plugin. -->","yoast_head_json":{"title":"Paul Lapeira wins a thrilling finish in Karpacz! - Tour de Pologne","robots":{"index":"index","follow":"follow","max-snippet":"max-snippet:-1","max-image-preview":"max-image-preview:large","max-video-preview":"max-video-preview:-1"},"canonical":"https:\/\/www.tourdepologne.pl\/en\/2025\/08\/paul-lapeira-wins-a-thrilling-finish-in-karpacz\/","og_locale":"en_US","og_type":"article","og_title":"Paul Lapeira wins a thrilling finish in Karpacz! - Tour de Pologne","og_description":"The climb up the famous Orlinek in Karpacz promised drama and a battle among the overall race favourites. The riders &hellip;","og_url":"https:\/\/www.tourdepologne.pl\/en\/2025\/08\/paul-lapeira-wins-a-thrilling-finish-in-karpacz\/","og_site_name":"Tour de Pologne","article_publisher":"https:\/\/www.facebook.com\/tourdepologne","article_published_time":"2025-08-05T16:26:59+00:00","article_modified_time":"2025-08-06T08:04:45+00:00","og_image":[{"width":1280,"height":853,"url":"https:\/\/www.tourdepologne.pl\/wp-content\/uploads\/2025\/08\/TDP_25_S2-99.jpg","type":"image\/jpeg"}],"author":"Press","twitter_card":"summary_large_image","twitter_creator":"@tour_de_pologne","twitter_site":"@tour_de_pologne","twitter_misc":{"Written by":"Press","Est. reading time":"7 minutes"},"schema":{"@context":"https:\/\/schema.org","@graph":[{"@type":"Article","@id":"https:\/\/www.tourdepologne.pl\/en\/2025\/08\/paul-lapeira-wins-a-thrilling-finish-in-karpacz\/#article","isPartOf":{"@id":"https:\/\/www.tourdepologne.pl\/en\/2025\/08\/paul-lapeira-wins-a-thrilling-finish-in-karpacz\/"},"author":{"name":"Press","@id":"https:\/\/www.tourdepologne.pl\/#\/schema\/person\/f4fe67774ed888efd15b2ce6e2c8ba8e"},"headline":"Paul Lapeira wins a thrilling finish in Karpacz!","datePublished":"2025-08-05T16:26:59+00:00","dateModified":"2025-08-06T08:04:45+00:00","mainEntityOfPage":{"@id":"https:\/\/www.tourdepologne.pl\/en\/2025\/08\/paul-lapeira-wins-a-thrilling-finish-in-karpacz\/"},"wordCount":1016,"publisher":{"@id":"https:\/\/www.tourdepologne.pl\/#organization"},"image":{"@id":"https:\/\/www.tourdepologne.pl\/en\/2025\/08\/paul-lapeira-wins-a-thrilling-finish-in-karpacz\/#primaryimage"},"thumbnailUrl":"https:\/\/www.tourdepologne.pl\/wp-content\/uploads\/2025\/08\/TDP_25_S2-99.jpg","articleSection":["News en"],"inLanguage":"en-US"},{"@type":"WebPage","@id":"https:\/\/www.tourdepologne.pl\/en\/2025\/08\/paul-lapeira-wins-a-thrilling-finish-in-karpacz\/","url":"https:\/\/www.tourdepologne.pl\/en\/2025\/08\/paul-lapeira-wins-a-thrilling-finish-in-karpacz\/","name":"Paul Lapeira wins a thrilling finish in Karpacz! - Tour de Pologne","isPartOf":{"@id":"https:\/\/www.tourdepologne.pl\/#website"},"primaryImageOfPage":{"@id":"https:\/\/www.tourdepologne.pl\/en\/2025\/08\/paul-lapeira-wins-a-thrilling-finish-in-karpacz\/#primaryimage"},"image":{"@id":"https:\/\/www.tourdepologne.pl\/en\/2025\/08\/paul-lapeira-wins-a-thrilling-finish-in-karpacz\/#primaryimage"},"thumbnailUrl":"https:\/\/www.tourdepologne.pl\/wp-content\/uploads\/2025\/08\/TDP_25_S2-99.jpg","datePublished":"2025-08-05T16:26:59+00:00","dateModified":"2025-08-06T08:04:45+00:00","breadcrumb":{"@id":"https:\/\/www.tourdepologne.pl\/en\/2025\/08\/paul-lapeira-wins-a-thrilling-finish-in-karpacz\/#breadcrumb"},"inLanguage":"en-US","potentialAction":[{"@type":"ReadAction","target":["https:\/\/www.tourdepologne.pl\/en\/2025\/08\/paul-lapeira-wins-a-thrilling-finish-in-karpacz\/"]}]},{"@type":"ImageObject","inLanguage":"en-US","@id":"https:\/\/www.tourdepologne.pl\/en\/2025\/08\/paul-lapeira-wins-a-thrilling-finish-in-karpacz\/#primaryimage","url":"https:\/\/www.tourdepologne.pl\/wp-content\/uploads\/2025\/08\/TDP_25_S2-99.jpg","contentUrl":"https:\/\/www.tourdepologne.pl\/wp-content\/uploads\/2025\/08\/TDP_25_S2-99.jpg","width":1280,"height":853},{"@type":"BreadcrumbList","@id":"https:\/\/www.tourdepologne.pl\/en\/2025\/08\/paul-lapeira-wins-a-thrilling-finish-in-karpacz\/#breadcrumb","itemListElement":[{"@type":"ListItem","position":1,"name":"Strona g\u0142\u00f3wna","item":"https:\/\/www.tourdepologne.pl\/en\/"},{"@type":"ListItem","position":2,"name":"Paul Lapeira wins a thrilling finish in Karpacz!"}]},{"@type":"WebSite","@id":"https:\/\/www.tourdepologne.pl\/#website","url":"https:\/\/www.tourdepologne.pl\/","name":"Tour de Pologne","description":"","publisher":{"@id":"https:\/\/www.tourdepologne.pl\/#organization"},"potentialAction":[{"@type":"SearchAction","target":{"@type":"EntryPoint","urlTemplate":"https:\/\/www.tourdepologne.pl\/?s={search_term_string}"},"query-input":{"@type":"PropertyValueSpecification","valueRequired":true,"valueName":"search_term_string"}}],"inLanguage":"en-US"},{"@type":"Organization","@id":"https:\/\/www.tourdepologne.pl\/#organization","name":"Wy\u015bcig kolarski Tour de Pologne","url":"https:\/\/www.tourdepologne.pl\/","logo":{"@type":"ImageObject","inLanguage":"en-US","@id":"https:\/\/www.tourdepologne.pl\/#\/schema\/logo\/image\/","url":"https:\/\/www.tourdepologne.pl\/wp-content\/uploads\/2019\/06\/logo-tdp.png","contentUrl":"https:\/\/www.tourdepologne.pl\/wp-content\/uploads\/2019\/06\/logo-tdp.png","width":450,"height":52,"caption":"Wy\u015bcig kolarski Tour de Pologne"},"image":{"@id":"https:\/\/www.tourdepologne.pl\/#\/schema\/logo\/image\/"},"sameAs":["https:\/\/www.facebook.com\/tourdepologne","https:\/\/x.com\/tour_de_pologne","https:\/\/www.instagram.com\/tourdepologne\/","https:\/\/www.youtube.com\/@TourdePologne2011"]},{"@type":"Person","@id":"https:\/\/www.tourdepologne.pl\/#\/schema\/person\/f4fe67774ed888efd15b2ce6e2c8ba8e","name":"Press","image":{"@type":"ImageObject","inLanguage":"en-US","@id":"https:\/\/secure.gravatar.com\/avatar\/df62f2f515b6857a7626e7d733ea81e452163a8e46d8c1787c083c5dd0ee42df?s=96&d=mm&r=g","url":"https:\/\/secure.gravatar.com\/avatar\/df62f2f515b6857a7626e7d733ea81e452163a8e46d8c1787c083c5dd0ee42df?s=96&d=mm&r=g","contentUrl":"https:\/\/secure.gravatar.com\/avatar\/df62f2f515b6857a7626e7d733ea81e452163a8e46d8c1787c083c5dd0ee42df?s=96&d=mm&r=g","caption":"Press"},"url":"https:\/\/www.tourdepologne.pl\/en\/author\/press\/"}]}},"_links":{"self":[{"href":"https:\/\/www.tourdepologne.pl\/en\/wp-json\/wp\/v2\/posts\/39849","targetHints":{"allow":["GET"]}}],"collection":[{"href":"https:\/\/www.tourdepologne.pl\/en\/wp-json\/wp\/v2\/posts"}],"about":[{"href":"https:\/\/www.tourdepologne.pl\/en\/wp-json\/wp\/v2\/types\/post"}],"author":[{"embeddable":true,"href":"https:\/\/www.tourdepologne.pl\/en\/wp-json\/wp\/v2\/users\/6"}],"replies":[{"embeddable":true,"href":"https:\/\/www.tourdepologne.pl\/en\/wp-json\/wp\/v2\/comments?post=39849"}],"version-history":[{"count":1,"href":"https:\/\/www.tourdepologne.pl\/en\/wp-json\/wp\/v2\/posts\/39849\/revisions"}],"predecessor-version":[{"id":39850,"href":"https:\/\/www.tourdepologne.pl\/en\/wp-json\/wp\/v2\/posts\/39849\/revisions\/39850"}],"wp:featuredmedia":[{"embeddable":true,"href":"https:\/\/www.tourdepologne.pl\/en\/wp-json\/wp\/v2\/media\/40029"}],"wp:attachment":[{"href":"https:\/\/www.tourdepologne.pl\/en\/wp-json\/wp\/v2\/media?parent=39849"}],"wp:term":[{"taxonomy":"category","embeddable":true,"href":"https:\/\/www.tourdepologne.pl\/en\/wp-json\/wp\/v2\/categories?post=39849"},{"taxonomy":"post_tag","embeddable":true,"href":"https:\/\/www.tourdepologne.pl\/en\/wp-json\/wp\/v2\/tags?post=39849"}],"curies":[{"name":"wp","href":"https:\/\/api.w.org\/{rel}","templated":true}]}}