{"id":41172,"date":"2025-08-09T17:39:40","date_gmt":"2025-08-09T15:39:40","guid":{"rendered":"https:\/\/www.tourdepologne.pl\/?p=41172"},"modified":"2025-08-10T11:23:52","modified_gmt":"2025-08-10T09:23:52","slug":"victor-langellotti-z-pierwszym-zwyciestwem-w-uci-worldtour-i-koszulka-lidera-klasyfikacji-generalnej-orlen","status":"publish","type":"post","link":"https:\/\/www.tourdepologne.pl\/en\/2025\/08\/victor-langellotti-z-pierwszym-zwyciestwem-w-uci-worldtour-i-koszulka-lidera-klasyfikacji-generalnej-orlen\/","title":{"rendered":"Victor Langellotti takes first UCI WorldTour win and claims ORLEN General Classification lead"},"content":{"rendered":"<p><strong>Fans were treated to huge excitement in the 82nd Tour de Pologne UCI WorldTour. All signs pointed to Brandon McNulty (UAE Team Emirates-XRG) taking the win, but in the final metres he was overtaken by Victor Langellotti (INEOS Grenadiers). The rider from Monaco also became the new leader of the ORLEN General Classification.<\/strong><\/p>\n<p>The \u201cqueen\u201d stage of the 82nd Tour de Pologne UCI WorldTour led riders along a demanding route from BUKOVINA Resort to Bukowina Tatrza\u0144ska. The battle unfolded over three laps featuring climbs up the Harna\u015b Wall in Rzepiska and the BUKOVINA Wall in Gliczar\u00f3w, both classified as category 1 PZU Mountain Primes. The last of these on the third lap was dedicated to Joachim Halupczok, former world champion and Olympic silver medallist.<\/p>\n<p>The route also featured two LOTTO Sprint Primes \u2013 in Szaflary and Bia\u0142y Dunajec \u2013 and the Soudal Special Prime in Rzepiska. The uphill finish in Bukowina Tatrza\u0144ska was perfectly suited to climbing specialists.<\/p>\n<p>Once again, many riders tried to break away from the peloton, but it wasn\u2019t easy. Shortly after the start, the field hit the Harna\u015b Wall, won by the dominant PZU Best Climber Classification leader, Timo Kielich (Alpecin-Deceuninck). A nine-rider move formed at the front: <strong>Olav Kooij<\/strong>, <strong>Matthew Brennan<\/strong> (Team Visma | Lease a Bike), <strong>Timo Kielich<\/strong> (Alpecin-Deceuninck), <strong>Enzo Paleni <\/strong>(Groupama-FDJ), <strong>Lorenzo Milesi<\/strong> (Movistar Team), <strong>Paul Magnier<\/strong> (T-Rex Quick-Step), <strong>Reuben Thompso<\/strong>n (Lotto), <strong>Chris Hamilton<\/strong> (Team Picnic PostNL) and <strong>Nadav Raisberg<\/strong> (Israel-Premier Tech).<\/p>\n<p>From the peloton, <strong>Marijn van den Berg <\/strong>and <strong>Colby Simmons<\/strong> (EF Education-EasyPost) bridged across, while UAE Team Emirates-XRG set the pace behind. On the following KOM and sprint points \u2013 PZU Mountain Prime on the BUKOVINA Wall, LOTTO Sprint Prime in Szaflary, and the Harna\u015b Wall PZU Mountain Prime \u2013 Timo Kielich again came out on top, with Chris Hamilton winning the second BUKOVINA Wall PZU Mountain Prime.<\/p>\n<p>The main group began closing in on the break, from which Colby Simmons attacked. On the final ascent of the Harna\u015b Wall, Bahrain Victorious lifted the pace and Rafa\u0142 Majka (UAE Team Emirates-XRG) attacked, reeling in the break and splitting the peloton. Among those distanced was race leader Paul Lapeira (Decathlon AG2R La Mondiale).<\/p>\n<p>The last Harna\u015b Wall PZU Mountain Prime was taken by Antonio Tiberi (Bahrain Victorious), after which Quinten Hermans (Alpecin-Deceuninck) surged clear to claim the Soudal Special Prime in Rzepiska. Following the descent, a large front group reformed, including Lapeira, who managed to rejoin.<\/p>\n<p>Lapeira was dropped for good on the final BUKOVINA Wall PZU Mountain Prime, dedicated to Joachim Halupczok, as Majka again drove the pace. Earlier, on the LOTTO Sprint Prime in Bia\u0142y Dunajec, Brandon McNulty took 3 bonus seconds ahead of Tiberi and teammate Jan Christen.<\/p>\n<p>McNulty and Tiberi played key roles on the final climb, attacking with Filippo Zana (Team Jayco AlUla). After Tiberi won the PZU Mountain Prime, more riders joined, forming a 16-man lead group with Majka setting a fierce tempo.<\/p>\n<p>With 10 km to go, Rudy Molard (Groupama-FDJ) attacked, chased by Hermans. Once caught, Jan Christen tried his luck but couldn\u2019t get clear. Ahead of the final ramp, Majka again took the front, setting up another Christen move. When the Swiss was caught, McNulty launched a strong attack.<\/p>\n<p>It looked like the American had the win sewn up, but in the final metres <strong>Victor Langellotti<\/strong> (INEOS Grenadiers) surged past to take victory. <strong>Brandon McNulty<\/strong> finished second, with <strong>Pello Bilbao<\/strong> (Bahrain Victorious) crossing 7 seconds later. Langellotti now leads the ORLEN General Classification by 7 seconds over McNulty ahead of tomorrow\u2019s time trial at the Wieliczka Salt Mine.<\/p>\n<p><em>\u201cI knew this climb and I knew I had to wait until the last 500 meters because that\u2019s where it got really steep. I knew I\u2019d be strong there and, even though Brandon was far ahead, I felt confident and waited for the right moment. I went 100% and I\u2019m very happy I won. Tomorrow it will be very hard to keep the jersey \u2013 Brandon McNulty is a great time trialist and it\u2019s going to be a big fight. Today I\u2019ll enjoy the victory, and tomorrow I\u2019ll give everything to defend the lead\u201d <\/em>said <strong>Victor Langellotti<\/strong>. INEOS Grenadiers team started today\u2019s stage without Micha\u0142 Kwiatkowski and Magnus Sheffield, both struggling with health issues. <em>\u201cIt was a very tough day. When we saw in the morning that Kwiato and Magnus were sick and had to pull out \u2013 that was hard. Despite that, we didn\u2019t give up, the guys did an incredible job, and without them this wouldn\u2019t have been possible. I\u2019m very grateful for that\u201d <\/em>Langellotti said, after beating Brandon McNulty in the finale<em>.<\/em><\/p>\n<p><em>\u201cOf course, you always want to win a stage, but for me it was also important to stay close to the leaders ahead of tomorrow. Today went better than I expected. The whole day was really tough, and the climbs were very steep. With 700 meters to go I tried, but unfortunately the INEOS rider passed me \u2013 still, it was a good day. I\u2019m excited for the time trial because it\u2019s my specialty. I can\u2019t wait\u201d<\/em> commented <strong>Brandon McNulty<\/strong>.<\/p>\n<p>The leader of the PZU King of the Mountains classification is <strong>Timo Kielich<\/strong> (Alpecin\u2013Deceuninck), who was also part of the day\u2019s breakaway.<\/p>\n<p><em>\u201cThe best plan was to score points for the mountains classification right from the start, because then I was sure I\u2019d keep the jersey. When I came here, I had some doubts about my form, so I\u2019m glad I found good legs by getting into the breakaways. I think after this week my form will go up\u201d<\/em> Kielich said. <em>\u201cI was surprised by how many fans were along the route, especially on the final climb where there were huge crowds. I\u2019m happy I could fight for the jersey\u201d <\/em>he added.<\/p>\n<p>The blue LOTTO Most Active Rider jersey remains with <strong>Patryk Stosz<\/strong> (Polish National Team), while <strong>Ben Turner<\/strong> (INEOS Grenadiers) still leads the Lang Team Points Classification. The best-ranked Pole on the stage \u2013 and the winner of the ORLEN VITAY Best Polish Rider prize \u2013 was <strong>Rafa\u0142 Majka<\/strong>, who finished ninth.<\/p>\n<p><em>\u201cWe didn\u2019t win the stage today, but there\u2019s still a chance to win the whole race. Cycling is a team sport \u2013 and without boasting, I knew what to do to make sure the guys rode their best. On the Harna\u015b Wall I had a problem because my chain dropped, so I had to chase the group and I paid for it a bit. I\u2019m happy I can still bring joy to Polish fans, and as a 36-year-old I\u2019m still up there at the front,\u201d said Rafa\u0142 Majka after the finish. The Polish rider and former Tour de Pologne winner was also praised by Brandon McNulty: \u201cMajka is one of the best riders you can have helping you, so riding with him is always a great pleasure\u201d<\/em> he admitted.<\/p>\n<p>The 82nd Tour de Pologne UCI WorldTour will finisz tomorrow with an individual time trial starting and finishing at the Wieliczka Salt Mine. The first rider is scheduled off at 13:30. The stage will be broadcast on TVP, Eurosport, and HBO Max.<\/p>\n<p>&nbsp;<\/p>\n<p>&nbsp;<\/p>\n","protected":false},"excerpt":{"rendered":"<p>Fans were treated to huge excitement in the 82nd Tour de Pologne UCI WorldTour. All signs pointed to Brandon McNulty &hellip; <\/p>\n","protected":false},"author":6,"featured_media":41182,"comment_status":"closed","ping_status":"closed","sticky":false,"template":"","format":"standard","meta":{"_acf_changed":false,"footnotes":""},"categories":[95],"tags":[],"class_list":["post-41172","post","type-post","status-publish","format-standard","has-post-thumbnail","hentry","category-news-en"],"acf":[],"yoast_head":"<!-- This site is optimized with the Yoast SEO plugin v27.2 - https:\/\/yoast.com\/product\/yoast-seo-wordpress\/ -->\n<title>Victor Langellotti takes first UCI WorldTour win and claims ORLEN General Classification lead - Tour de Pologne<\/title>\n<meta name=\"robots\" content=\"index, follow, max-snippet:-1, max-image-preview:large, max-video-preview:-1\" \/>\n<link rel=\"canonical\" href=\"https:\/\/www.tourdepologne.pl\/en\/2025\/08\/victor-langellotti-z-pierwszym-zwyciestwem-w-uci-worldtour-i-koszulka-lidera-klasyfikacji-generalnej-orlen\/\" \/>\n<meta property=\"og:locale\" content=\"en_US\" \/>\n<meta property=\"og:type\" content=\"article\" \/>\n<meta property=\"og:title\" content=\"Victor Langellotti takes first UCI WorldTour win and claims ORLEN General Classification lead - Tour de Pologne\" \/>\n<meta property=\"og:description\" content=\"Fans were treated to huge excitement in the 82nd Tour de Pologne UCI WorldTour. All signs pointed to Brandon McNulty &hellip;\" \/>\n<meta property=\"og:url\" content=\"https:\/\/www.tourdepologne.pl\/en\/2025\/08\/victor-langellotti-z-pierwszym-zwyciestwem-w-uci-worldtour-i-koszulka-lidera-klasyfikacji-generalnej-orlen\/\" \/>\n<meta property=\"og:site_name\" content=\"Tour de Pologne\" \/>\n<meta property=\"article:publisher\" content=\"https:\/\/www.facebook.com\/tourdepologne\" \/>\n<meta property=\"article:published_time\" content=\"2025-08-09T15:39:40+00:00\" \/>\n<meta property=\"article:modified_time\" content=\"2025-08-10T09:23:52+00:00\" \/>\n<meta property=\"og:image\" content=\"https:\/\/www.tourdepologne.pl\/wp-content\/uploads\/2025\/08\/TDP25-ST6-47.jpg\" \/>\n\t<meta property=\"og:image:width\" content=\"1280\" \/>\n\t<meta property=\"og:image:height\" content=\"853\" \/>\n\t<meta property=\"og:image:type\" content=\"image\/jpeg\" \/>\n<meta name=\"author\" content=\"Press\" \/>\n<meta name=\"twitter:card\" content=\"summary_large_image\" \/>\n<meta name=\"twitter:creator\" content=\"@tour_de_pologne\" \/>\n<meta name=\"twitter:site\" content=\"@tour_de_pologne\" \/>\n<meta name=\"twitter:label1\" content=\"Written by\" \/>\n\t<meta name=\"twitter:data1\" content=\"Press\" \/>\n\t<meta name=\"twitter:label2\" content=\"Est. reading time\" \/>\n\t<meta name=\"twitter:data2\" content=\"8 minutes\" \/>\n<script type=\"application\/ld+json\" class=\"yoast-schema-graph\">{\"@context\":\"https:\/\/schema.org\",\"@graph\":[{\"@type\":\"Article\",\"@id\":\"https:\/\/www.tourdepologne.pl\/en\/2025\/08\/victor-langellotti-z-pierwszym-zwyciestwem-w-uci-worldtour-i-koszulka-lidera-klasyfikacji-generalnej-orlen\/#article\",\"isPartOf\":{\"@id\":\"https:\/\/www.tourdepologne.pl\/en\/2025\/08\/victor-langellotti-z-pierwszym-zwyciestwem-w-uci-worldtour-i-koszulka-lidera-klasyfikacji-generalnej-orlen\/\"},\"author\":{\"name\":\"Press\",\"@id\":\"https:\/\/www.tourdepologne.pl\/#\/schema\/person\/f4fe67774ed888efd15b2ce6e2c8ba8e\"},\"headline\":\"Victor Langellotti takes first UCI WorldTour win and claims ORLEN General Classification lead\",\"datePublished\":\"2025-08-09T15:39:40+00:00\",\"dateModified\":\"2025-08-10T09:23:52+00:00\",\"mainEntityOfPage\":{\"@id\":\"https:\/\/www.tourdepologne.pl\/en\/2025\/08\/victor-langellotti-z-pierwszym-zwyciestwem-w-uci-worldtour-i-koszulka-lidera-klasyfikacji-generalnej-orlen\/\"},\"wordCount\":1209,\"publisher\":{\"@id\":\"https:\/\/www.tourdepologne.pl\/#organization\"},\"image\":{\"@id\":\"https:\/\/www.tourdepologne.pl\/en\/2025\/08\/victor-langellotti-z-pierwszym-zwyciestwem-w-uci-worldtour-i-koszulka-lidera-klasyfikacji-generalnej-orlen\/#primaryimage\"},\"thumbnailUrl\":\"https:\/\/www.tourdepologne.pl\/wp-content\/uploads\/2025\/08\/TDP25-ST6-47.jpg\",\"articleSection\":[\"News en\"],\"inLanguage\":\"en-US\"},{\"@type\":\"WebPage\",\"@id\":\"https:\/\/www.tourdepologne.pl\/en\/2025\/08\/victor-langellotti-z-pierwszym-zwyciestwem-w-uci-worldtour-i-koszulka-lidera-klasyfikacji-generalnej-orlen\/\",\"url\":\"https:\/\/www.tourdepologne.pl\/en\/2025\/08\/victor-langellotti-z-pierwszym-zwyciestwem-w-uci-worldtour-i-koszulka-lidera-klasyfikacji-generalnej-orlen\/\",\"name\":\"Victor Langellotti takes first UCI WorldTour win and claims ORLEN General Classification lead - Tour de Pologne\",\"isPartOf\":{\"@id\":\"https:\/\/www.tourdepologne.pl\/#website\"},\"primaryImageOfPage\":{\"@id\":\"https:\/\/www.tourdepologne.pl\/en\/2025\/08\/victor-langellotti-z-pierwszym-zwyciestwem-w-uci-worldtour-i-koszulka-lidera-klasyfikacji-generalnej-orlen\/#primaryimage\"},\"image\":{\"@id\":\"https:\/\/www.tourdepologne.pl\/en\/2025\/08\/victor-langellotti-z-pierwszym-zwyciestwem-w-uci-worldtour-i-koszulka-lidera-klasyfikacji-generalnej-orlen\/#primaryimage\"},\"thumbnailUrl\":\"https:\/\/www.tourdepologne.pl\/wp-content\/uploads\/2025\/08\/TDP25-ST6-47.jpg\",\"datePublished\":\"2025-08-09T15:39:40+00:00\",\"dateModified\":\"2025-08-10T09:23:52+00:00\",\"breadcrumb\":{\"@id\":\"https:\/\/www.tourdepologne.pl\/en\/2025\/08\/victor-langellotti-z-pierwszym-zwyciestwem-w-uci-worldtour-i-koszulka-lidera-klasyfikacji-generalnej-orlen\/#breadcrumb\"},\"inLanguage\":\"en-US\",\"potentialAction\":[{\"@type\":\"ReadAction\",\"target\":[\"https:\/\/www.tourdepologne.pl\/en\/2025\/08\/victor-langellotti-z-pierwszym-zwyciestwem-w-uci-worldtour-i-koszulka-lidera-klasyfikacji-generalnej-orlen\/\"]}]},{\"@type\":\"ImageObject\",\"inLanguage\":\"en-US\",\"@id\":\"https:\/\/www.tourdepologne.pl\/en\/2025\/08\/victor-langellotti-z-pierwszym-zwyciestwem-w-uci-worldtour-i-koszulka-lidera-klasyfikacji-generalnej-orlen\/#primaryimage\",\"url\":\"https:\/\/www.tourdepologne.pl\/wp-content\/uploads\/2025\/08\/TDP25-ST6-47.jpg\",\"contentUrl\":\"https:\/\/www.tourdepologne.pl\/wp-content\/uploads\/2025\/08\/TDP25-ST6-47.jpg\",\"width\":1280,\"height\":853},{\"@type\":\"BreadcrumbList\",\"@id\":\"https:\/\/www.tourdepologne.pl\/en\/2025\/08\/victor-langellotti-z-pierwszym-zwyciestwem-w-uci-worldtour-i-koszulka-lidera-klasyfikacji-generalnej-orlen\/#breadcrumb\",\"itemListElement\":[{\"@type\":\"ListItem\",\"position\":1,\"name\":\"Strona g\u0142\u00f3wna\",\"item\":\"https:\/\/www.tourdepologne.pl\/en\/\"},{\"@type\":\"ListItem\",\"position\":2,\"name\":\"Victor Langellotti takes first UCI WorldTour win and claims ORLEN General Classification lead\"}]},{\"@type\":\"WebSite\",\"@id\":\"https:\/\/www.tourdepologne.pl\/#website\",\"url\":\"https:\/\/www.tourdepologne.pl\/\",\"name\":\"Tour de Pologne\",\"description\":\"\",\"publisher\":{\"@id\":\"https:\/\/www.tourdepologne.pl\/#organization\"},\"potentialAction\":[{\"@type\":\"SearchAction\",\"target\":{\"@type\":\"EntryPoint\",\"urlTemplate\":\"https:\/\/www.tourdepologne.pl\/?s={search_term_string}\"},\"query-input\":{\"@type\":\"PropertyValueSpecification\",\"valueRequired\":true,\"valueName\":\"search_term_string\"}}],\"inLanguage\":\"en-US\"},{\"@type\":\"Organization\",\"@id\":\"https:\/\/www.tourdepologne.pl\/#organization\",\"name\":\"Wy\u015bcig kolarski Tour de Pologne\",\"url\":\"https:\/\/www.tourdepologne.pl\/\",\"logo\":{\"@type\":\"ImageObject\",\"inLanguage\":\"en-US\",\"@id\":\"https:\/\/www.tourdepologne.pl\/#\/schema\/logo\/image\/\",\"url\":\"https:\/\/www.tourdepologne.pl\/wp-content\/uploads\/2019\/06\/logo-tdp.png\",\"contentUrl\":\"https:\/\/www.tourdepologne.pl\/wp-content\/uploads\/2019\/06\/logo-tdp.png\",\"width\":450,\"height\":52,\"caption\":\"Wy\u015bcig kolarski Tour de Pologne\"},\"image\":{\"@id\":\"https:\/\/www.tourdepologne.pl\/#\/schema\/logo\/image\/\"},\"sameAs\":[\"https:\/\/www.facebook.com\/tourdepologne\",\"https:\/\/x.com\/tour_de_pologne\",\"https:\/\/www.instagram.com\/tourdepologne\/\",\"https:\/\/www.youtube.com\/@TourdePologne2011\"]},{\"@type\":\"Person\",\"@id\":\"https:\/\/www.tourdepologne.pl\/#\/schema\/person\/f4fe67774ed888efd15b2ce6e2c8ba8e\",\"name\":\"Press\",\"image\":{\"@type\":\"ImageObject\",\"inLanguage\":\"en-US\",\"@id\":\"https:\/\/secure.gravatar.com\/avatar\/df62f2f515b6857a7626e7d733ea81e452163a8e46d8c1787c083c5dd0ee42df?s=96&d=mm&r=g\",\"url\":\"https:\/\/secure.gravatar.com\/avatar\/df62f2f515b6857a7626e7d733ea81e452163a8e46d8c1787c083c5dd0ee42df?s=96&d=mm&r=g\",\"contentUrl\":\"https:\/\/secure.gravatar.com\/avatar\/df62f2f515b6857a7626e7d733ea81e452163a8e46d8c1787c083c5dd0ee42df?s=96&d=mm&r=g\",\"caption\":\"Press\"},\"url\":\"https:\/\/www.tourdepologne.pl\/en\/author\/press\/\"}]}<\/script>\n<!-- \/ Yoast SEO plugin. -->","yoast_head_json":{"title":"Victor Langellotti takes first UCI WorldTour win and claims ORLEN General Classification lead - Tour de Pologne","robots":{"index":"index","follow":"follow","max-snippet":"max-snippet:-1","max-image-preview":"max-image-preview:large","max-video-preview":"max-video-preview:-1"},"canonical":"https:\/\/www.tourdepologne.pl\/en\/2025\/08\/victor-langellotti-z-pierwszym-zwyciestwem-w-uci-worldtour-i-koszulka-lidera-klasyfikacji-generalnej-orlen\/","og_locale":"en_US","og_type":"article","og_title":"Victor Langellotti takes first UCI WorldTour win and claims ORLEN General Classification lead - Tour de Pologne","og_description":"Fans were treated to huge excitement in the 82nd Tour de Pologne UCI WorldTour. All signs pointed to Brandon McNulty &hellip;","og_url":"https:\/\/www.tourdepologne.pl\/en\/2025\/08\/victor-langellotti-z-pierwszym-zwyciestwem-w-uci-worldtour-i-koszulka-lidera-klasyfikacji-generalnej-orlen\/","og_site_name":"Tour de Pologne","article_publisher":"https:\/\/www.facebook.com\/tourdepologne","article_published_time":"2025-08-09T15:39:40+00:00","article_modified_time":"2025-08-10T09:23:52+00:00","og_image":[{"width":1280,"height":853,"url":"https:\/\/www.tourdepologne.pl\/wp-content\/uploads\/2025\/08\/TDP25-ST6-47.jpg","type":"image\/jpeg"}],"author":"Press","twitter_card":"summary_large_image","twitter_creator":"@tour_de_pologne","twitter_site":"@tour_de_pologne","twitter_misc":{"Written by":"Press","Est. reading time":"8 minutes"},"schema":{"@context":"https:\/\/schema.org","@graph":[{"@type":"Article","@id":"https:\/\/www.tourdepologne.pl\/en\/2025\/08\/victor-langellotti-z-pierwszym-zwyciestwem-w-uci-worldtour-i-koszulka-lidera-klasyfikacji-generalnej-orlen\/#article","isPartOf":{"@id":"https:\/\/www.tourdepologne.pl\/en\/2025\/08\/victor-langellotti-z-pierwszym-zwyciestwem-w-uci-worldtour-i-koszulka-lidera-klasyfikacji-generalnej-orlen\/"},"author":{"name":"Press","@id":"https:\/\/www.tourdepologne.pl\/#\/schema\/person\/f4fe67774ed888efd15b2ce6e2c8ba8e"},"headline":"Victor Langellotti takes first UCI WorldTour win and claims ORLEN General Classification lead","datePublished":"2025-08-09T15:39:40+00:00","dateModified":"2025-08-10T09:23:52+00:00","mainEntityOfPage":{"@id":"https:\/\/www.tourdepologne.pl\/en\/2025\/08\/victor-langellotti-z-pierwszym-zwyciestwem-w-uci-worldtour-i-koszulka-lidera-klasyfikacji-generalnej-orlen\/"},"wordCount":1209,"publisher":{"@id":"https:\/\/www.tourdepologne.pl\/#organization"},"image":{"@id":"https:\/\/www.tourdepologne.pl\/en\/2025\/08\/victor-langellotti-z-pierwszym-zwyciestwem-w-uci-worldtour-i-koszulka-lidera-klasyfikacji-generalnej-orlen\/#primaryimage"},"thumbnailUrl":"https:\/\/www.tourdepologne.pl\/wp-content\/uploads\/2025\/08\/TDP25-ST6-47.jpg","articleSection":["News en"],"inLanguage":"en-US"},{"@type":"WebPage","@id":"https:\/\/www.tourdepologne.pl\/en\/2025\/08\/victor-langellotti-z-pierwszym-zwyciestwem-w-uci-worldtour-i-koszulka-lidera-klasyfikacji-generalnej-orlen\/","url":"https:\/\/www.tourdepologne.pl\/en\/2025\/08\/victor-langellotti-z-pierwszym-zwyciestwem-w-uci-worldtour-i-koszulka-lidera-klasyfikacji-generalnej-orlen\/","name":"Victor Langellotti takes first UCI WorldTour win and claims ORLEN General Classification lead - Tour de Pologne","isPartOf":{"@id":"https:\/\/www.tourdepologne.pl\/#website"},"primaryImageOfPage":{"@id":"https:\/\/www.tourdepologne.pl\/en\/2025\/08\/victor-langellotti-z-pierwszym-zwyciestwem-w-uci-worldtour-i-koszulka-lidera-klasyfikacji-generalnej-orlen\/#primaryimage"},"image":{"@id":"https:\/\/www.tourdepologne.pl\/en\/2025\/08\/victor-langellotti-z-pierwszym-zwyciestwem-w-uci-worldtour-i-koszulka-lidera-klasyfikacji-generalnej-orlen\/#primaryimage"},"thumbnailUrl":"https:\/\/www.tourdepologne.pl\/wp-content\/uploads\/2025\/08\/TDP25-ST6-47.jpg","datePublished":"2025-08-09T15:39:40+00:00","dateModified":"2025-08-10T09:23:52+00:00","breadcrumb":{"@id":"https:\/\/www.tourdepologne.pl\/en\/2025\/08\/victor-langellotti-z-pierwszym-zwyciestwem-w-uci-worldtour-i-koszulka-lidera-klasyfikacji-generalnej-orlen\/#breadcrumb"},"inLanguage":"en-US","potentialAction":[{"@type":"ReadAction","target":["https:\/\/www.tourdepologne.pl\/en\/2025\/08\/victor-langellotti-z-pierwszym-zwyciestwem-w-uci-worldtour-i-koszulka-lidera-klasyfikacji-generalnej-orlen\/"]}]},{"@type":"ImageObject","inLanguage":"en-US","@id":"https:\/\/www.tourdepologne.pl\/en\/2025\/08\/victor-langellotti-z-pierwszym-zwyciestwem-w-uci-worldtour-i-koszulka-lidera-klasyfikacji-generalnej-orlen\/#primaryimage","url":"https:\/\/www.tourdepologne.pl\/wp-content\/uploads\/2025\/08\/TDP25-ST6-47.jpg","contentUrl":"https:\/\/www.tourdepologne.pl\/wp-content\/uploads\/2025\/08\/TDP25-ST6-47.jpg","width":1280,"height":853},{"@type":"BreadcrumbList","@id":"https:\/\/www.tourdepologne.pl\/en\/2025\/08\/victor-langellotti-z-pierwszym-zwyciestwem-w-uci-worldtour-i-koszulka-lidera-klasyfikacji-generalnej-orlen\/#breadcrumb","itemListElement":[{"@type":"ListItem","position":1,"name":"Strona g\u0142\u00f3wna","item":"https:\/\/www.tourdepologne.pl\/en\/"},{"@type":"ListItem","position":2,"name":"Victor Langellotti takes first UCI WorldTour win and claims ORLEN General Classification lead"}]},{"@type":"WebSite","@id":"https:\/\/www.tourdepologne.pl\/#website","url":"https:\/\/www.tourdepologne.pl\/","name":"Tour de Pologne","description":"","publisher":{"@id":"https:\/\/www.tourdepologne.pl\/#organization"},"potentialAction":[{"@type":"SearchAction","target":{"@type":"EntryPoint","urlTemplate":"https:\/\/www.tourdepologne.pl\/?s={search_term_string}"},"query-input":{"@type":"PropertyValueSpecification","valueRequired":true,"valueName":"search_term_string"}}],"inLanguage":"en-US"},{"@type":"Organization","@id":"https:\/\/www.tourdepologne.pl\/#organization","name":"Wy\u015bcig kolarski Tour de Pologne","url":"https:\/\/www.tourdepologne.pl\/","logo":{"@type":"ImageObject","inLanguage":"en-US","@id":"https:\/\/www.tourdepologne.pl\/#\/schema\/logo\/image\/","url":"https:\/\/www.tourdepologne.pl\/wp-content\/uploads\/2019\/06\/logo-tdp.png","contentUrl":"https:\/\/www.tourdepologne.pl\/wp-content\/uploads\/2019\/06\/logo-tdp.png","width":450,"height":52,"caption":"Wy\u015bcig kolarski Tour de Pologne"},"image":{"@id":"https:\/\/www.tourdepologne.pl\/#\/schema\/logo\/image\/"},"sameAs":["https:\/\/www.facebook.com\/tourdepologne","https:\/\/x.com\/tour_de_pologne","https:\/\/www.instagram.com\/tourdepologne\/","https:\/\/www.youtube.com\/@TourdePologne2011"]},{"@type":"Person","@id":"https:\/\/www.tourdepologne.pl\/#\/schema\/person\/f4fe67774ed888efd15b2ce6e2c8ba8e","name":"Press","image":{"@type":"ImageObject","inLanguage":"en-US","@id":"https:\/\/secure.gravatar.com\/avatar\/df62f2f515b6857a7626e7d733ea81e452163a8e46d8c1787c083c5dd0ee42df?s=96&d=mm&r=g","url":"https:\/\/secure.gravatar.com\/avatar\/df62f2f515b6857a7626e7d733ea81e452163a8e46d8c1787c083c5dd0ee42df?s=96&d=mm&r=g","contentUrl":"https:\/\/secure.gravatar.com\/avatar\/df62f2f515b6857a7626e7d733ea81e452163a8e46d8c1787c083c5dd0ee42df?s=96&d=mm&r=g","caption":"Press"},"url":"https:\/\/www.tourdepologne.pl\/en\/author\/press\/"}]}},"_links":{"self":[{"href":"https:\/\/www.tourdepologne.pl\/en\/wp-json\/wp\/v2\/posts\/41172","targetHints":{"allow":["GET"]}}],"collection":[{"href":"https:\/\/www.tourdepologne.pl\/en\/wp-json\/wp\/v2\/posts"}],"about":[{"href":"https:\/\/www.tourdepologne.pl\/en\/wp-json\/wp\/v2\/types\/post"}],"author":[{"embeddable":true,"href":"https:\/\/www.tourdepologne.pl\/en\/wp-json\/wp\/v2\/users\/6"}],"replies":[{"embeddable":true,"href":"https:\/\/www.tourdepologne.pl\/en\/wp-json\/wp\/v2\/comments?post=41172"}],"version-history":[{"count":4,"href":"https:\/\/www.tourdepologne.pl\/en\/wp-json\/wp\/v2\/posts\/41172\/revisions"}],"predecessor-version":[{"id":41181,"href":"https:\/\/www.tourdepologne.pl\/en\/wp-json\/wp\/v2\/posts\/41172\/revisions\/41181"}],"wp:featuredmedia":[{"embeddable":true,"href":"https:\/\/www.tourdepologne.pl\/en\/wp-json\/wp\/v2\/media\/41182"}],"wp:attachment":[{"href":"https:\/\/www.tourdepologne.pl\/en\/wp-json\/wp\/v2\/media?parent=41172"}],"wp:term":[{"taxonomy":"category","embeddable":true,"href":"https:\/\/www.tourdepologne.pl\/en\/wp-json\/wp\/v2\/categories?post=41172"},{"taxonomy":"post_tag","embeddable":true,"href":"https:\/\/www.tourdepologne.pl\/en\/wp-json\/wp\/v2\/tags?post=41172"}],"curies":[{"name":"wp","href":"https:\/\/api.w.org\/{rel}","templated":true}]}}